{"id":4357,"date":"2023-04-10T14:11:00","date_gmt":"2023-04-10T17:11:00","guid":{"rendered":"https:\/\/revistahubclub.com.br\/portal\/?p=4357"},"modified":"2024-12-17T14:12:05","modified_gmt":"2024-12-17T17:12:05","slug":"regiao-do-cerrado-mineiro-estara-presente-no-encoffee-2023","status":"publish","type":"post","link":"https:\/\/revistahubclub.com.br\/portal\/2023\/04\/10\/regiao-do-cerrado-mineiro-estara-presente-no-encoffee-2023\/","title":{"rendered":"Regi\u00e3o do Cerrado Mineiro estar\u00e1 presente no Encoffee 2023"},"content":{"rendered":"\n<p id=\"viewer-b88m9\"><em>Encontro de Gest\u00e3o dos Cafeicultores acontece em Uberl\u00e2ndia, Minas Gerais<\/em><\/p>\n\n\n\n<p id=\"viewer-1es2g\">A Federa\u00e7\u00e3o dos Cafeicultores do Cerrado estar\u00e1 presente em mais uma edi\u00e7\u00e3o do Encontro de Gest\u00e3o dos Cafeicultores (Encoffee), que acontece nos dias 11 e 12 de abril, no Pal\u00e1cio de Cristal, em Uberl\u00e2ndia (MG).<\/p>\n\n\n\n<p id=\"viewer-55m16\">O Encoffee \u00e9 um evento completo sobre a cafeicultura nacional e internacional, e nesta edi\u00e7\u00e3o contar\u00e1 com a presen\u00e7a de analistas de mercado, representantes de cooperativas e economistas que ir\u00e3o ministrar palestras e pain\u00e9is sobre temas como o mercado internacional do gr\u00e3o, a cafeicultura 4.0, a denomina\u00e7\u00e3o de origem como diferencial, novas tecnologias na cafeicultura, al\u00e9m das tend\u00eancias de consumo no Brasil e no mundo e o cen\u00e1rio econ\u00f4mico p\u00f3s-pandemia.<\/p>\n\n\n\n<p id=\"viewer-bgtjo\">No dia 11, primeiro dia do encontro, a cafeicultora Juliana Resende Mello, embaixadora da Regi\u00e3o do Cerrado Mineiro participar\u00e1 do painel Desafios de planejar e gerir a lavoura e o diretor superintendente da Cooperativa dos Cafeicultores do Cerrado (Expocaccer), Sim\u00e3o Pedro de Lima ser\u00e1 um dos integrantes do painel P\u00f3s colheita do caf\u00e9: tend\u00eancias e perspectivas para o caf\u00e9 de qualidade.<\/p>\n\n\n\n<p id=\"viewer-8crbu\">J\u00e1 no dia 12 de abril, \u00e0s 10h, o superintendente Agr\u00edcola da Cooperativa Agropecu\u00e1ria do Alto Parana\u00edba (Coopadap), Guto Magalh\u00e3es participar\u00e1 do painel Gest\u00e3o de risco: a venda do caf\u00e9. No per\u00edodo da tarde, \u00e0s 15h20, o superintendente da Federa\u00e7\u00e3o dos Cafeicultores do Cerrado, Juliano Tarabal; a CEO da Auma Neg\u00f3cios e embaixadora da Regi\u00e3o do Cerrado Mineiro, Lucimar Silva e o cafeicultor e tamb\u00e9m embaixador da RCM, Marcelo Urtado participam do painel Desafios da Cafeicultura.<\/p>\n","protected":false},"excerpt":{"rendered":"<p>Encontro de Gest\u00e3o dos Cafeicultores acontece em Uberl\u00e2ndia, Minas Gerais A Federa\u00e7\u00e3o dos Cafeicultores do Cerrado estar\u00e1 presente em mais uma edi\u00e7\u00e3o do Encontro de Gest\u00e3o dos Cafeicultores (Encoffee), que<\/p>\n","protected":false},"author":1,"featured_media":4358,"comment_status":"open","ping_status":"open","sticky":false,"template":"","format":"standard","meta":{"footnotes":""},"categories":[1],"tags":[],"class_list":["post-4357","post","type-post","status-publish","format-standard","has-post-thumbnail","hentry","category-noticias"],"_links":{"self":[{"href":"https:\/\/revistahubclub.com.br\/portal\/wp-json\/wp\/v2\/posts\/4357","targetHints":{"allow":["GET"]}}],"collection":[{"href":"https:\/\/revistahubclub.com.br\/portal\/wp-json\/wp\/v2\/posts"}],"about":[{"href":"https:\/\/revistahubclub.com.br\/portal\/wp-json\/wp\/v2\/types\/post"}],"author":[{"embeddable":true,"href":"https:\/\/revistahubclub.com.br\/portal\/wp-json\/wp\/v2\/users\/1"}],"replies":[{"embeddable":true,"href":"https:\/\/revistahubclub.com.br\/portal\/wp-json\/wp\/v2\/comments?post=4357"}],"version-history":[{"count":1,"href":"https:\/\/revistahubclub.com.br\/portal\/wp-json\/wp\/v2\/posts\/4357\/revisions"}],"predecessor-version":[{"id":4359,"href":"https:\/\/revistahubclub.com.br\/portal\/wp-json\/wp\/v2\/posts\/4357\/revisions\/4359"}],"wp:featuredmedia":[{"embeddable":true,"href":"https:\/\/revistahubclub.com.br\/portal\/wp-json\/wp\/v2\/media\/4358"}],"wp:attachment":[{"href":"https:\/\/revistahubclub.com.br\/portal\/wp-json\/wp\/v2\/media?parent=4357"}],"wp:term":[{"taxonomy":"category","embeddable":true,"href":"https:\/\/revistahubclub.com.br\/portal\/wp-json\/wp\/v2\/categories?post=4357"},{"taxonomy":"post_tag","embeddable":true,"href":"https:\/\/revistahubclub.com.br\/portal\/wp-json\/wp\/v2\/tags?post=4357"}],"curies":[{"name":"wp","href":"https:\/\/api.w.org\/{rel}","templated":true}]}}