{"id":4406,"date":"2023-03-31T14:19:00","date_gmt":"2023-03-31T17:19:00","guid":{"rendered":"https:\/\/revistahubclub.com.br\/portal\/?p=4406"},"modified":"2024-12-17T14:20:23","modified_gmt":"2024-12-17T17:20:23","slug":"paixao-pela-cafeicultura-mulheres-da-regiao-do-cerrado-mineiro-fazem-a-diferenca-na-producao","status":"publish","type":"post","link":"https:\/\/revistahubclub.com.br\/portal\/2023\/03\/31\/paixao-pela-cafeicultura-mulheres-da-regiao-do-cerrado-mineiro-fazem-a-diferenca-na-producao\/","title":{"rendered":"Paix\u00e3o pela cafeicultura: mulheres da Regi\u00e3o do Cerrado Mineiro fazem a diferen\u00e7a na produ\u00e7\u00e3o"},"content":{"rendered":"\n<p id=\"viewer-286kb\">O Brasil segue na lideran\u00e7a do ranking como o maior exportador e produtor de caf\u00e9 do mundo. No ano passado, a produ\u00e7\u00e3o fechou a safra com um volume de 50,92 milh\u00f5es de sacas de caf\u00e9 beneficiado, 6,7% acima do registrado em 2021. E a participa\u00e7\u00e3o das mulheres tem sido fundamental para este resultado positivo.<\/p>\n\n\n\n<p id=\"viewer-fou25\">O \u00faltimo Censo Agropecu\u00e1rio realizado pelo Instituto Brasileiro de Geografia e Estat\u00edstica (IBGE) mostrou que elas est\u00e3o no comando de 40 mil estabelecimentos ligados ao plantio e colheita do caf\u00e9. Em um ambiente considerado masculino, elas t\u00eam se destacado cada vez mais na lideran\u00e7a, inova\u00e7\u00e3o e sustentabilidade, assumindo o protagonismo da produ\u00e7\u00e3o e dos neg\u00f3cios, desde o plantio at\u00e9 a venda do produto.<\/p>\n\n\n\n<p id=\"viewer-dq90c\">Exemplos de sucesso da mulher na cafeicultura podem ser vistos na Regi\u00e3o do Cerrado Mineiro, que no ano passado atingiu a marca de 1 milh\u00e3o de sacas comercializadas com o Selo de Denomina\u00e7\u00e3o de Origem. A \u00e1rea abrange 55 munic\u00edpios no Alto Parana\u00edba, Tri\u00e2ngulo Mineiro e Noroeste de Minas.<\/p>\n\n\n\n<p id=\"viewer-31huk\"><strong>Inspira\u00e7\u00e3o<\/strong> Nesta regi\u00e3o, tr\u00eas cafeicultoras se destacam no comando das suas propriedades e tamb\u00e9m como Embaixadoras da Regi\u00e3o do Cerrado Mineiro. Hist\u00f3rias diferentes que se conectam a uma paix\u00e3o em comum: o caf\u00e9. Com seu trabalho, elas expressam o respeito e o cuidado com a Regi\u00e3o e seguem inspirando e motivando outras pessoas a crescerem por meio de sua pr\u00f3pria trajet\u00f3ria na cafeicultura.<\/p>\n\n\n\n<p id=\"viewer-90d6b\">Vinda de fam\u00edlia de produtores, Ana Cec\u00edlia Veloso Branco, propriet\u00e1ria da fazenda S\u00e3o Luiz, em Carmo do Parana\u00edba, \u00e9 uma delas. Ela conta que at\u00e9 2013 n\u00e3o havia despertado sobre o universo de possibilidades que o caf\u00e9 poderia lhe proporcionar. Tudo mudou quando assumiu o desafio de uma sucess\u00e3o familiar. Atualmente, Ana Cec\u00edlia participa ativamente dos neg\u00f3cios. Para ela, a compreens\u00e3o da import\u00e2ncia da Denomina\u00e7\u00e3o de Origem e da marca Regi\u00e3o do Cerrado Mineiro fez com que a evolu\u00e7\u00e3o da propriedade mudasse de patamar. &#8220;Ser mulher e cafeicultora na regi\u00e3o \u00e9 sin\u00f4nimo de apoio, evolu\u00e7\u00e3o e crescimento conjunto&#8221;, acrescenta.<\/p>\n\n\n\n<p id=\"viewer-rfm4\">Outra cafeicultora que percorreu caminhos diversos at\u00e9 se render \u00e0 paix\u00e3o pela produ\u00e7\u00e3o do caf\u00e9 foi Juliana Rezende. Farmac\u00eautica de forma\u00e7\u00e3o, seguiu na profiss\u00e3o at\u00e9 que come\u00e7ou a auxiliar o marido cafeicultor. Foi, ent\u00e3o, que trocou o jaleco pelo campo. Assumiu um novo papel na Fazenda Santa B\u00e1rbara, em Monte Carmelo, investindo em uma produ\u00e7\u00e3o sustent\u00e1vel. Em 2021, foi vencedora do trof\u00e9u \u00c9tico e Rastre\u00e1vel, promovido pela Federa\u00e7\u00e3o dos Cafeicultores do Cerrado Mineiro. Como mulher e produtora, ela destaca que o apoio \u00e0 classe tem despontado nas propriedades. &#8220;As mulheres sempre estiveram no setor, a diferen\u00e7a \u00e9 que agora possuem mais for\u00e7a, voz e posicionamento, buscam qualidade e tem papel mais amplo na gest\u00e3o das fazendas&#8221;, destaca.<\/p>\n\n\n\n<p id=\"viewer-a1ivu\">A hist\u00f3ria de Lucimar Silva com a cafeicultura come\u00e7ou mais cedo. Diretora agr\u00edcola da Auma Agroneg\u00f3cios, em Patos de Minas, ela conta que iniciou ao lado da m\u00e3e, aos 14 anos, na colheita e ressalta a import\u00e2ncia de aliar produtividade \u00e0 sustentabilidade. &#8220;O novo modelo de consumo n\u00e3o busca apenas o produto e seus atributos, mas sim toda a responsabilidade social e ambiental fundamentada pelo pilar econ\u00f4mico&#8221;, afirma.<\/p>\n\n\n\n<p id=\"viewer-fotif\">A hist\u00f3ria destas tr\u00eas produtoras e de tantas outras espalhadas pelo pa\u00eds \u00e9 a prova de que a cafeicultura baseada na gest\u00e3o da propriedade com foco na sustentabilidade, independentemente do g\u00eanero, \u00e9 o caminho certo para o sucesso do caf\u00e9 brasileiro.<\/p>\n","protected":false},"excerpt":{"rendered":"<p>O Brasil segue na lideran\u00e7a do ranking como o maior exportador e produtor de caf\u00e9 do mundo. No ano passado, a produ\u00e7\u00e3o fechou a safra com um volume de 50,92<\/p>\n","protected":false},"author":1,"featured_media":4407,"comment_status":"open","ping_status":"open","sticky":false,"template":"","format":"standard","meta":{"footnotes":""},"categories":[1],"tags":[],"class_list":["post-4406","post","type-post","status-publish","format-standard","has-post-thumbnail","hentry","category-noticias"],"_links":{"self":[{"href":"https:\/\/revistahubclub.com.br\/portal\/wp-json\/wp\/v2\/posts\/4406","targetHints":{"allow":["GET"]}}],"collection":[{"href":"https:\/\/revistahubclub.com.br\/portal\/wp-json\/wp\/v2\/posts"}],"about":[{"href":"https:\/\/revistahubclub.com.br\/portal\/wp-json\/wp\/v2\/types\/post"}],"author":[{"embeddable":true,"href":"https:\/\/revistahubclub.com.br\/portal\/wp-json\/wp\/v2\/users\/1"}],"replies":[{"embeddable":true,"href":"https:\/\/revistahubclub.com.br\/portal\/wp-json\/wp\/v2\/comments?post=4406"}],"version-history":[{"count":1,"href":"https:\/\/revistahubclub.com.br\/portal\/wp-json\/wp\/v2\/posts\/4406\/revisions"}],"predecessor-version":[{"id":4408,"href":"https:\/\/revistahubclub.com.br\/portal\/wp-json\/wp\/v2\/posts\/4406\/revisions\/4408"}],"wp:featuredmedia":[{"embeddable":true,"href":"https:\/\/revistahubclub.com.br\/portal\/wp-json\/wp\/v2\/media\/4407"}],"wp:attachment":[{"href":"https:\/\/revistahubclub.com.br\/portal\/wp-json\/wp\/v2\/media?parent=4406"}],"wp:term":[{"taxonomy":"category","embeddable":true,"href":"https:\/\/revistahubclub.com.br\/portal\/wp-json\/wp\/v2\/categories?post=4406"},{"taxonomy":"post_tag","embeddable":true,"href":"https:\/\/revistahubclub.com.br\/portal\/wp-json\/wp\/v2\/tags?post=4406"}],"curies":[{"name":"wp","href":"https:\/\/api.w.org\/{rel}","templated":true}]}}