{"id":444,"date":"2024-10-16T15:41:47","date_gmt":"2024-10-16T18:41:47","guid":{"rendered":"https:\/\/revistahubclub.com.br\/portal\/?p=444"},"modified":"2024-12-11T15:42:20","modified_gmt":"2024-12-11T18:42:20","slug":"uberlandia-shopping-recebe-festival-sabores-do-cerrado-uma-celebracao-da-cultura-e-da-gastronomia-mineira","status":"publish","type":"post","link":"https:\/\/revistahubclub.com.br\/portal\/2024\/10\/16\/uberlandia-shopping-recebe-festival-sabores-do-cerrado-uma-celebracao-da-cultura-e-da-gastronomia-mineira\/","title":{"rendered":"Uberl\u00e2ndia Shopping recebe Festival Sabores do Cerrado, uma celebra\u00e7\u00e3o da cultura e da gastronomia mineira"},"content":{"rendered":"\n<p id=\"viewer-hxgkf1281\"><em>Evento enaltece a culin\u00e1ria do Cerrado, fortalece o turismo e a economia de Uberl\u00e2ndia e cidades da regi\u00e3o<\/em><strong><em>&nbsp;<\/em><\/strong><\/p>\n\n\n\n<p id=\"viewer-wdgnm1285\">&nbsp;<\/p>\n\n\n\n<p id=\"viewer-ld76q1287\">Nos dias 18, 19 e 20 de outubro de 2024, o estacionamento do Uberl\u00e2ndia Shopping ser\u00e1 palco do Festival Sabores do Cerrado, celebra\u00e7\u00e3o gastron\u00f4mica e cultural que reunir\u00e1 o melhor da culin\u00e1ria de Minas Gerais, promovendo a tradi\u00e7\u00e3o, a inova\u00e7\u00e3o e o turismo regional. O festival tem o objetivo de enaltecer gastronomia da regi\u00e3o do Tri\u00e2ngulo Mineiro, Alto Parana\u00edba e Pontal, e&nbsp;est\u00e1 alinhado ao Plano Cozinha Mineira, que integra o Programa Estadual de Desenvolvimento da Gastronomia Mineira (PEGM).<\/p>\n\n\n\n<p id=\"viewer-q8gnz1289\">&nbsp;<\/p>\n\n\n\n<p id=\"viewer-fqayk1291\">O evento contar\u00e1 com a participa\u00e7\u00e3o de estabelecimentos de Uberl\u00e2ndia e cidades da regi\u00e3o, que ir\u00e3o oferecer pratos que representam a diversidade e a riqueza da culin\u00e1ria do Cerrado mineiro, proporcionando uma verdadeira viagem gastron\u00f4mica aos visitantes. Al\u00e9m disso, haver\u00e1 revendedores de vinho, uma feira de pequenos produtores selecionados pela Empresa de Assist\u00eancia T\u00e9cnica e Extens\u00e3o Rural do Estado de Minas Gerais (Emater\/Regional Uberl\u00e2ndia), degusta\u00e7\u00f5es, oficinas e workshops destacando os sabores aut\u00eanticos e artesanais da regi\u00e3o.<\/p>\n\n\n\n<p id=\"viewer-aekcc1293\">&nbsp;<\/p>\n\n\n\n<p id=\"viewer-vncqv1295\">La\u00edza Carvalho, gerente de Marketing do Uberl\u00e2ndia Shopping acredita que a gastronomia \u00e9 uma forma poderosa de conectar as pessoas e valorizar a cultura. \u201cEstamos sempre de portas abertas para eventos como este. \u00c9 uma oportunidade de levarmos aos nossos visitantes mais sobre a identidade regional,&nbsp;saboreando a gastronomia rica do Cerrado\u201d, conta.<\/p>\n\n\n\n<p id=\"viewer-pf3cs1297\">&nbsp;<\/p>\n\n\n\n<p id=\"viewer-uxk6c1299\">O projeto Cozinha do Cerrado (Festival Sabores do Cerrado) \u00e9 patrocinado pela Companhia Energ\u00e9tica de Minas Gerais (CEMIG), por meio da Lei Estadual de Incentivo \u00e0 Cultura de Minas Gerais. O evento recebe o apoio institucional da Empresa de Assist\u00eancia T\u00e9cnica e Extens\u00e3o Rural do Estado de Minas Gerais (Emater\/Regional Uberl\u00e2ndia) e ABRASEL &#8211; Associa\u00e7\u00e3o Brasileira de Bares e Restaurantes (Regional Tri\u00e2ngulo Mineiro), parceiras na realiza\u00e7\u00e3o de oficinas e palestras, e realiza\u00e7\u00e3o da HPL Produ\u00e7\u00f5es e Eventos e Governo de Minas Gerais \u2014 Governo diferente, Estado Eficiente. O evento tamb\u00e9m conta com o apoio das empresas Cozix, Consigaz, Trebeschi, Coca-Cola, Eisenbahn e Canto de Minas.&nbsp;<\/p>\n\n\n\n<p id=\"viewer-x0wd61301\">&nbsp;<\/p>\n\n\n\n<p id=\"viewer-bg1eh1303\">A entrada \u00e9 gratuita, no entanto a organiza\u00e7\u00e3o do festival incentiva os participantes a doar 1Kg de alimento n\u00e3o perec\u00edvel para o Programa Sesc Mesa Brasil, ou \u00e1gua, \u00e1gua de coco e leite para o Grupo Luta Pela Vida\/Hospital do C\u00e2ncer em Uberl\u00e2ndia (HC UFU\/Ebserh).<\/p>\n\n\n\n<p id=\"viewer-aw66b1305\">&nbsp;<\/p>\n\n\n\n<p id=\"viewer-dx7qj1307\"><strong>&nbsp;<\/strong><\/p>\n\n\n\n<p id=\"viewer-bsxge1309\"><strong>Servi\u00e7o:<\/strong><\/p>\n\n\n\n<p id=\"viewer-ybmm11311\"><strong>Festival Sabores do Cerrado<\/strong><\/p>\n\n\n\n<p id=\"viewer-2kvp31313\"><strong>Data:&nbsp;<\/strong>18, 19 e 20 de outubro de 2024<\/p>\n\n\n\n<p id=\"viewer-7xr381316\"><strong>Hor\u00e1rios:<\/strong>&nbsp;Na sexta-feira (18), das 17h \u00e0s 22h; no s\u00e1bado (19), das 12h \u00e0s 22h; e no domingo (20), das 12h \u00e0s 22h.<\/p>\n\n\n\n<p id=\"viewer-qks0x1319\"><strong>Local:&nbsp;<\/strong>Estacionamento do Uberl\u00e2ndia Shopping<\/p>\n\n\n\n<p id=\"viewer-kpdfd1322\"><strong>Participantes:&nbsp;<\/strong>Restaurantes de Uberl\u00e2ndia, Arax\u00e1, Patos de Minas, Ituiutaba e Uberaba, revendedores de vinho, pequenos produtores, queijos e cacha\u00e7as artesanais<\/p>\n\n\n\n<p id=\"viewer-9vscd1325\"><strong>Atra\u00e7\u00f5es:&nbsp;<\/strong>Shows musicais, degusta\u00e7\u00f5es, cerveja, queijos, cacha\u00e7as e vinhos, oficinas e palestras culin\u00e1rias<\/p>\n\n\n\n<p id=\"viewer-5w1gr1328\"><strong>Patroc\u00ednio:&nbsp;<\/strong>CEMIG e Governo de Minas Gerais<\/p>\n\n\n\n<p id=\"viewer-nxv5n1331\"><strong>Apoio:&nbsp;<\/strong>EMATER e ABRASEL<\/p>\n\n\n\n<p id=\"viewer-0dxuz1334\"><strong>Mais informa\u00e7\u00f5es:&nbsp;<\/strong><a target=\"_blank\" href=\"http:\/\/www.festivalsaboresdocerrado.com\/\" rel=\"noreferrer noopener\">www.festivalsaboresdocerrado.com<\/a><\/p>\n","protected":false},"excerpt":{"rendered":"<p>Evento enaltece a culin\u00e1ria do Cerrado, fortalece o turismo e a economia de Uberl\u00e2ndia e cidades da regi\u00e3o&nbsp; &nbsp; Nos dias 18, 19 e 20 de outubro de 2024, o<\/p>\n","protected":false},"author":1,"featured_media":445,"comment_status":"open","ping_status":"open","sticky":false,"template":"","format":"standard","meta":{"footnotes":""},"categories":[1],"tags":[],"class_list":["post-444","post","type-post","status-publish","format-standard","has-post-thumbnail","hentry","category-noticias"],"_links":{"self":[{"href":"https:\/\/revistahubclub.com.br\/portal\/wp-json\/wp\/v2\/posts\/444","targetHints":{"allow":["GET"]}}],"collection":[{"href":"https:\/\/revistahubclub.com.br\/portal\/wp-json\/wp\/v2\/posts"}],"about":[{"href":"https:\/\/revistahubclub.com.br\/portal\/wp-json\/wp\/v2\/types\/post"}],"author":[{"embeddable":true,"href":"https:\/\/revistahubclub.com.br\/portal\/wp-json\/wp\/v2\/users\/1"}],"replies":[{"embeddable":true,"href":"https:\/\/revistahubclub.com.br\/portal\/wp-json\/wp\/v2\/comments?post=444"}],"version-history":[{"count":1,"href":"https:\/\/revistahubclub.com.br\/portal\/wp-json\/wp\/v2\/posts\/444\/revisions"}],"predecessor-version":[{"id":446,"href":"https:\/\/revistahubclub.com.br\/portal\/wp-json\/wp\/v2\/posts\/444\/revisions\/446"}],"wp:featuredmedia":[{"embeddable":true,"href":"https:\/\/revistahubclub.com.br\/portal\/wp-json\/wp\/v2\/media\/445"}],"wp:attachment":[{"href":"https:\/\/revistahubclub.com.br\/portal\/wp-json\/wp\/v2\/media?parent=444"}],"wp:term":[{"taxonomy":"category","embeddable":true,"href":"https:\/\/revistahubclub.com.br\/portal\/wp-json\/wp\/v2\/categories?post=444"},{"taxonomy":"post_tag","embeddable":true,"href":"https:\/\/revistahubclub.com.br\/portal\/wp-json\/wp\/v2\/tags?post=444"}],"curies":[{"name":"wp","href":"https:\/\/api.w.org\/{rel}","templated":true}]}}