{"id":4445,"date":"2023-03-29T14:23:00","date_gmt":"2023-03-29T17:23:00","guid":{"rendered":"https:\/\/revistahubclub.com.br\/portal\/?p=4445"},"modified":"2024-12-17T14:24:57","modified_gmt":"2024-12-17T17:24:57","slug":"cdl-marca-presenca-na-inauguracao-da-30a-loja-da-rede-supermaxi","status":"publish","type":"post","link":"https:\/\/revistahubclub.com.br\/portal\/2023\/03\/29\/cdl-marca-presenca-na-inauguracao-da-30a-loja-da-rede-supermaxi\/","title":{"rendered":"CDL marca presen\u00e7a na inaugura\u00e7\u00e3o da 30\u00aa loja da Rede Supermaxi"},"content":{"rendered":"\n<p id=\"viewer-53ub9\"><br>O presidente da CDL Uberl\u00e2ndia, C\u00edcero Heraldo Novaes, esteve no coquetel de inaugura\u00e7\u00e3o da 30\u00aa loja da Rede Supermaxi, localizada na avenida Segismundo Pereira, n\u00ba 2.874, bairro Santa M\u00f4nica.<\/p>\n\n\n\n<p id=\"viewer-3tlr7\">A unidade, que recebeu um investimento de 30 milh\u00f5es e gerou mais de 100 empregos diretos, surpreende pela infraestrutura de alto padr\u00e3o e pela variedade no mix de produtos. O supermercado conta com espa\u00e7os planejados para experi\u00eancias diferenciadas, como adega, emp\u00f3rio \u00e1rabe, a\u00e7ougue gourmet, sushi bar e muito mais.<\/p>\n\n\n\n<p id=\"viewer-a6i49\">A instala\u00e7\u00e3o tamb\u00e9m recebe a 62\u00aa loja da Drogalider, rede com mais de 45 anos de atua\u00e7\u00e3o em Uberl\u00e2ndia e regi\u00e3o.<\/p>\n\n\n\n<p id=\"viewer-d0i3e\">\u201cPresenciar a ascens\u00e3o dessas empresas, que s\u00e3o refer\u00eancia no varejo supermercadista e farma \u00e9 muito gratificante, afinal, a CDL s\u00f3 existe, gra\u00e7as ao olhar vision\u00e1rio de empres\u00e1rios que tiveram coragem de se unirem pelo objetivo comum de empreender e transformar dificuldades em oportunidades. Deixo aqui o meu reconhecimento e admira\u00e7\u00e3o e contem com a CDL como parceira em suas trajet\u00f3rias\u201d, declarou o presidente C\u00edcero.<\/p>\n\n\n\n<p id=\"viewer-4oaab\">O supermercado funciona at\u00e9 22h durante a semana e at\u00e9 21h aos fins de semana e feriados.<\/p>\n","protected":false},"excerpt":{"rendered":"<p>O presidente da CDL Uberl\u00e2ndia, C\u00edcero Heraldo Novaes, esteve no coquetel de inaugura\u00e7\u00e3o da 30\u00aa loja da Rede Supermaxi, localizada na avenida Segismundo Pereira, n\u00ba 2.874, bairro Santa M\u00f4nica. A<\/p>\n","protected":false},"author":1,"featured_media":4446,"comment_status":"open","ping_status":"open","sticky":false,"template":"","format":"standard","meta":{"footnotes":""},"categories":[1],"tags":[],"class_list":["post-4445","post","type-post","status-publish","format-standard","has-post-thumbnail","hentry","category-noticias"],"_links":{"self":[{"href":"https:\/\/revistahubclub.com.br\/portal\/wp-json\/wp\/v2\/posts\/4445","targetHints":{"allow":["GET"]}}],"collection":[{"href":"https:\/\/revistahubclub.com.br\/portal\/wp-json\/wp\/v2\/posts"}],"about":[{"href":"https:\/\/revistahubclub.com.br\/portal\/wp-json\/wp\/v2\/types\/post"}],"author":[{"embeddable":true,"href":"https:\/\/revistahubclub.com.br\/portal\/wp-json\/wp\/v2\/users\/1"}],"replies":[{"embeddable":true,"href":"https:\/\/revistahubclub.com.br\/portal\/wp-json\/wp\/v2\/comments?post=4445"}],"version-history":[{"count":1,"href":"https:\/\/revistahubclub.com.br\/portal\/wp-json\/wp\/v2\/posts\/4445\/revisions"}],"predecessor-version":[{"id":4447,"href":"https:\/\/revistahubclub.com.br\/portal\/wp-json\/wp\/v2\/posts\/4445\/revisions\/4447"}],"wp:featuredmedia":[{"embeddable":true,"href":"https:\/\/revistahubclub.com.br\/portal\/wp-json\/wp\/v2\/media\/4446"}],"wp:attachment":[{"href":"https:\/\/revistahubclub.com.br\/portal\/wp-json\/wp\/v2\/media?parent=4445"}],"wp:term":[{"taxonomy":"category","embeddable":true,"href":"https:\/\/revistahubclub.com.br\/portal\/wp-json\/wp\/v2\/categories?post=4445"},{"taxonomy":"post_tag","embeddable":true,"href":"https:\/\/revistahubclub.com.br\/portal\/wp-json\/wp\/v2\/tags?post=4445"}],"curies":[{"name":"wp","href":"https:\/\/api.w.org\/{rel}","templated":true}]}}