{"id":4486,"date":"2023-03-27T14:32:00","date_gmt":"2023-03-27T17:32:00","guid":{"rendered":"https:\/\/revistahubclub.com.br\/portal\/?p=4486"},"modified":"2024-12-17T14:32:41","modified_gmt":"2024-12-17T17:32:41","slug":"feijoada-do-celinho-2023-network-gastronomia-negocios","status":"publish","type":"post","link":"https:\/\/revistahubclub.com.br\/portal\/2023\/03\/27\/feijoada-do-celinho-2023-network-gastronomia-negocios\/","title":{"rendered":"Feijoada do Celinho 2023: network, gastronomia &amp; neg\u00f3cios"},"content":{"rendered":"\n<p id=\"viewer-q04i\">Voc\u00ea com certeza j\u00e1 deve ter ido ou ouvido falar na Feijoada do Celinho! A primeira edi\u00e7\u00e3o ocorreu em maio do ano passado na Parnassus e a segunda est\u00e1 programada para o mesmo m\u00eas no mesmo lugar &#8211; um ambiente agrad\u00e1vel que ter\u00e1 comida e bebidas boa, al\u00e9m de um som espetacular para que seu dia seja cheio de alegria, network e ativa\u00e7\u00e3o de marcas! Em 2022, mais de 500 pessoas participaram e ficou a sensa\u00e7\u00e3o de dever cumprido, por isso, a Hub Canais, M\u00eddia e Network est\u00e1 pronta para mais uma realiza\u00e7\u00e3o!<\/p>\n\n\n\n<ul class=\"wp-block-list\">\n<li><a href=\"https:\/\/www.youtube.com\/watch?v=C6OD6WWP-SA\" target=\"_blank\" rel=\"noreferrer noopener\"><strong><u>VEJA V\u00cdDEO DE COMO FOI A PRIMEIRA EDI\u00c7\u00c3O<\/u><\/strong><\/a><\/li>\n<\/ul>\n\n\n\n<p id=\"viewer-ctsp3\"><strong>Realiza\u00e7\u00e3o<\/strong> A Feijoada do Celinho \u00e9 realizada pelo hub C\u00e9lio Cardoso, que tem 39 anos no mercado de comunica\u00e7\u00e3o e \u00e9 especialista em eventos, com mais de 220 ao longo da carreira &#8211; sempre com foco em relacionamento e neg\u00f3cios. E qual o diferencial do Celinho ? A experi\u00eancia, conex\u00f5es e viv\u00eancias.<\/p>\n\n\n\n<p id=\"viewer-8s9n8\">Atuante no mercado de diversas formas, ele traz a certeza para quem \u00e9 parceiro e\/ou convidado de que o evento \u00e9 altamente organizado e que a sua marca pode ter a seguran\u00e7a de ser vinculada ao sucesso! Por isso, vale muito a pena conferir as contas de patroc\u00ednio e ativar a sua marca! ( <strong><em>VEJA ABAIXO O CONTATO DO CELINHO <\/em><\/strong>)<\/p>\n\n\n\n<p id=\"viewer-73pm7\"><strong>Como ser\u00e1 o evento<\/strong><\/p>\n\n\n\n<p id=\"viewer-d71p9\">S\u00e1bado, 27 de maio, das 13h \u00e0s 18h na Parnassus Eventos &#8211; Rua da Prata, n\u00ba 1703, Ch\u00e1caras Bonanza em Uberl\u00e2ndia (MG).<\/p>\n\n\n\n<p id=\"viewer-3ofcb\">A Feijoada do Celinho ser\u00e1 para 500 convidados, ter\u00e1 som ao vivo de rock, sertanejo, samba e DJ.<\/p>\n\n\n\n<p id=\"viewer-7iuqe\">Haver\u00e1 open food de comida de boteco + feijoada completa tradicional e vegetariana + porco no rolete.<\/p>\n\n\n\n<p id=\"viewer-ak1i4\">E vai ter open beer de cerveja, \u00e1gua, refrigerante e suco. Mas, para quem gosta, ainda vai poder desfrutar de Wine Bar by Vi\u00fava Chic \u00e0 parte e drinks Bar by Drinkologia, tamb\u00e9m \u00e0 parte. E n\u00e3o para por a\u00ed, a organiza\u00e7\u00e3o promete ainda sorteios!! Voc\u00ea n\u00e3o pode perder, ative a sua marca na Feijoada do Celinho!<\/p>\n\n\n\n<ul class=\"wp-block-list\">\n<li><strong><em>Confira os valores especiais de <\/em><\/strong><a href=\"https:\/\/www.hubceliocardoso.com.br\/feijoada\" target=\"_blank\" rel=\"noreferrer noopener\"><strong><em><u>primeiro lote<\/u><\/em><\/strong><\/a><strong><em> \ud83c\udfaf<\/em><\/strong><\/li>\n\n\n\n<li><strong><em>CONTATO PARA COTAS DE PATROC\u00cdNIO &#8211; Celinho (34) 9 9971-3348<\/em><\/strong><\/li>\n<\/ul>\n","protected":false},"excerpt":{"rendered":"<p>Voc\u00ea com certeza j\u00e1 deve ter ido ou ouvido falar na Feijoada do Celinho! A primeira edi\u00e7\u00e3o ocorreu em maio do ano passado na Parnassus e a segunda est\u00e1 programada<\/p>\n","protected":false},"author":1,"featured_media":4487,"comment_status":"open","ping_status":"open","sticky":false,"template":"","format":"standard","meta":{"footnotes":""},"categories":[1],"tags":[],"class_list":["post-4486","post","type-post","status-publish","format-standard","has-post-thumbnail","hentry","category-noticias"],"_links":{"self":[{"href":"https:\/\/revistahubclub.com.br\/portal\/wp-json\/wp\/v2\/posts\/4486","targetHints":{"allow":["GET"]}}],"collection":[{"href":"https:\/\/revistahubclub.com.br\/portal\/wp-json\/wp\/v2\/posts"}],"about":[{"href":"https:\/\/revistahubclub.com.br\/portal\/wp-json\/wp\/v2\/types\/post"}],"author":[{"embeddable":true,"href":"https:\/\/revistahubclub.com.br\/portal\/wp-json\/wp\/v2\/users\/1"}],"replies":[{"embeddable":true,"href":"https:\/\/revistahubclub.com.br\/portal\/wp-json\/wp\/v2\/comments?post=4486"}],"version-history":[{"count":1,"href":"https:\/\/revistahubclub.com.br\/portal\/wp-json\/wp\/v2\/posts\/4486\/revisions"}],"predecessor-version":[{"id":4488,"href":"https:\/\/revistahubclub.com.br\/portal\/wp-json\/wp\/v2\/posts\/4486\/revisions\/4488"}],"wp:featuredmedia":[{"embeddable":true,"href":"https:\/\/revistahubclub.com.br\/portal\/wp-json\/wp\/v2\/media\/4487"}],"wp:attachment":[{"href":"https:\/\/revistahubclub.com.br\/portal\/wp-json\/wp\/v2\/media?parent=4486"}],"wp:term":[{"taxonomy":"category","embeddable":true,"href":"https:\/\/revistahubclub.com.br\/portal\/wp-json\/wp\/v2\/categories?post=4486"},{"taxonomy":"post_tag","embeddable":true,"href":"https:\/\/revistahubclub.com.br\/portal\/wp-json\/wp\/v2\/tags?post=4486"}],"curies":[{"name":"wp","href":"https:\/\/api.w.org\/{rel}","templated":true}]}}