{"id":4523,"date":"2023-03-23T14:37:00","date_gmt":"2023-03-23T17:37:00","guid":{"rendered":"https:\/\/revistahubclub.com.br\/portal\/?p=4523"},"modified":"2024-12-17T14:38:12","modified_gmt":"2024-12-17T17:38:12","slug":"corretora-de-imoveis-monique-vieira-conta-trajetoria-de-sucesso-e-fala-sobre-2023-ano-promissor","status":"publish","type":"post","link":"https:\/\/revistahubclub.com.br\/portal\/2023\/03\/23\/corretora-de-imoveis-monique-vieira-conta-trajetoria-de-sucesso-e-fala-sobre-2023-ano-promissor\/","title":{"rendered":"Corretora de im\u00f3veis Monique Vieira conta trajet\u00f3ria de sucesso e fala sobre 2023: &#8216;ano promissor&#8217;"},"content":{"rendered":"\n<p id=\"viewer-buoj6\"><br>A linha do tempo da vida da corretora de im\u00f3veis Monique Vieira, de 31 anos, \u00e9 tra\u00e7ada por aprendizado, crescimento e mudan\u00e7a de carreira. Tudo isso a fez chegar em um novo momento profissional em 2022. Ela compartilha conosco os rumos da corretagem e do mercado imobili\u00e1rio promissor para este ano. Confira!<\/p>\n\n\n\n<p id=\"viewer-dh1j4\">\u201cOl\u00e1, muito prazer, eu me chamo Monique Vieira, tenho 31 anos, sou m\u00e3e de duas princesas e atuo como corretora de im\u00f3veis nessa cidade maravilhosa que \u00e9 Uberl\u00e2ndia. Hoje, conto para voc\u00eas um pouco da minha trajet\u00f3ria. Nascida e criada em Uberl\u00e2ndia, morei na fazenda at\u00e9 os 19 anos. Ao lado de meus familiares, trabalhei desde a inf\u00e2ncia direcionada \u00e0 comercializa\u00e7\u00e3o de alimentos artesanais.<\/p>\n\n\n\n<p id=\"viewer-eehp5\">Na \u00e9poca particip\u00e1vamos de feiras de produtores rurais e no parque de exposi\u00e7\u00e3o da cidade, em per\u00edodos de festas e eventos. Em 2006, tivemos a oportunidade de nos unir \u00e0 Sadia, fazendo parceria s\u00f3lida que durou 10 anos. Eu e meus familiares cri\u00e1vamos 6.000 porcos com muito amor e cuidado para que eles pudessem produzir uma carne de qualidade para os consumidores finais. Em 2010, prestei vestibular para medicina veterin\u00e1ria.<\/p>\n\n\n\n<p id=\"viewer-4jpcn\">Um curso \u00edmpar que me trouxe muito conhecimento e me agregou muito como pessoa e profissional. Fiz alguns cursos na \u00e1rea de melhoramento gen\u00e9tico<\/p>\n\n\n\n<p id=\"viewer-8cqdm\">animal entre outros. Durante esse per\u00edodo DEUS me presenteou com uma linda fam\u00edlia e me colocou em outros caminhos para que eu pudesse ser mais presente no crescimento dela.<\/p>\n\n\n\n<p id=\"viewer-eacbo\">Em 2016, fui convidada junto ao meu marido para gerir um restaurante na cidade, dentro de um condom\u00ednio fechado, onde desenvolvemos por 4 anos<\/p>\n\n\n\n<p id=\"viewer-ebb2m\">um trabalho exemplar e fizemos grandes amigos. Logo veio a pandemia e finalizamos nossa empresa no ramo aliment\u00edcio.<\/p>\n\n\n\n<figure class=\"wp-block-image\"><img decoding=\"async\" src=\"https:\/\/static.wixstatic.com\/media\/cf07ad_3064b1d327ed4e3c90104e1bff726b25~mv2.png\/v1\/fill\/w_320,h_188,fp_0.50_0.50,q_90\/cf07ad_3064b1d327ed4e3c90104e1bff726b25~mv2.webp\" alt=\"\"\/><\/figure>\n\n\n\n<figure class=\"wp-block-image\"><img decoding=\"async\" src=\"https:\/\/static.wixstatic.com\/media\/cf07ad_361e1c88684c41e0a33ea1b8da6b1e57~mv2.png\/v1\/fill\/w_268,h_188,fp_0.50_0.50,q_90\/cf07ad_361e1c88684c41e0a33ea1b8da6b1e57~mv2.webp\" alt=\"\"\/><\/figure>\n\n\n\n<p id=\"viewer-73st0\">Fui tralhar com vestu\u00e1rio feminino, onde me tornei sacoleira por 8 meses. Fazia viagens de 15 em 15 dias para poder atender minhas clientes da melhor forma poss\u00edvel. Foi uma excelente experi\u00eancia! Nela tive a oportunidade de aprender e conseguir me desenvolver como profissional na \u00e1rea de vendas.<\/p>\n\n\n\n<p id=\"viewer-9ddq0\">Em 2021, fui convidada por uma grande amiga para trabalhar no ramo imobili\u00e1rio e aceitei o desafio. Comecei vendendo apartamentos de classe econ\u00f4mica, mas logo recebi uma outra proposta. Com um pouco de receio e medo resolvi aceitar, pois se tratava de uma grande oportunidade de trabalhar com pessoas incr\u00edveis e viver um uma realidade com a qual eu n\u00e3o estava acostumada.<\/p>\n\n\n\n<p id=\"viewer-835v2\">Lembro como se fosse hoje a primeira entrevista: me serviram um capuccino que eu nunca nem tinha visto na vida! A empresa era encantadora e mergulhei de cabe\u00e7a. Aceitei o desafio e posso afirmar que foi o melhor da minha vida.<\/p>\n\n\n\n<p id=\"viewer-f0pd4\">Aprendi muito e aprendo todos os dias. E foi no ano de 2022 que posso dizer que mudei a minha vida pessoal e profissional. Hoje atuo no mercado de M\u00c9DIO E ALTO PADR\u00c3O como corretora de im\u00f3veis e j\u00e1 fui destaque na mpresa. Consegui atingir uma meta de R$ 12.000.000,00. Por tudo isso, tenho comigo hoje uma gratid\u00e3o a todos que me auxiliaram nesse crescimento profissional e sabemos que estamos em 5 % de onde queremos chegar.<\/p>\n\n\n\n<figure class=\"wp-block-image\"><img decoding=\"async\" src=\"https:\/\/static.wixstatic.com\/media\/cf07ad_f8ed958817e0445fa5dbde682dd9084a~mv2.png\/v1\/fill\/w_280,h_343,al_c,q_85,usm_0.66_1.00_0.01,enc_auto\/cf07ad_f8ed958817e0445fa5dbde682dd9084a~mv2.png\" alt=\"\"\/><\/figure>\n\n\n\n<p id=\"viewer-932i4\">Esse ano, de 2023, ser\u00e1 promissor, com muitos lan\u00e7amentos e muito crescimento da ZONA SUL e LESTE de UBERL\u00c2NDIA e estarei sempre \u00e0 disposi\u00e7\u00e3o de todos que buscam o melhor para si.<\/p>\n\n\n\n<p id=\"viewer-4a1pd\">Juntos faremos diferen\u00e7a na economia local e pessoal.<\/p>\n\n\n\n<p id=\"viewer-7p2oi\">Aos meus clientes, que se tornaram amigos e parceiros em 2022, deixo meus agradecimentos, pois eu estou em<\/p>\n\n\n\n<p id=\"viewer-5c1o8\">um constante crescimento e voc\u00eas me agregaram e agregam muito.\u201d<\/p>\n\n\n\n<p id=\"viewer-4rvie\"><strong><em>34 9.9891-7421<\/em><\/strong><\/p>\n\n\n\n<p id=\"viewer-80n3r\"><em>@monique_consultora_<\/em><\/p>\n","protected":false},"excerpt":{"rendered":"<p>A linha do tempo da vida da corretora de im\u00f3veis Monique Vieira, de 31 anos, \u00e9 tra\u00e7ada por aprendizado, crescimento e mudan\u00e7a de carreira. Tudo isso a fez chegar em<\/p>\n","protected":false},"author":1,"featured_media":4524,"comment_status":"open","ping_status":"open","sticky":false,"template":"","format":"standard","meta":{"footnotes":""},"categories":[1],"tags":[],"class_list":["post-4523","post","type-post","status-publish","format-standard","has-post-thumbnail","hentry","category-noticias"],"_links":{"self":[{"href":"https:\/\/revistahubclub.com.br\/portal\/wp-json\/wp\/v2\/posts\/4523","targetHints":{"allow":["GET"]}}],"collection":[{"href":"https:\/\/revistahubclub.com.br\/portal\/wp-json\/wp\/v2\/posts"}],"about":[{"href":"https:\/\/revistahubclub.com.br\/portal\/wp-json\/wp\/v2\/types\/post"}],"author":[{"embeddable":true,"href":"https:\/\/revistahubclub.com.br\/portal\/wp-json\/wp\/v2\/users\/1"}],"replies":[{"embeddable":true,"href":"https:\/\/revistahubclub.com.br\/portal\/wp-json\/wp\/v2\/comments?post=4523"}],"version-history":[{"count":1,"href":"https:\/\/revistahubclub.com.br\/portal\/wp-json\/wp\/v2\/posts\/4523\/revisions"}],"predecessor-version":[{"id":4525,"href":"https:\/\/revistahubclub.com.br\/portal\/wp-json\/wp\/v2\/posts\/4523\/revisions\/4525"}],"wp:featuredmedia":[{"embeddable":true,"href":"https:\/\/revistahubclub.com.br\/portal\/wp-json\/wp\/v2\/media\/4524"}],"wp:attachment":[{"href":"https:\/\/revistahubclub.com.br\/portal\/wp-json\/wp\/v2\/media?parent=4523"}],"wp:term":[{"taxonomy":"category","embeddable":true,"href":"https:\/\/revistahubclub.com.br\/portal\/wp-json\/wp\/v2\/categories?post=4523"},{"taxonomy":"post_tag","embeddable":true,"href":"https:\/\/revistahubclub.com.br\/portal\/wp-json\/wp\/v2\/tags?post=4523"}],"curies":[{"name":"wp","href":"https:\/\/api.w.org\/{rel}","templated":true}]}}