{"id":4529,"date":"2023-03-22T14:40:00","date_gmt":"2023-03-22T17:40:00","guid":{"rendered":"https:\/\/revistahubclub.com.br\/portal\/?p=4529"},"modified":"2024-12-17T14:41:15","modified_gmt":"2024-12-17T17:41:15","slug":"uberlandia-shopping-recebe-a-feira-internacional-de-artesanato-e-decoracao-nacoes-artes","status":"publish","type":"post","link":"https:\/\/revistahubclub.com.br\/portal\/2023\/03\/22\/uberlandia-shopping-recebe-a-feira-internacional-de-artesanato-e-decoracao-nacoes-artes\/","title":{"rendered":"Uberl\u00e2ndia Shopping recebe a Feira Internacional de Artesanato e Decora\u00e7\u00e3o Na\u00e7\u00f5es &amp; Artes"},"content":{"rendered":"\n<p id=\"viewer-7d4te\">Com entrada gratuita, o evento traz uma mescla de produtos artesanais locais e pe\u00e7as exclusivas de v\u00e1rios pa\u00edses<\/p>\n\n\n\n<p id=\"viewer-4kksh\">A Feira Internacional de Artesanato e Decora\u00e7\u00e3o Na\u00e7\u00f5es &amp; Artes volta a cidade de Uberl\u00e2ndia e ter\u00e1 edi\u00e7\u00e3o especial no Uberl\u00e2ndia Shopping. O evento come\u00e7a no dia 25 de mar\u00e7o e vai at\u00e9 14 de maio, trazendo uma mescla de produtos artesanais locais e pe\u00e7as exclusivas de v\u00e1rios pa\u00edses como Indon\u00e9sia,Peru, Egito, Italia ,India ,Kenia entre outros.<\/p>\n\n\n\n<p id=\"viewer-3fik7\">A exposi\u00e7\u00e3o estar\u00e1 localizada na Pra\u00e7a principal, vai funcionar de segunda-feira a s\u00e1bado das 10h \u00e0s 22h, e aos domingos e feriados, das 12h \u00e0s 20h. A entrada \u00e9 gratuita. Al\u00e9m disso, os consumidores poder\u00e3o adquirir variados itens e colecionar lembran\u00e7as de diferentes partes do mundo, a partir de R$15. Segundo Juliano Michel, organizador da feira, &#8220;\u00c9 uma oportunidade imperd\u00edvel de conhecer os costumes e culturas de pa\u00edses, sem sair da cidade\u201d.<\/p>\n\n\n\n<p id=\"viewer-6386i\">Na edi\u00e7\u00e3o de Uberl\u00e2ndia contar\u00e1 com a presen\u00e7a de estrangeiros, vindos de pa\u00edses distantes, para fazer um verdadeiro interc\u00e2mbio cultural com quem for visitar a feira. Como \u00e9 o caso da Abiola que vem do Kenia direto para Uberl\u00e2ndia Shopping. \u201cReceber esse tipo de evento \u00e9 proporcionar aos nossos clientes uma experi\u00eancia imersiva em outras culturas\u201d, ressalta Michei , idealizador da feira.<\/p>\n\n\n\n<p id=\"viewer-5gblv\">Cada estande \u00e9 ambientado com itens da regi\u00e3o de origem e exp\u00f5e produtos diversos, como tape\u00e7aria, artesanato, vestu\u00e1rio, produtos para casa, acess\u00f3rios, joias, tecidos, artigos de decora\u00e7\u00e3o, bijuterias e obras de arte. A feira j\u00e1 passou por mais de 60 cidades brasileiras e, agora, chega a Uberl\u00e2ndia para difundir a cultura das na\u00e7\u00f5es. \u201cAcreditamos que podemos alegrar os moradores da cidade com a nossa arte e ajudar na economia local\u201d, completa Juliano Michei.<\/p>\n\n\n\n<p id=\"viewer-a0dmq\">Servi\u00e7o:<\/p>\n\n\n\n<p id=\"viewer-dkthf\">Feira Internacional de Artesanato e Decora\u00e7\u00f5es \u2013 Na\u00e7\u00f5es &amp; Artes<\/p>\n\n\n\n<p id=\"viewer-e72v5\">Entrada gratuita<\/p>\n\n\n\n<p id=\"viewer-5n848\">Local: Uberl\u00e2ndia Shopping<\/p>\n\n\n\n<p id=\"viewer-936de\">Per\u00edodo: 24 mar\u00e7o a 14 de maio de 2023<\/p>\n\n\n\n<p id=\"viewer-8p9ss\">Hor\u00e1rio de funcionamento: segunda-feira a s\u00e1bado, entre 10h e 22h, e aos domingos e feriados, das 12h \u00e0s 20h<\/p>\n","protected":false},"excerpt":{"rendered":"<p>Com entrada gratuita, o evento traz uma mescla de produtos artesanais locais e pe\u00e7as exclusivas de v\u00e1rios pa\u00edses A Feira Internacional de Artesanato e Decora\u00e7\u00e3o Na\u00e7\u00f5es &amp; Artes volta a<\/p>\n","protected":false},"author":1,"featured_media":4530,"comment_status":"open","ping_status":"open","sticky":false,"template":"","format":"standard","meta":{"footnotes":""},"categories":[1],"tags":[],"class_list":["post-4529","post","type-post","status-publish","format-standard","has-post-thumbnail","hentry","category-noticias"],"_links":{"self":[{"href":"https:\/\/revistahubclub.com.br\/portal\/wp-json\/wp\/v2\/posts\/4529","targetHints":{"allow":["GET"]}}],"collection":[{"href":"https:\/\/revistahubclub.com.br\/portal\/wp-json\/wp\/v2\/posts"}],"about":[{"href":"https:\/\/revistahubclub.com.br\/portal\/wp-json\/wp\/v2\/types\/post"}],"author":[{"embeddable":true,"href":"https:\/\/revistahubclub.com.br\/portal\/wp-json\/wp\/v2\/users\/1"}],"replies":[{"embeddable":true,"href":"https:\/\/revistahubclub.com.br\/portal\/wp-json\/wp\/v2\/comments?post=4529"}],"version-history":[{"count":1,"href":"https:\/\/revistahubclub.com.br\/portal\/wp-json\/wp\/v2\/posts\/4529\/revisions"}],"predecessor-version":[{"id":4531,"href":"https:\/\/revistahubclub.com.br\/portal\/wp-json\/wp\/v2\/posts\/4529\/revisions\/4531"}],"wp:featuredmedia":[{"embeddable":true,"href":"https:\/\/revistahubclub.com.br\/portal\/wp-json\/wp\/v2\/media\/4530"}],"wp:attachment":[{"href":"https:\/\/revistahubclub.com.br\/portal\/wp-json\/wp\/v2\/media?parent=4529"}],"wp:term":[{"taxonomy":"category","embeddable":true,"href":"https:\/\/revistahubclub.com.br\/portal\/wp-json\/wp\/v2\/categories?post=4529"},{"taxonomy":"post_tag","embeddable":true,"href":"https:\/\/revistahubclub.com.br\/portal\/wp-json\/wp\/v2\/tags?post=4529"}],"curies":[{"name":"wp","href":"https:\/\/api.w.org\/{rel}","templated":true}]}}