{"id":453,"date":"2024-10-14T15:43:33","date_gmt":"2024-10-14T18:43:33","guid":{"rendered":"https:\/\/revistahubclub.com.br\/portal\/?p=453"},"modified":"2024-12-11T15:44:08","modified_gmt":"2024-12-11T18:44:08","slug":"uberlandia-uma-cidade-em-constante-crescimento","status":"publish","type":"post","link":"https:\/\/revistahubclub.com.br\/portal\/2024\/10\/14\/uberlandia-uma-cidade-em-constante-crescimento\/","title":{"rendered":"Uberl\u00e2ndia &#8211; Uma cidade em constante crescimento"},"content":{"rendered":"\n<p id=\"viewer-ukd30922\">Uberl\u00e2ndia celebra, em 2024, 136 anos de uma trajet\u00f3ria marcada por crescimento exponencial e desenvolvimento cont\u00ednuo. A cidade tem se destacado no cen\u00e1rio nacional, atraindo empresas e se transformando em um polo econ\u00f4mico de suma import\u00e2ncia, gra\u00e7as \u00e0 sua localiza\u00e7\u00e3o geogr\u00e1fi ca privilegiada e infraestrutura robusta. Se destaca tamb\u00e9m pela sua rica heran\u00e7a cultural e arquitet\u00f4nica, com projetos ic\u00f4nicos, como por exemplo o Teatro Municipal de Uberl\u00e2ndia.<\/p>\n\n\n\n<p id=\"viewer-majxn834\"><strong>Teatro Municipal de Uberl\u00e2ndia: um tributo \u00e0 eleg\u00e2ncia modernista<\/strong><\/p>\n\n\n\n<p id=\"viewer-szcm8843\">Inaugurado em 2012, o Teatro Municipal de Uberl\u00e2ndia \u00e9 um verdadeiro testemunho da vis\u00e3o de Oscar Niemeyer. Sua forma curvil\u00ednea e sua fachada imponente refl etem n\u00e3o apenas a est\u00e9tica modernista, caracter\u00edstica do arquiteto, mas tamb\u00e9m a sofi stica\u00e7\u00e3o cultural da cidade. O teatro n\u00e3o \u00e9 apenas um espa\u00e7o para apresenta\u00e7\u00f5es art\u00edsticas de alto n\u00edvel, mas tamb\u00e9m um ponto de encontro para a comunidade local, oferecendo uma experi\u00eancia que combina arte e arquitetura de maneira sublime.<\/p>\n\n\n\n<p id=\"viewer-eeetf863\"><strong>Revitaliza\u00e7\u00e3o do Antigo F\u00f3rum: um novo cap\u00edtulo na hist\u00f3ria urbana<\/strong><\/p>\n\n\n\n<p id=\"viewer-b4fpi876\">Outro local de suma import\u00e2ncia para a cidade \u00e9 o antigo F\u00f3rum de Uberl\u00e2ndia, agora e revitalizado. Inaugurado em 1977, o edif\u00edcio hist\u00f3rico passou por uma extensa restaura\u00e7\u00e3o, mas manteve elementos arquitet\u00f4nicos originais e baseados em princ\u00edpios da arquitetura brutalista da d\u00e9cada de 70. Projetado pelos arquitetos mineiros Roberto Pinto Manata e Jos\u00e9 Carlos Laender de Castro foi cedido pelo Tribunal de Justi\u00e7a de Minas Gerais ao Munic\u00edpio de Uberl\u00e2ndia e, hoje, abriga o Centro Municipal de Cultura, espa\u00e7o destinado \u00e0 diversas atividades culturais. Ao celebrar 136 anos, Uberl\u00e2ndia reafirma seu compromisso com a inova\u00e7\u00e3o e a qualidade de vida. Os novos projetos que est\u00e3o em desenvolvimento, como o Villa G\u00e1vea por exemplo, prometem valorizar a cidade cada dia mais, fortalecendo sua posi\u00e7\u00e3o como um dos principais centros urbanos do pa\u00eds. A sinergia entre o crescimento econ\u00f4mico e o planejamento urbano sustent\u00e1vel garante que Uberl\u00e2ndia continue a ser um exemplo de progresso e modernidade para todo o Brasil.<\/p>\n\n\n\n<p id=\"viewer-hci2q904\"><strong><em>La\u00edta Alves \u00e9 arquiteta, fundadora do cubo arquitetura. @bloguelalasouto renovado<\/em><\/strong><\/p>\n","protected":false},"excerpt":{"rendered":"<p>Uberl\u00e2ndia celebra, em 2024, 136 anos de uma trajet\u00f3ria marcada por crescimento exponencial e desenvolvimento cont\u00ednuo. A cidade tem se destacado no cen\u00e1rio nacional, atraindo empresas e se transformando em<\/p>\n","protected":false},"author":1,"featured_media":454,"comment_status":"open","ping_status":"open","sticky":false,"template":"","format":"standard","meta":{"footnotes":""},"categories":[1],"tags":[],"class_list":["post-453","post","type-post","status-publish","format-standard","has-post-thumbnail","hentry","category-noticias"],"_links":{"self":[{"href":"https:\/\/revistahubclub.com.br\/portal\/wp-json\/wp\/v2\/posts\/453","targetHints":{"allow":["GET"]}}],"collection":[{"href":"https:\/\/revistahubclub.com.br\/portal\/wp-json\/wp\/v2\/posts"}],"about":[{"href":"https:\/\/revistahubclub.com.br\/portal\/wp-json\/wp\/v2\/types\/post"}],"author":[{"embeddable":true,"href":"https:\/\/revistahubclub.com.br\/portal\/wp-json\/wp\/v2\/users\/1"}],"replies":[{"embeddable":true,"href":"https:\/\/revistahubclub.com.br\/portal\/wp-json\/wp\/v2\/comments?post=453"}],"version-history":[{"count":1,"href":"https:\/\/revistahubclub.com.br\/portal\/wp-json\/wp\/v2\/posts\/453\/revisions"}],"predecessor-version":[{"id":455,"href":"https:\/\/revistahubclub.com.br\/portal\/wp-json\/wp\/v2\/posts\/453\/revisions\/455"}],"wp:featuredmedia":[{"embeddable":true,"href":"https:\/\/revistahubclub.com.br\/portal\/wp-json\/wp\/v2\/media\/454"}],"wp:attachment":[{"href":"https:\/\/revistahubclub.com.br\/portal\/wp-json\/wp\/v2\/media?parent=453"}],"wp:term":[{"taxonomy":"category","embeddable":true,"href":"https:\/\/revistahubclub.com.br\/portal\/wp-json\/wp\/v2\/categories?post=453"},{"taxonomy":"post_tag","embeddable":true,"href":"https:\/\/revistahubclub.com.br\/portal\/wp-json\/wp\/v2\/tags?post=453"}],"curies":[{"name":"wp","href":"https:\/\/api.w.org\/{rel}","templated":true}]}}