{"id":4545,"date":"2023-03-21T14:43:00","date_gmt":"2023-03-21T17:43:00","guid":{"rendered":"https:\/\/revistahubclub.com.br\/portal\/?p=4545"},"modified":"2024-12-17T14:44:24","modified_gmt":"2024-12-17T17:44:24","slug":"fiemg-90-anos-9-decadas-em-prol-do-desenvolvimento-industrial","status":"publish","type":"post","link":"https:\/\/revistahubclub.com.br\/portal\/2023\/03\/21\/fiemg-90-anos-9-decadas-em-prol-do-desenvolvimento-industrial\/","title":{"rendered":"FIEMG 90 anos: 9 d\u00e9cadas em prol do desenvolvimento industrial"},"content":{"rendered":"\n<p id=\"viewer-b7u6e\">De grandes fazendas dedicadas ao agroneg\u00f3cio, a plantas industriais tecnol\u00f3gicas e usinas fotovoltaicas. Minas Gerais tem muitas facetas. \u00c9 moderna e tradicional. Tem o aconchego do interior e as facilidades das grandes cidades. \u00c9 o pequeno empreendimento, no fundo de uma garagem, e uma grande ind\u00fastria, que emprega milhares de pessoas.<\/p>\n\n\n\n<p id=\"viewer-ddvup\">Em cada parte destas gerais, a FIEMG est\u00e1 presente. H\u00e1 90 anos, a entidade, fundada no dia 12 de fevereiro de 1933, vem trabalhando em prol do desenvolvimento industrial e social de Minas Gerais. Desde a sua cria\u00e7\u00e3o esteve envolvida, direta ou indiretamente, com a industrializa\u00e7\u00e3o do estado, mantendo-se ao lado das ind\u00fastrias em importantes momentos, como na funda\u00e7\u00e3o da Usiminas, em 1956; da A\u00e7ominas, em 1968; e da vinda da Fiat Autom\u00f3veis para o Brasil, em 1976.<\/p>\n\n\n\n<figure class=\"wp-block-image\"><img loading=\"lazy\" decoding=\"async\" width=\"280\" height=\"420\" src=\"https:\/\/revistahubclub.com.br\/portal\/wp-content\/uploads\/2023\/03\/cf07ad_7ee9ae6e85754386b86427abfdb5610dmv2.jpg\" alt=\"\" class=\"wp-image-4549\" srcset=\"https:\/\/revistahubclub.com.br\/portal\/wp-content\/uploads\/2023\/03\/cf07ad_7ee9ae6e85754386b86427abfdb5610dmv2.jpg 280w, https:\/\/revistahubclub.com.br\/portal\/wp-content\/uploads\/2023\/03\/cf07ad_7ee9ae6e85754386b86427abfdb5610dmv2-200x300.jpg 200w\" sizes=\"auto, (max-width: 280px) 100vw, 280px\" \/><\/figure>\n\n\n\n<p id=\"viewer-2ldte\">Se no passado a institui\u00e7\u00e3o ajudou a industrializar o estado, no presente, atua fortemente para a consolida\u00e7\u00e3o de um futuro pr\u00f3spero para a sociedade. Ao encabe\u00e7ar a luta para a melhoria do ambiente de neg\u00f3cios e o fortalecimento do setor industrial, a FIEMG garante que novos empreendimentos aqui prosperem, como as novas plantas da cervejaria Heineken, em Passos; a Eurofarma, em Montes Claros; ou a expans\u00e3o da extra\u00e7\u00e3o de l\u00edtio pela Sigma, no territ\u00f3rio mineiro.<\/p>\n\n\n\n<p id=\"viewer-a1h37\">Como representante do setor produtivo de Minas Gerais, a Federa\u00e7\u00e3o tem, atualmente, 131 sindicatos filiados que representam cerca de 60 mil ind\u00fastrias. Segundo dados do Minist\u00e9rio da Economia, s\u00e3o as principais geradoras de divisas de nosso estado. Essas ind\u00fastrias s\u00e3o as respons\u00e1veis por milhares de empregos diretos e indiretos.<\/p>\n\n\n\n<p id=\"viewer-27lgs\">Com o olhar sempre voltado para o futuro, para os avan\u00e7os e inova\u00e7\u00f5es, a FIEMG oferece ao setor produtivo a expertise adquirida ao longo de nove d\u00e9cadas. De pequenas \u00e0s grandes empresas, a ind\u00fastria mineira pode contar com especialistas e consultores de \u00e1reas t\u00e9cnicas que est\u00e3o prontas para atuarem em temas como Jur\u00eddico, Tribut\u00e1rio, Energia e Trabalhista, dentre outros.<\/p>\n\n\n\n<p id=\"viewer-83e9k\">O futuro \u00e9 o SESI, que est\u00e1 presente em 24 cidades do estado, com mais de 30 escolas e uma infraestrutura tecnol\u00f3gica que incentiva a inova\u00e7\u00e3o e a criatividade de seus alunos. Afinal, nossas crian\u00e7as e adolescentes s\u00e3o o presente e \u00e9 nele que se constr\u00f3i o futuro.<\/p>\n\n\n\n<p id=\"viewer-ffjog\">E o futuro tamb\u00e9m \u00e9 o SENAI, que utiliza tecnologia de ponta em unidades refer\u00eancias, como o SENAI 4.0 e o Centro de Inova\u00e7\u00e3o e Tecnologia (CIT\/SENAI), al\u00e9m de preparar, com seus Cursos T\u00e9cnicos, os jovens para as profiss\u00f5es do futuro. A FIEMG \u00e9 SESI, SENAI, IEL e CIEMG. A FIEMG \u00e9 a ind\u00fastria, que est\u00e1 presente em todos os \u00e2mbitos de nossas vidas, que transmuta mat\u00e9ria-prima em objetos, dos mais corriqueiros aos mais modernos equipamentos que podem salvar vidas.<\/p>\n\n\n\n<p id=\"viewer-2ueb2\">Aos 90 anos, a FIEMG celebra sua hist\u00f3ria com a certeza de quem apoia a ind\u00fastria a prosperar e a sociedade a se transformar e ressignificar.<\/p>\n\n\n\n<p id=\"viewer-duilh\"><strong>FIEMG Regional Vale do Parana\u00edba<\/strong><\/p>\n\n\n\n<p id=\"viewer-fooau\"><em>Sediada em Uberl\u00e2ndia, a Regional atende tamb\u00e9m a ind\u00fastria de outros 13 munic\u00edpios do Tri\u00e2ngulo Mineiro<\/em><\/p>\n\n\n\n<figure class=\"wp-block-image\"><img loading=\"lazy\" decoding=\"async\" width=\"592\" height=\"333\" src=\"https:\/\/revistahubclub.com.br\/portal\/wp-content\/uploads\/2024\/12\/cf07ad_56e35fb7fbb44fbb8d1089947fc69575mv2.jpg\" alt=\"\" class=\"wp-image-4547\" srcset=\"https:\/\/revistahubclub.com.br\/portal\/wp-content\/uploads\/2024\/12\/cf07ad_56e35fb7fbb44fbb8d1089947fc69575mv2.jpg 592w, https:\/\/revistahubclub.com.br\/portal\/wp-content\/uploads\/2024\/12\/cf07ad_56e35fb7fbb44fbb8d1089947fc69575mv2-300x169.jpg 300w\" sizes=\"auto, (max-width: 592px) 100vw, 592px\" \/><\/figure>\n\n\n\n<p id=\"viewer-3g658\">A FIEMG Regional Vale do Parana\u00edba tem sede na cidade de Uberl\u00e2ndia e atende a ind\u00fastria dos seguintes munic\u00edpios: Abadia dos Dourados, Araguari, Cascalho Rico, Estrela do Sul, Grupiara, Indian\u00f3polis, Ira\u00ed de Minas, Monte Alegre de Minas, Monte Carmelo, Prata, Romaria<\/p>\n\n\n\n<p id=\"viewer-flupb\">e Tupaciguara. O intuito das Regionais da FIEMG \u00e9 representar a Federa\u00e7\u00e3o por todo o estado, promovendo o desenvolvimento industrial bem como a cultura e o conhecimento atrav\u00e9s das unidades SESI e SENAI.<\/p>\n\n\n\n<p id=\"viewer-du113\">A Regional abriga duas unidades SENAI em Uberl\u00e2ndia e uma em Araguari. O SESI est\u00e1 presente em ambas as cidades tamb\u00e9m. Al\u00e9m dos 10 sindicatos patronais que representam os principais setores da classe produtiva. Em 2022, nas unidades citadas, foram mais de 4 mil alunos atendidos no SENAI e mais 1,5 mil no SESI. Ainda no ano passado as cidades atendidas pela Regional Vale do Parana\u00edba representaram 5,92% de toda a exporta\u00e7\u00e3o do Estado FIEMG, a casa da ind\u00fastria.<\/p>\n\n\n\n<p id=\"viewer-bu09r\"><strong>Nova presid\u00eancia da FIEMG Regional Vale do Parana\u00edba e lideran\u00e7as dos sindicatos empresariais<\/strong><\/p>\n\n\n\n<p id=\"viewer-ce9qd\"><strong>Presidente da FIEMG Regional Vale do Parana\u00edba<\/strong><\/p>\n\n\n\n<p id=\"viewer-bgljh\">(34) 3230-5204 \/ regional-vp@fiemg.com.br<\/p>\n\n\n\n<p id=\"viewer-arb2t\">Jos\u00e9 Alves<\/p>\n\n\n\n<p id=\"viewer-3sv5t\"><strong>Sindicatos Filiados:<\/strong><\/p>\n\n\n\n<p id=\"viewer-af001\">Presidente do Sindicato das Ind\u00fastrias do Vestu\u00e1rio de Araguari<\/p>\n\n\n\n<p id=\"viewer-3n14l\">(34) 3241-4407\/sindvestari@yahoo.com.br<\/p>\n\n\n\n<p id=\"viewer-c347m\">Rossini Ferreira Soares<\/p>\n\n\n\n<p id=\"viewer-fesa1\"><strong>Presidente do Sindicato das Ind\u00fastrias de Alimenta\u00e7\u00e3o de Uberl\u00e2ndia<\/strong><\/p>\n\n\n\n<p id=\"viewer-2u0vg\">(34) 3214-0633 \/ 3230-5235\/siau@regionalfiemg.com.br<\/p>\n\n\n\n<p id=\"viewer-10vu5\">Fausto Gabriel dos Santos<\/p>\n\n\n\n<p id=\"viewer-bn201\"><strong>Presidente do Sindicato da Ind\u00fastria do Arroz no Estado de Minas Gerais<\/strong><\/p>\n\n\n\n<p id=\"viewer-b5fms\">(34) 3213-4700\/sindarrozmg@netsite.com.br<\/p>\n\n\n\n<p id=\"viewer-4to7i\">Jorge Tadeu Ara\u00fajo Meirelles<\/p>\n\n\n\n<p id=\"viewer-7q0k2\"><strong>Presidente do Sindicato da Ind\u00fastria de Cal\u00e7ados de Uberl\u00e2ndia<\/strong><\/p>\n\n\n\n<p id=\"viewer-222no\">(34) 3230 5200\/sindicalcados@regionalfiemg.com.br<\/p>\n\n\n\n<p id=\"viewer-5qa1c\">Geraldo Luciano Silva<\/p>\n\n\n\n<p id=\"viewer-9h538\"><strong>Presidente do Sindicato da Ind\u00fastria da Constru\u00e7\u00e3o Civil do Tri\u00e2ngulo Mineiro e Alto Parana\u00edba<\/strong><\/p>\n\n\n\n<p id=\"viewer-2svdi\">(34) 3236-3163 \/ 3214-1140 \/ gerencia.sinduscon@triang.com.br<\/p>\n\n\n\n<p id=\"viewer-642fd\">Pedro C\u00e9sar Spina<\/p>\n\n\n\n<p id=\"viewer-ea1lt\"><strong>Presidente do Sindicato Intermunicipal das ind\u00fastrias Gr\u00e1ficas de Uberl\u00e2ndia<\/strong><\/p>\n\n\n\n<p id=\"viewer-8f92b\">(34) 3214- 2931 \/ sindigraf@regionalfiemg.com.br<\/p>\n\n\n\n<p id=\"viewer-87ji9\">Walter Cust\u00f3dio Pereira<\/p>\n\n\n\n<p id=\"viewer-6dimt\"><strong>Presidente do Sindicato das Ind\u00fastrias de Marcenaria e Mobili\u00e1rio do Vale do Parana\u00edba<\/strong><\/p>\n\n\n\n<p id=\"viewer-e7r1l\">(34) 3219-6534 \/ sindmob@regionalfiemg.com.br<\/p>\n\n\n\n<p id=\"viewer-9uito\">Ruy Gouveia Mendes<\/p>\n\n\n\n<p id=\"viewer-9cjvn\"><strong>Presidente do Sindicato das ind\u00fastrias Metal\u00fargicas, Mec\u00e2nicas e de Material El\u00e9trico de Uberl\u00e2ndia<\/strong><\/p>\n\n\n\n<p id=\"viewer-5fhfu\">(34) 3236-2494 \/ 3230-5234 \/ sindmetal@sindmetal.ind.br<\/p>\n\n\n\n<p id=\"viewer-ddhe4\">Arquimedes Rosa<\/p>\n\n\n\n<p id=\"viewer-f8a39\"><strong>Presidente do Sindicato da Ind\u00fastria de Panifica\u00e7\u00e3o e Confeitaria de Uberl\u00e2ndia e Diretor da FIEMG<\/strong><\/p>\n\n\n\n<p id=\"viewer-35m20\">(34) 3237-1437 \/ sindpan@regionalfiemg.com.br<\/p>\n\n\n\n<p id=\"viewer-ap7lo\">Milton Inhaquitti<\/p>\n\n\n\n<p id=\"viewer-budip\"><strong>Presidente do Sindicato das Ind\u00fastrias do Vestu\u00e1rio de Uberl\u00e2ndia<\/strong><\/p>\n\n\n\n<p id=\"viewer-291hl\">(34) 3236-7363 \/ 3210-2213 \/ sindivestu@sindivestu.ind.br<\/p>\n\n\n\n<p id=\"viewer-9no3g\">Alessiane Peixoto Cabral Batoni<\/p>\n","protected":false},"excerpt":{"rendered":"<p>De grandes fazendas dedicadas ao agroneg\u00f3cio, a plantas industriais tecnol\u00f3gicas e usinas fotovoltaicas. Minas Gerais tem muitas facetas. \u00c9 moderna e tradicional. Tem o aconchego do interior e as facilidades<\/p>\n","protected":false},"author":1,"featured_media":4546,"comment_status":"open","ping_status":"open","sticky":false,"template":"","format":"standard","meta":{"footnotes":""},"categories":[1],"tags":[],"class_list":["post-4545","post","type-post","status-publish","format-standard","has-post-thumbnail","hentry","category-noticias"],"_links":{"self":[{"href":"https:\/\/revistahubclub.com.br\/portal\/wp-json\/wp\/v2\/posts\/4545","targetHints":{"allow":["GET"]}}],"collection":[{"href":"https:\/\/revistahubclub.com.br\/portal\/wp-json\/wp\/v2\/posts"}],"about":[{"href":"https:\/\/revistahubclub.com.br\/portal\/wp-json\/wp\/v2\/types\/post"}],"author":[{"embeddable":true,"href":"https:\/\/revistahubclub.com.br\/portal\/wp-json\/wp\/v2\/users\/1"}],"replies":[{"embeddable":true,"href":"https:\/\/revistahubclub.com.br\/portal\/wp-json\/wp\/v2\/comments?post=4545"}],"version-history":[{"count":2,"href":"https:\/\/revistahubclub.com.br\/portal\/wp-json\/wp\/v2\/posts\/4545\/revisions"}],"predecessor-version":[{"id":4550,"href":"https:\/\/revistahubclub.com.br\/portal\/wp-json\/wp\/v2\/posts\/4545\/revisions\/4550"}],"wp:featuredmedia":[{"embeddable":true,"href":"https:\/\/revistahubclub.com.br\/portal\/wp-json\/wp\/v2\/media\/4546"}],"wp:attachment":[{"href":"https:\/\/revistahubclub.com.br\/portal\/wp-json\/wp\/v2\/media?parent=4545"}],"wp:term":[{"taxonomy":"category","embeddable":true,"href":"https:\/\/revistahubclub.com.br\/portal\/wp-json\/wp\/v2\/categories?post=4545"},{"taxonomy":"post_tag","embeddable":true,"href":"https:\/\/revistahubclub.com.br\/portal\/wp-json\/wp\/v2\/tags?post=4545"}],"curies":[{"name":"wp","href":"https:\/\/api.w.org\/{rel}","templated":true}]}}