{"id":456,"date":"2024-10-14T15:44:15","date_gmt":"2024-10-14T18:44:15","guid":{"rendered":"https:\/\/revistahubclub.com.br\/portal\/?p=456"},"modified":"2024-12-11T15:44:56","modified_gmt":"2024-12-11T18:44:56","slug":"desenvolvimento-humano-e-empreendedorismo-a-forca-que-move-uberlandia","status":"publish","type":"post","link":"https:\/\/revistahubclub.com.br\/portal\/2024\/10\/14\/desenvolvimento-humano-e-empreendedorismo-a-forca-que-move-uberlandia\/","title":{"rendered":"Desenvolvimento humano e empreendedorismo: a for\u00e7a que move Uberl\u00e2ndia"},"content":{"rendered":"\n<p id=\"viewer-foo\">Os desafios reais do empreendedor moderno<\/p>\n\n\n\n<p id=\"viewer-2d2vj374\"><strong><em>J\u00fanior Queiroz | Foto Divulga\u00e7\u00e3o<\/em><\/strong><\/p>\n\n\n\n<p id=\"viewer-pqebv676\">No anivers\u00e1rio de Uberl\u00e2ndia, quero destacar o papel desta cidade como um verdadeiro polo de empreendedorismo e inova\u00e7\u00e3o. Uberl\u00e2ndia se consolidou ao longo dos anos como um ambiente f\u00e9rtil para ideias, projetos e neg\u00f3cios, acolhendo empreendedores que chegam com a vontade de crescer e de fazer a diferen\u00e7a. Eu mesmo fui atra\u00eddo por essa atmosfera otimista do empreendedorismo.<\/p>\n\n\n\n<p id=\"viewer-moz10390\">Aqui, tive a oportunidade de me conectar com pessoas inspiradoras, fazer bons neg\u00f3cios e at\u00e9 mesmo me casar. Conheci pessoas como o C\u00e9lio Cardoso, precursor da revista Hub Club, e acompanhei de perto sua cria\u00e7\u00e3o, desde os primeiros passos no campo das ideias. Essas experi\u00eancias me permitiram contribuir para a constru\u00e7\u00e3o de iniciativas que refletem o dinamismo e a capacidade inovadora desta cidade.<\/p>\n\n\n\n<p id=\"viewer-zluhh396\">Entretanto, o empreendedorismo n\u00e3o \u00e9 um fen\u00f4meno isolado de uma cidade ou de um pa\u00eds. Ele representa uma for\u00e7a transformadora em escala global, especialmente em 2024, onde o mundo enfrenta mudan\u00e7as econ\u00f4micas, sociais e tecnol\u00f3gicas significativas. No Brasil, o crescimento do empreendedorismo \u00e9 evidente.<\/p>\n\n\n\n<p id=\"viewer-d3xp9403\">Segundo a Global Entrepreneurship Monitor (GEM), cerca de 67% da popula\u00e7\u00e3o adulta brasileira est\u00e1 envolvida com o empreendedorismo, seja j\u00e1 possuindo um neg\u00f3cio ou desejando iniciar um nos pr\u00f3ximos tr\u00eas anos. Esse n\u00famero representa aproximadamente 93 milh\u00f5es de brasileiros, o que coloca o Brasil como a segunda maior popula\u00e7\u00e3o de potenciais empreendedores do mundo, atr\u00e1s apenas da \u00cdndia.<\/p>\n\n\n\n<p id=\"viewer-am3fk411\">Esse cen\u00e1rio reflete uma mudan\u00e7a de paradigma, impulsionada em parte pela pandemia, que trouxe novos desafios e oportunidades. Muitas pessoas come\u00e7aram a enxergar o empreendedorismo como uma sa\u00edda n\u00e3o apenas para a crise econ\u00f4mica, mas tamb\u00e9m como um caminho para a realiza\u00e7\u00e3o pessoal e profissional.<\/p>\n\n\n\n<p id=\"viewer-50j8g420\">A necessidade de inova\u00e7\u00e3o, a busca por autonomia e o desejo de contribuir para um futuro mais sustent\u00e1vel impulsionaram esse movimento. \u00c9 preciso reconhecer que o empreendedorismo moderno requer mais do que apenas vontade e recursos; ele exige resili\u00eancia, criatividade, intelig\u00eancia emocional e a capacidade de adapta\u00e7\u00e3o r\u00e1pida \u00e0s mudan\u00e7as.<\/p>\n\n\n\n<p id=\"viewer-khu7g430\">Ao mesmo tempo, o Brasil enfrenta desafios \u00fanicos para o desenvolvimento de novos neg\u00f3cios, como a alta carga tribut\u00e1ria, burocracia e dificuldades de acesso a cr\u00e9dito. Mesmo assim, o esp\u00edrito empreendedor persiste e cresce, movido pela capacidade de inova\u00e7\u00e3o e pela disposi\u00e7\u00e3o de criar solu\u00e7\u00f5es para os problemas locais e globais.<\/p>\n\n\n\n<p id=\"viewer-h75dj449\">Uberl\u00e2ndia \u00e9 um exemplo de como essas for\u00e7as se manifestam em um contexto local, ao mesmo tempo em que reflete o que acontece no cen\u00e1rio nacional. O desenvolvimento humano \u00e9 um aspecto intrinsecamente ligado ao empreendedorismo. A capacidade de inovar, de liderar e de persistir em face das adversidades s\u00e3o caracter\u00edsticas que fortalecem tanto indiv\u00edduos quanto comunidades.<\/p>\n\n\n\n<p id=\"viewer-38pat461\">\u00c9 essencial, portanto, que continuemos investindo em programas de desenvolvimento pessoal e profissional, que preparem l\u00edderes para o futuro, capazes de conduzir suas organiza\u00e7\u00f5es e comunidades a um crescimento sustent\u00e1vel e inclusivo. Por isso, al\u00e9m de empreendedores, precisamos de pessoas que estejam dispostas a apoiar e acreditar na vis\u00e3o empreendedora.<\/p>\n\n\n\n<p id=\"viewer-6uvau474\">Esse apoio \u00e9 essencial para construir um ambiente de neg\u00f3cios mais robusto e acolhedor, onde novas ideias possam realmente prosperar e transformar realidades. Estamos em um momento sens\u00edvel, onde encontrar os parceiros certos e estabelecer redes de colabora\u00e7\u00e3o se tornaram fundamentais para superar os desafios e aproveitar as oportunidades que surgem.<\/p>\n\n\n\n<p id=\"viewer-swjd2488\">Mais do que nunca, \u00e9 importante contar com aqueles que, al\u00e9m de compartilharem essa vis\u00e3o, estejam dispostos a arrega\u00e7ar as mangas e contribuir ativamente para o crescimento coletivo. Assim, parabenizo Uberl\u00e2ndia por ser um exemplo de resili\u00eancia e inova\u00e7\u00e3o, por seu papel como um celeiro de desenvolvimento humano e empreendedorismo.<\/p>\n\n\n\n<p id=\"viewer-jed0x503\">Que continuemos a cultivar este esp\u00edrito inovador, buscando sempre crescer e evoluir juntos, construindo uma cidade e um pa\u00eds onde todos possam prosperar.<\/p>\n\n\n\n<p id=\"viewer-m9aox535\"><strong><em>Junior Queiroz \u00e9 empres\u00e1rio, investidor e treinador empresarial<\/em><\/strong><\/p>\n","protected":false},"excerpt":{"rendered":"<p>Os desafios reais do empreendedor moderno J\u00fanior Queiroz | Foto Divulga\u00e7\u00e3o No anivers\u00e1rio de Uberl\u00e2ndia, quero destacar o papel desta cidade como um verdadeiro polo de empreendedorismo e inova\u00e7\u00e3o. Uberl\u00e2ndia<\/p>\n","protected":false},"author":1,"featured_media":457,"comment_status":"open","ping_status":"open","sticky":false,"template":"","format":"standard","meta":{"footnotes":""},"categories":[1],"tags":[],"class_list":["post-456","post","type-post","status-publish","format-standard","has-post-thumbnail","hentry","category-noticias"],"_links":{"self":[{"href":"https:\/\/revistahubclub.com.br\/portal\/wp-json\/wp\/v2\/posts\/456","targetHints":{"allow":["GET"]}}],"collection":[{"href":"https:\/\/revistahubclub.com.br\/portal\/wp-json\/wp\/v2\/posts"}],"about":[{"href":"https:\/\/revistahubclub.com.br\/portal\/wp-json\/wp\/v2\/types\/post"}],"author":[{"embeddable":true,"href":"https:\/\/revistahubclub.com.br\/portal\/wp-json\/wp\/v2\/users\/1"}],"replies":[{"embeddable":true,"href":"https:\/\/revistahubclub.com.br\/portal\/wp-json\/wp\/v2\/comments?post=456"}],"version-history":[{"count":1,"href":"https:\/\/revistahubclub.com.br\/portal\/wp-json\/wp\/v2\/posts\/456\/revisions"}],"predecessor-version":[{"id":458,"href":"https:\/\/revistahubclub.com.br\/portal\/wp-json\/wp\/v2\/posts\/456\/revisions\/458"}],"wp:featuredmedia":[{"embeddable":true,"href":"https:\/\/revistahubclub.com.br\/portal\/wp-json\/wp\/v2\/media\/457"}],"wp:attachment":[{"href":"https:\/\/revistahubclub.com.br\/portal\/wp-json\/wp\/v2\/media?parent=456"}],"wp:term":[{"taxonomy":"category","embeddable":true,"href":"https:\/\/revistahubclub.com.br\/portal\/wp-json\/wp\/v2\/categories?post=456"},{"taxonomy":"post_tag","embeddable":true,"href":"https:\/\/revistahubclub.com.br\/portal\/wp-json\/wp\/v2\/tags?post=456"}],"curies":[{"name":"wp","href":"https:\/\/api.w.org\/{rel}","templated":true}]}}