{"id":4589,"date":"2023-03-17T14:49:00","date_gmt":"2023-03-17T17:49:00","guid":{"rendered":"https:\/\/revistahubclub.com.br\/portal\/?p=4589"},"modified":"2024-12-17T14:50:04","modified_gmt":"2024-12-17T17:50:04","slug":"femec-2023-e-agro-esg-producao-sustentavel-que-valoriza-pessoas","status":"publish","type":"post","link":"https:\/\/revistahubclub.com.br\/portal\/2023\/03\/17\/femec-2023-e-agro-esg-producao-sustentavel-que-valoriza-pessoas\/","title":{"rendered":"FEMEC 2023 \u00e9 AGRO ESG: produ\u00e7\u00e3o sustent\u00e1vel que valoriza pessoas"},"content":{"rendered":"\n<p id=\"viewer-engvh\">De 21 a 24 de mar\u00e7o, o Sindicato Rural de Uberl\u00e2ndia realizar\u00e1 no Parque de Exposi\u00e7\u00f5es Camaru, a 10\u00aa edi\u00e7\u00e3o da Feira do Agroneg\u00f3cio Mineiro (Femec), com entrada e estacionamento gratuitos. O tema deste ano \u00e9 \u201cAGRO ESG &#8211; Produ\u00e7\u00e3o Sustent\u00e1vel que valoriza pessoas\u201d.<\/p>\n\n\n\n<p id=\"viewer-c487h\">A sigla ESG, que em ingl\u00eas representa Environmental, Social and Governance (Ambiental, Social e Governan\u00e7a), refere-se \u00e0s boas pr\u00e1ticas de gest\u00e3o voltadas para a preserva\u00e7\u00e3o do meio ambiente, responsabilidade com a sociedade e transpar\u00eancia empresarial.<\/p>\n\n\n\n<p id=\"viewer-boie0\">De modo geral, as pr\u00e1ticas ESG mostram o quanto um neg\u00f3cio tem buscado maneiras de minimizar os impactos no meio ambiente, construir um mundo mais justo e respons\u00e1vel e manter os melhores processos de administra\u00e7\u00e3o.<\/p>\n\n\n\n<p id=\"viewer-56pad\">Em 2023, a Femec est\u00e1 de olho neste tema, em alta em todo o mundo. A feira vai contar tamb\u00e9m com novidades da ind\u00fastria automotiva, ve\u00edculos off road, tecnologias de sementes, pecu\u00e1ria e n\u00e1utica. Saiba o que mais ser\u00e1 destaque.<\/p>\n\n\n\n<p id=\"viewer-aprrk\"><strong>Principal feira de m\u00e1quinas agr\u00edcolas de Minas<\/strong><\/p>\n\n\n\n<figure class=\"wp-block-image\"><img decoding=\"async\" src=\"https:\/\/static.wixstatic.com\/media\/cf07ad_580987afacff4528b98edadb899f1395~mv2.jpeg\/v1\/fill\/w_280,h_280,al_c,q_80,usm_0.66_1.00_0.01,enc_auto\/cf07ad_580987afacff4528b98edadb899f1395~mv2.jpeg\" alt=\"\"\/><\/figure>\n\n\n\n<p id=\"viewer-euog5\">Consolidada como a principal feira no Estado para exposi\u00e7\u00e3o, comercializa\u00e7\u00e3o e lan\u00e7amentos de produtos da ind\u00fastria de m\u00e1quinas, equipamentos, implementos e insumos agr\u00edcolas, a Femec recebe as principais marcas do mercado.<\/p>\n\n\n\n<p id=\"viewer-4vbci\">Nesta edi\u00e7\u00e3o, a expectativa do presidente do Sindicato Rural de Uberl\u00e2ndia, Thiago Silveira, \u00e9 que o n\u00famero de expositores seja ainda maior que em 2022. A organiza\u00e7\u00e3o trabalha para oferecer as melhores condi\u00e7\u00f5es para as empresas apresentarem seus produtos e para o produtor rural realizar a melhor compra do ano.<\/p>\n\n\n\n<p id=\"viewer-9lvdq\"><em>\u201cAcreditamos que a safra recorde que teremos, aliada \u00e0 redu\u00e7\u00e3o de custos de produ\u00e7\u00e3o em rela\u00e7\u00e3o ao \u00faltimo ano, resultar\u00e1 na retomada de investimentos no final do primeiro trimestre. Estamos trabalhando para setorizar ainda mais a feira, ampliando o pavilh\u00e3o do agroneg\u00f3cio<\/em><\/p>\n\n\n\n<p id=\"viewer-cg90k\"><em>para receber com mais conforto o setor de insumos agr\u00edcolas. Teremos tamb\u00e9m a \u00e1rea para m\u00e1quinas da linha amarela (constru\u00e7\u00e3o civil), o espa\u00e7o da energia solar e um agrupamento das empresas de tratores e pulverizadores\u201d, revela Silveira.<\/em><\/p>\n\n\n\n<p id=\"viewer-7gkct\">Um dos pontos fortes da Femec \u00e9 a presen\u00e7a dos principais bancos do pa\u00eds e de entidades que representam o setor. Institui\u00e7\u00f5es financeiras p\u00fablicas e privadas tradicionais na opera\u00e7\u00e3o de cr\u00e9dito agr\u00edcola v\u00e3o \u00e0 Femec com estrutura e equipe que prometem rodar as opera\u00e7\u00f5es in loco, buscando mais agilidade na libera\u00e7\u00e3o de recursos.<\/p>\n\n\n\n<p id=\"viewer-9gero\">O apoio e participa\u00e7\u00e3o da Federa\u00e7\u00e3o da Agricultura e Pecu\u00e1ria do Estado de Minas Gerais (Faemg), da Prefeitura de Uberl\u00e2ndia, do Sebrae e do Governo de Minas fortalecem ainda mais o papel da feira no cen\u00e1rio nacional.<\/p>\n\n\n\n<p id=\"viewer-dlc45\">Por fim, durante os dias do evento, o p\u00fablico contar\u00e1 com pain\u00e9is tem\u00e1ticos que discutir\u00e3o assuntos como perspectivas de mercado agropecu\u00e1rio, o papel da mulher \u00daltima edi\u00e7\u00e3o &#8211; foram registrados n\u00fameros recordes na Femec de 2022. A movimenta\u00e7\u00e3o de neg\u00f3cios foi superior a R$ 1 bilh\u00e3o com as vendas realizadas pelos 215 expositores presentes no parque. O p\u00fablico visitante foi de mais de 70 mil pessoas vindas das cinco regi\u00f5es do pa\u00eds.<\/p>\n\n\n\n<p id=\"viewer-4a6f5\"><strong>Servi\u00e7o<\/strong><\/p>\n\n\n\n<p id=\"viewer-7tm4k\"><em>Femec 2023<\/em><\/p>\n\n\n\n<p id=\"viewer-bajad\"><em>De 21 a 24 de mar\u00e7o, das 8h \u00e0s 20h<\/em><\/p>\n\n\n\n<p id=\"viewer-qmch\"><em>Parque de Exposi\u00e7\u00f5es Camaru, em Uberl\u00e2ndia (MG)<\/em><\/p>\n\n\n\n<p id=\"viewer-d028o\"><em>Ser\u00e1 exigido credenciamento para acesso ao local.<\/em><\/p>\n\n\n\n<p id=\"viewer-7b621\"><em>Saiba mais em http:\/\/www.femec.com.br<\/em><\/p>\n\n\n\n<ul class=\"wp-block-list\">\n<li>Fonte das informa\u00e7\u00f5es sobre ESG: Sebrae<\/li>\n<\/ul>\n","protected":false},"excerpt":{"rendered":"<p>De 21 a 24 de mar\u00e7o, o Sindicato Rural de Uberl\u00e2ndia realizar\u00e1 no Parque de Exposi\u00e7\u00f5es Camaru, a 10\u00aa edi\u00e7\u00e3o da Feira do Agroneg\u00f3cio Mineiro (Femec), com entrada e estacionamento<\/p>\n","protected":false},"author":1,"featured_media":4590,"comment_status":"open","ping_status":"open","sticky":false,"template":"","format":"standard","meta":{"footnotes":""},"categories":[1],"tags":[],"class_list":["post-4589","post","type-post","status-publish","format-standard","has-post-thumbnail","hentry","category-noticias"],"_links":{"self":[{"href":"https:\/\/revistahubclub.com.br\/portal\/wp-json\/wp\/v2\/posts\/4589","targetHints":{"allow":["GET"]}}],"collection":[{"href":"https:\/\/revistahubclub.com.br\/portal\/wp-json\/wp\/v2\/posts"}],"about":[{"href":"https:\/\/revistahubclub.com.br\/portal\/wp-json\/wp\/v2\/types\/post"}],"author":[{"embeddable":true,"href":"https:\/\/revistahubclub.com.br\/portal\/wp-json\/wp\/v2\/users\/1"}],"replies":[{"embeddable":true,"href":"https:\/\/revistahubclub.com.br\/portal\/wp-json\/wp\/v2\/comments?post=4589"}],"version-history":[{"count":1,"href":"https:\/\/revistahubclub.com.br\/portal\/wp-json\/wp\/v2\/posts\/4589\/revisions"}],"predecessor-version":[{"id":4591,"href":"https:\/\/revistahubclub.com.br\/portal\/wp-json\/wp\/v2\/posts\/4589\/revisions\/4591"}],"wp:featuredmedia":[{"embeddable":true,"href":"https:\/\/revistahubclub.com.br\/portal\/wp-json\/wp\/v2\/media\/4590"}],"wp:attachment":[{"href":"https:\/\/revistahubclub.com.br\/portal\/wp-json\/wp\/v2\/media?parent=4589"}],"wp:term":[{"taxonomy":"category","embeddable":true,"href":"https:\/\/revistahubclub.com.br\/portal\/wp-json\/wp\/v2\/categories?post=4589"},{"taxonomy":"post_tag","embeddable":true,"href":"https:\/\/revistahubclub.com.br\/portal\/wp-json\/wp\/v2\/tags?post=4589"}],"curies":[{"name":"wp","href":"https:\/\/api.w.org\/{rel}","templated":true}]}}