{"id":459,"date":"2024-10-14T15:44:58","date_gmt":"2024-10-14T18:44:58","guid":{"rendered":"https:\/\/revistahubclub.com.br\/portal\/?p=459"},"modified":"2024-12-11T15:45:34","modified_gmt":"2024-12-11T18:45:34","slug":"bairro-fundinho-o-coracao-historico-de-uberlandia","status":"publish","type":"post","link":"https:\/\/revistahubclub.com.br\/portal\/2024\/10\/14\/bairro-fundinho-o-coracao-historico-de-uberlandia\/","title":{"rendered":"Bairro Fundinho &#8211; O cora\u00e7\u00e3o hist\u00f3rico de Uberl\u00e2ndia"},"content":{"rendered":"\n<p id=\"viewer-foo\"><strong><em>Ariele Roberta | Fotos Divulga\u00e7\u00e3o<\/em><\/strong><\/p>\n\n\n\n<p id=\"viewer-e1o2r229\">Quantas hist\u00f3rias, neg\u00f3cios, empresas e fam\u00edlias esse bairro nos traz. Para entender melhor sobre esse encanto, entrevistei a jornalista e apresentadora M\u00f4nica Cunha, que compartilha do mesmo amor que eu pelo Fundinho. Tive a oportunidade de assistir \u00e0 uma leitura de suas cr\u00f4nicas, onde ela falava com tanto carinho sobre o bairro e decidi entrevist\u00e1-la para este artigo. Para M\u00f4nica, cada canto tem uma hist\u00f3ria para contar: \u201cEu nasci em Uberl\u00e2ndia, numa manh\u00e3 de domingo. Fui criada no bairro Fundinho entre as ruas Augusto C\u00e9sar e General Os\u00f3rio. A fam\u00edlia da minha m\u00e3e veio da comunidade Rio das Pedras e a do meu pai de Tupaciguara. Brinquei de carimbada nas ruas ainda de paralelep\u00edpedos. Mudei de Uberl\u00e2ndia duas vezes, para Goi\u00e2nia e para o Rio de Janeiro, mas aqui \u00e9 o meu ref\u00fagio,\u201d afirma. M\u00f4nica conta tamb\u00e9m que o bairro lhe traz belas recorda\u00e7\u00f5es, \u00e9 o lugar onde foi criada, onde se apaixonou pela primeira vez e mora at\u00e9 hoje: \u201cS\u00e3o tantas mem\u00f3rias colecionadas na minha vida. Uma das que compartilho \u00e9 de jogar carimbada no meio da rua com as crian\u00e7as da vizinhan\u00e7a. De n\u00f3s todos sentados no alpendre jogando conversa fora e de saborear jabuticabas nos quintais\u201d, conta. Essas lembran\u00e7as e hist\u00f3rias da M\u00f4nica nos fazem refletir sobre as coisas simples da vida e o quanto s\u00e3o prazerosos e marcantes esses momentos. Percebemos que o Fundinho \u00e9 mais do que um bairro; \u00e9 um lugar onde as mem\u00f3rias ganham vida, que acolhe e inspira. Muitos escolhem esta cidade e esse bairro para viver, construir suas carreiras e formar suas fam\u00edlias. Que possamos sempre valorizar nossas ra\u00edzes e celebrar a riqueza cultural que faz de Uberl\u00e2ndia um lugar t\u00e3o especial! Ariele Roberta \u00e9 fundadora da Ag\u00eancia Oli Consultoria e Marketing. Graduada em Comunica\u00e7\u00e3o Social-Jornalismo. Possui certifica\u00e7\u00f5es em An\u00e1lise de Perfil Comportamental e Coaching.Neste m\u00eas de anivers\u00e1rio de Uberl\u00e2ndia, celebramos n\u00e3o apenas a cidade, mas tamb\u00e9m as hist\u00f3rias e tradi\u00e7\u00f5es que moldam sua identidade. E n\u00e3o poderia deixar de citar o Fundinho, o bairro mais antigo e charmoso, o centro hist\u00f3rico de Uberl\u00e2ndia, fundado h\u00e1 cerca de 150 anos, onde a hist\u00f3ria e a modernidade se encontram em cada esquina.<\/p>\n\n\n\n<p id=\"viewer-8nsgb124\">Nele, a tradi\u00e7\u00e3o mineira \u00e9 vis\u00edvel em cada detalhe, desde a arquitetura colonial at\u00e9 o modo acolhedor de seus moradores. Ao mesmo tempo, o bairro abra\u00e7a a modernidade, criando um ambiente \u00fanico e encantador.<\/p>\n\n\n\n<p id=\"viewer-uzrce129\">As ruas, os casar\u00f5es hist\u00f3ricos, as pra\u00e7as, as belas lojas, boutiques de alto padr\u00e3o e os caf\u00e9s aconchegantes tornam o bairro um verdadeiro tesouro de Uberl\u00e2ndia. Nele, est\u00e1 localizado tamb\u00e9m o Mercado Municipal, a Casa da Cultura, o Museu Universit\u00e1rio de Arte e a Biblioteca P\u00fablica Municipal Juscelino Kubitschek, uns dos pontos tur\u00edsticos do bairro e da cidade.<\/p>\n\n\n\n<p id=\"viewer-0wfrc135\">Quantas hist\u00f3rias, neg\u00f3cios, empresas e fam\u00edlias esse bairro nos traz. Para entender melhor sobre esse encanto, entrevistei a jornalista e apresentadora M\u00f4nica Cunha, que compartilha do mesmo amor que eu pelo Fundinho. Tive a oportunidade de assistir \u00e0 uma leitura de suas cr\u00f4nicas, onde ela falava com tanto carinho sobre o bairro e decidi entrevist\u00e1-la para este artigo.<\/p>\n\n\n\n<p id=\"viewer-wykaq146\">Para M\u00f4nica, cada canto tem uma hist\u00f3ria para contar: \u201cEu nasci em Uberl\u00e2ndia, numa manh\u00e3 de domingo. Fui criada no bairro Fundinho entre as ruas Augusto C\u00e9sar e General Os\u00f3rio. A fam\u00edlia da minha m\u00e3e veio da comunidade Rio das Pedras e a do meu pai de Tupaciguara. Brinquei de carimbada nas ruas ainda de paralelep\u00edpedos. Mudei de Uberl\u00e2ndia duas vezes, para Goi\u00e2nia e para o Rio de Janeiro, mas aqui \u00e9 o meu ref\u00fagio,\u201d afirma.<\/p>\n\n\n\n<p id=\"viewer-cplaz154\">M\u00f4nica conta tamb\u00e9m que o bairro lhe traz belas recorda\u00e7\u00f5es, \u00e9 o lugar onde foi criada, onde se apaixonou pela primeira vez e mora at\u00e9 hoje: \u201cS\u00e3o tantas mem\u00f3rias colecionadas na minha vida. Uma das que compartilho \u00e9 de jogar carimbada no meio da rua com as crian\u00e7as da vizinhan\u00e7a. De n\u00f3s todos sentados no alpendre jogando conversa fora e de saborear jabuticabas nos quintais\u201d, conta.<\/p>\n\n\n\n<p id=\"viewer-31cce163\">Essas lembran\u00e7as e hist\u00f3rias da M\u00f4nica nos fazem refletir sobre as coisas simples da vida e o quanto s\u00e3o prazerosos e marcantes esses momentos. Percebemos que o Fundinho \u00e9 mais do que um bairro; \u00e9 um lugar onde as mem\u00f3rias ganham vida, que acolhe e inspira.<\/p>\n\n\n\n<p id=\"viewer-e80p0173\">Muitos escolhem esta cidade e esse bairro para viver, construir suas carreiras e formar suas fam\u00edlias. Que possamos sempre valorizar nossas ra\u00edzes e celebrar a riqueza cultural que faz de Uberl\u00e2ndia um lugar t\u00e3o especial!<\/p>\n\n\n\n<p id=\"viewer-l3jfe195\"><strong><em>Ariele Roberta \u00e9 fundadora da Ag\u00eancia Oli Consultoria e Marketing. Graduada em Comunica\u00e7\u00e3o Social-Jornalismo. Possui certifica\u00e7\u00f5es em An\u00e1lise de Perfil Comportamental e Coaching.<\/em><\/strong><\/p>\n","protected":false},"excerpt":{"rendered":"<p>Ariele Roberta | Fotos Divulga\u00e7\u00e3o Quantas hist\u00f3rias, neg\u00f3cios, empresas e fam\u00edlias esse bairro nos traz. Para entender melhor sobre esse encanto, entrevistei a jornalista e apresentadora M\u00f4nica Cunha, que compartilha<\/p>\n","protected":false},"author":1,"featured_media":460,"comment_status":"open","ping_status":"open","sticky":false,"template":"","format":"standard","meta":{"footnotes":""},"categories":[1],"tags":[],"class_list":["post-459","post","type-post","status-publish","format-standard","has-post-thumbnail","hentry","category-noticias"],"_links":{"self":[{"href":"https:\/\/revistahubclub.com.br\/portal\/wp-json\/wp\/v2\/posts\/459","targetHints":{"allow":["GET"]}}],"collection":[{"href":"https:\/\/revistahubclub.com.br\/portal\/wp-json\/wp\/v2\/posts"}],"about":[{"href":"https:\/\/revistahubclub.com.br\/portal\/wp-json\/wp\/v2\/types\/post"}],"author":[{"embeddable":true,"href":"https:\/\/revistahubclub.com.br\/portal\/wp-json\/wp\/v2\/users\/1"}],"replies":[{"embeddable":true,"href":"https:\/\/revistahubclub.com.br\/portal\/wp-json\/wp\/v2\/comments?post=459"}],"version-history":[{"count":1,"href":"https:\/\/revistahubclub.com.br\/portal\/wp-json\/wp\/v2\/posts\/459\/revisions"}],"predecessor-version":[{"id":461,"href":"https:\/\/revistahubclub.com.br\/portal\/wp-json\/wp\/v2\/posts\/459\/revisions\/461"}],"wp:featuredmedia":[{"embeddable":true,"href":"https:\/\/revistahubclub.com.br\/portal\/wp-json\/wp\/v2\/media\/460"}],"wp:attachment":[{"href":"https:\/\/revistahubclub.com.br\/portal\/wp-json\/wp\/v2\/media?parent=459"}],"wp:term":[{"taxonomy":"category","embeddable":true,"href":"https:\/\/revistahubclub.com.br\/portal\/wp-json\/wp\/v2\/categories?post=459"},{"taxonomy":"post_tag","embeddable":true,"href":"https:\/\/revistahubclub.com.br\/portal\/wp-json\/wp\/v2\/tags?post=459"}],"curies":[{"name":"wp","href":"https:\/\/api.w.org\/{rel}","templated":true}]}}