{"id":4649,"date":"2023-03-13T14:59:00","date_gmt":"2023-03-13T17:59:00","guid":{"rendered":"https:\/\/revistahubclub.com.br\/portal\/?p=4649"},"modified":"2024-12-17T15:00:10","modified_gmt":"2024-12-17T18:00:10","slug":"udikar-inovacao-em-mobilidade-corporativa","status":"publish","type":"post","link":"https:\/\/revistahubclub.com.br\/portal\/2023\/03\/13\/udikar-inovacao-em-mobilidade-corporativa\/","title":{"rendered":"Udikar, inova\u00e7\u00e3o em mobilidade corporativa"},"content":{"rendered":"\n<p id=\"viewer-afrvr\">No m\u00eas de fevereiro de 2023, a Udikar, primeira startup de inova\u00e7\u00e3o do sistema de transporte urbano e corporativo da cidade de Uberl\u00e2ndia (MG), celebra cinco anos de atividades. Fundada em 2018, em Uberl\u00e2ndia, tem filial em Tr\u00eas Lagoas (MS) e conta com opera\u00e7\u00f5es em seis cidades nos estados de Minas Gerais, Bahia, Goi\u00e1s e Mato Grosso do Sul. S\u00e3o mais de 5 mil motoristas cadastrados, mais de 150 mil usu\u00e1rios da plataforma e mais de 1,5 milh\u00e3o de viagens conclu\u00eddas. Em Santo Ant\u00f4nio de Jesus e Cruz das Almas desde 2018, est\u00e1 expandindo as opera\u00e7\u00f5es na regi\u00e3o de Salvador (BA) e planejando a abertura de uma nova filial. De acordo com Milton Lima, cofundador da Udikar, a empresa tem motivos para celebrar, apesar dos grandes desafios enfrentados, incluindo a pandemia.<\/p>\n\n\n\n<p id=\"viewer-d8tro\"><em>( Os fundadores da Udikar, Milton Lima e<\/em> <em>Edvaldo Vieira )<\/em><\/p>\n\n\n\n<p id=\"viewer-4ks2t\">Enquanto a maioria das startups n\u00e3o sobrevive aos primeiros 5 anos em circunst\u00e2ncias normais, a Udikar se mant\u00e9m firme e cada vez mais forte. Lima atribui o sucesso da empresa \u00e0 sua miss\u00e3o de simplificar a vida das pessoas e das empresas, al\u00e9m de melhorar a qualidade de vida por meio da cria\u00e7\u00e3o de oportunidades de renda para pais de fam\u00edlia que precisam cumprir com suas obriga\u00e7\u00f5es financeiras. Ele destaca a import\u00e2ncia da ades\u00e3o dos clientes \u00e0 miss\u00e3o da empresa como um dos fatores fundamentais para o sucesso alcan\u00e7ado.<\/p>\n\n\n\n<p id=\"viewer-8a9mg\"><strong>Premiada<\/strong><\/p>\n\n\n\n<p id=\"viewer-fmra6\">Como resultado do compromisso de oferecer aos usu\u00e1rios uma experi\u00eancia de viagem segura, confort\u00e1vel e conveniente, a Udikar foi reconhecida por tr\u00eas anos consecutivos pela popula\u00e7\u00e3o como o melhor aplicativo de transporte de mobilidade urbana da cidade de Santo Ant\u00f4nio de Jesus (BA) atrav\u00e9s do Pr\u00eamio Fama.<\/p>\n\n\n\n<figure class=\"wp-block-image\"><img decoding=\"async\" src=\"https:\/\/static.wixstatic.com\/media\/cf07ad_86657c278c90477f83d75447670bf33c~mv2.jpeg\/v1\/fill\/w_592,h_394,al_c,q_80,usm_0.66_1.00_0.01,enc_auto\/cf07ad_86657c278c90477f83d75447670bf33c~mv2.jpeg\" alt=\"\"\/><\/figure>\n\n\n\n<p id=\"viewer-54jn3\"><strong>Inova\u00e7\u00e3o<\/strong><\/p>\n\n\n\n<p id=\"viewer-b5gp5\">A Udikar desenvolveu uma solu\u00e7\u00e3o inovadora para atender as demandas do setor de transporte corporativo e urbano. A empresa se dedicou em implementar tecnologia e melhorias no gerenciamento para proporcionar uma experi\u00eancia de qualidade ao colaborador, o executivo, no translado com agilidade, conforto e seguran\u00e7a, seja indo para o trabalho, para a reuni\u00e3o, ou retornando para casa depois de um dia duro de trabalho, com at\u00e9 30% de economia para a empresa. O transporte urbano, segundo Edvaldo, cofundador da Udikar, \u00e9 essencial para promover o desenvolvimento econ\u00f4mico e o bem-estar das pessoas em cidades de diferentes tamanhos, estendendo assim a evolu\u00e7\u00e3o tecnol\u00f3gica.<\/p>\n\n\n\n<p id=\"viewer-3pe93\"><strong>Op\u00e7\u00f5es de transporte<\/strong><\/p>\n\n\n\n<p id=\"viewer-1trlc\">A Udikar tem trabalhado para oferecer op\u00e7\u00f5es de transporte acess\u00edveis e convenientes como t\u00e1xis, motot\u00e1xis e carros particulares \u00e0s cidades pequenas e m\u00e9dias, sendo dispon\u00edveis com apenas alguns cliques. Al\u00e9m disso, tem colaborado com prefeituras e outras organiza\u00e7\u00f5es para melhorar a infraestrutura de transporte e promover solu\u00e7\u00f5es mais sustent\u00e1veis.<\/p>\n\n\n\n<p id=\"viewer-56p57\"><strong>Balan\u00e7o e perspectivas<\/strong><\/p>\n\n\n\n<p id=\"viewer-2lu79\">No primeiro ano ap\u00f3s a pandemia, a Udikar atingiu um recorde de faturamento anual e as expectativas para 2023 s\u00e3o ainda maiores, com um aumento de mais de 30% no faturamento de janeiro em rela\u00e7\u00e3o \u00e0 m\u00e9dia mensal de 2022. A empresa tamb\u00e9m planeja uma expans\u00e3o agressiva em novas cidades e aquisi\u00e7\u00e3o de mais clientes corporativos. Para Edvaldo, o sucesso at\u00e9 o momento s\u00f3 foi poss\u00edvel gra\u00e7as ao apoio de todas as partes envolvidas: usu\u00e1rios, empresas, motoristas, passageiros, parceiros de neg\u00f3cios e a equipe de colaboradores que formam a Fam\u00edlia Udikar. Com um planejamento estrat\u00e9gico para os pr\u00f3ximos cinco anos, a Udikar est\u00e1 comprometida em fornecer solu\u00e7\u00f5es inteligentes para a mobilidade urbana e corporativa, gerando facilidade, receita e impacto positivo na qualidade de vida das pessoas.<\/p>\n\n\n\n<p id=\"viewer-dasbr\"><strong>Veja como \u00e9 f\u00e1cil contratar a Udikar<\/strong><\/p>\n\n\n\n<figure class=\"wp-block-image\"><img decoding=\"async\" src=\"https:\/\/static.wixstatic.com\/media\/cf07ad_c4ad84f7666749c8bf4185b90819689a~mv2.jpg\/v1\/fill\/w_592,h_357,al_c,q_80,usm_0.66_1.00_0.01,enc_auto\/cf07ad_c4ad84f7666749c8bf4185b90819689a~mv2.jpg\" alt=\"\"\/><\/figure>\n\n\n\n<p id=\"viewer-3m1gt\">E s\u00f3 levar a demanda de translado de colaboradores, executivos e encomendas que a Udikar elabora uma proposta customizada para a sua empresa, atendendo com excel\u00eancia a um custo bem mais atrativo.<\/p>\n\n\n\n<p id=\"viewer-4p1ss\"><strong>Como funciona o operacional?<\/strong><\/p>\n\n\n\n<p id=\"viewer-cd70d\">Uma vez fechada a parceria, o processo de solicita\u00e7\u00e3o da viagem \u00e9 bem simples:<\/p>\n\n\n\n<p id=\"viewer-d6ldk\">&#8211; Temos uma equipe de atendimento 24 horas por dia, 7 dias por semana para receber a solicita\u00e7\u00e3o.<\/p>\n\n\n\n<p id=\"viewer-2pelg\">&#8211; Disponibilizamos plataforma de agendamento para a sua empresa.<\/p>\n\n\n\n<figure class=\"wp-block-image\"><img decoding=\"async\" src=\"https:\/\/static.wixstatic.com\/media\/cf07ad_f3339a284019494fa39e5ebdac9e621f~mv2.png\/v1\/fill\/w_406,h_202,al_c,q_85,usm_0.66_1.00_0.01,enc_auto\/cf07ad_f3339a284019494fa39e5ebdac9e621f~mv2.png\" alt=\"\"\/><\/figure>\n\n\n\n<p id=\"viewer-fm1gj\"><strong>SOLICITA\u00c7\u00c3O:<\/strong> o respons\u00e1vel da sua empresa acessa a plataforma e realiza o agendamento da viagem, imediata ou posterior.<\/p>\n\n\n\n<p id=\"viewer-51n55\"><strong>DESPACHANTE: <\/strong>nossa equipe recebe o agendamento, despacha o motorista e acompanha a realiza\u00e7\u00e3o da viagem.<\/p>\n\n\n\n<p id=\"viewer-ck9e6\"><strong>FINANCEIRO:<\/strong> nosso setor financeiro realiza o fechamento das viagens conforme negociado, quinzenal ou mensal e envia para aprova\u00e7\u00e3o e emiss\u00e3o da nota fiscal.<\/p>\n\n\n\n<p id=\"viewer-cl25t\">A Udikar \u00e9 refer\u00eancia em inova\u00e7\u00e3o em mobilidade urbana na regi\u00e3o. Utilizada para solucionar as dores detectadas de maneira eficiente e segura. Acesse: <a target=\"_blank\" href=\"http:\/\/www.udikar.com.br\/\" rel=\"noreferrer noopener\"><u>www.udikar.com.br<\/u><\/a><\/p>\n","protected":false},"excerpt":{"rendered":"<p>No m\u00eas de fevereiro de 2023, a Udikar, primeira startup de inova\u00e7\u00e3o do sistema de transporte urbano e corporativo da cidade de Uberl\u00e2ndia (MG), celebra cinco anos de atividades. Fundada<\/p>\n","protected":false},"author":1,"featured_media":4650,"comment_status":"open","ping_status":"open","sticky":false,"template":"","format":"standard","meta":{"footnotes":""},"categories":[1],"tags":[],"class_list":["post-4649","post","type-post","status-publish","format-standard","has-post-thumbnail","hentry","category-noticias"],"_links":{"self":[{"href":"https:\/\/revistahubclub.com.br\/portal\/wp-json\/wp\/v2\/posts\/4649","targetHints":{"allow":["GET"]}}],"collection":[{"href":"https:\/\/revistahubclub.com.br\/portal\/wp-json\/wp\/v2\/posts"}],"about":[{"href":"https:\/\/revistahubclub.com.br\/portal\/wp-json\/wp\/v2\/types\/post"}],"author":[{"embeddable":true,"href":"https:\/\/revistahubclub.com.br\/portal\/wp-json\/wp\/v2\/users\/1"}],"replies":[{"embeddable":true,"href":"https:\/\/revistahubclub.com.br\/portal\/wp-json\/wp\/v2\/comments?post=4649"}],"version-history":[{"count":1,"href":"https:\/\/revistahubclub.com.br\/portal\/wp-json\/wp\/v2\/posts\/4649\/revisions"}],"predecessor-version":[{"id":4651,"href":"https:\/\/revistahubclub.com.br\/portal\/wp-json\/wp\/v2\/posts\/4649\/revisions\/4651"}],"wp:featuredmedia":[{"embeddable":true,"href":"https:\/\/revistahubclub.com.br\/portal\/wp-json\/wp\/v2\/media\/4650"}],"wp:attachment":[{"href":"https:\/\/revistahubclub.com.br\/portal\/wp-json\/wp\/v2\/media?parent=4649"}],"wp:term":[{"taxonomy":"category","embeddable":true,"href":"https:\/\/revistahubclub.com.br\/portal\/wp-json\/wp\/v2\/categories?post=4649"},{"taxonomy":"post_tag","embeddable":true,"href":"https:\/\/revistahubclub.com.br\/portal\/wp-json\/wp\/v2\/tags?post=4649"}],"curies":[{"name":"wp","href":"https:\/\/api.w.org\/{rel}","templated":true}]}}