{"id":4758,"date":"2023-03-08T15:04:00","date_gmt":"2023-03-08T18:04:00","guid":{"rendered":"https:\/\/revistahubclub.com.br\/portal\/?p=4758"},"modified":"2024-12-17T15:05:07","modified_gmt":"2024-12-17T18:05:07","slug":"biblioteca-municipal-de-uberlandia-recebe-palestras-sobre-saude-feminina-e-empreendedorismo","status":"publish","type":"post","link":"https:\/\/revistahubclub.com.br\/portal\/2023\/03\/08\/biblioteca-municipal-de-uberlandia-recebe-palestras-sobre-saude-feminina-e-empreendedorismo\/","title":{"rendered":"Biblioteca Municipal de Uberl\u00e2ndia recebe palestras sobre sa\u00fade feminina e empreendedorismo"},"content":{"rendered":"\n<p id=\"viewer-55dbf\">Em comemora\u00e7\u00e3o ao m\u00eas dedicado \u00e0 celebra\u00e7\u00e3o das mulheres, a Secretaria Municipal de Cultura e Turismo promove a\u00e7\u00f5es voltadas para o p\u00fablico feminino nesta semana.<\/p>\n\n\n\n<p id=\"viewer-cn3kf\">A Biblioteca P\u00fablica Municipal sediar\u00e1 duas palestras: nesta quinta-feira (9), o tema \u00e9 \u201cSa\u00fade Mental e \u00cdntima Feminina: a Import\u00e2ncia do Corpo Como Um Todo\u201d; na sexta (10), o destaque \u00e9 para \u201cEmpreendedoras Criativas\u201d.<\/p>\n\n\n\n<p id=\"viewer-fbfk2\">As inscri\u00e7\u00f5es est\u00e3o abertas e podem ser feitas via WhatsApp, pelo n\u00famero (34) 3234-1600.<\/p>\n\n\n\n<p id=\"viewer-30pnm\"><em>(Samantha Godoy, colunista Hub )<\/em><\/p>\n\n\n\n<p id=\"viewer-103ic\">Conduzida pela especialista em imagem pessoal, profissional e corporativa, Samantha Godoy, a palestra \u201cEmpreendedoras Criativas\u201d ocorrer\u00e1 na quinta, \u00e0s 18h30, na Sala Multiuso.<\/p>\n\n\n\n<p id=\"viewer-41uqa\">J\u00e1 a palestra \u201cSa\u00fade Mental e \u00cdntima Feminina: a Import\u00e2ncia do Corpo Como Um Todo\u201d tem como convidada a fisioterapeuta p\u00e9lvica e especialista em sa\u00fade da mulher Ver\u00f4nica Souza. A palestra acontecer\u00e1 \u00e0s 17h, da pr\u00f3xima sexta, tamb\u00e9m na Sala Multiuso.<\/p>\n\n\n\n<p id=\"viewer-db46e\"><strong>Servi\u00e7o:<\/strong><\/p>\n\n\n\n<p id=\"viewer-86h9g\">O qu\u00ea: Palestras \u2013 M\u00eas da Mulher<\/p>\n\n\n\n<p id=\"viewer-d5gh2\">Quando: quinta (9) \u00e0s 18h30 e sexta-feira (10) \u00e0s 17h<\/p>\n\n\n\n<p id=\"viewer-63mrs\">Onde: Biblioteca P\u00fablica Municipal<\/p>\n\n\n\n<p id=\"viewer-arsc4\">Inscri\u00e7\u00f5es: Via Whatsapp pelo n\u00famero (34) 3234-1600<\/p>\n","protected":false},"excerpt":{"rendered":"<p>Em comemora\u00e7\u00e3o ao m\u00eas dedicado \u00e0 celebra\u00e7\u00e3o das mulheres, a Secretaria Municipal de Cultura e Turismo promove a\u00e7\u00f5es voltadas para o p\u00fablico feminino nesta semana. A Biblioteca P\u00fablica Municipal sediar\u00e1<\/p>\n","protected":false},"author":1,"featured_media":4759,"comment_status":"open","ping_status":"open","sticky":false,"template":"","format":"standard","meta":{"footnotes":""},"categories":[1],"tags":[],"class_list":["post-4758","post","type-post","status-publish","format-standard","has-post-thumbnail","hentry","category-noticias"],"_links":{"self":[{"href":"https:\/\/revistahubclub.com.br\/portal\/wp-json\/wp\/v2\/posts\/4758","targetHints":{"allow":["GET"]}}],"collection":[{"href":"https:\/\/revistahubclub.com.br\/portal\/wp-json\/wp\/v2\/posts"}],"about":[{"href":"https:\/\/revistahubclub.com.br\/portal\/wp-json\/wp\/v2\/types\/post"}],"author":[{"embeddable":true,"href":"https:\/\/revistahubclub.com.br\/portal\/wp-json\/wp\/v2\/users\/1"}],"replies":[{"embeddable":true,"href":"https:\/\/revistahubclub.com.br\/portal\/wp-json\/wp\/v2\/comments?post=4758"}],"version-history":[{"count":1,"href":"https:\/\/revistahubclub.com.br\/portal\/wp-json\/wp\/v2\/posts\/4758\/revisions"}],"predecessor-version":[{"id":4760,"href":"https:\/\/revistahubclub.com.br\/portal\/wp-json\/wp\/v2\/posts\/4758\/revisions\/4760"}],"wp:featuredmedia":[{"embeddable":true,"href":"https:\/\/revistahubclub.com.br\/portal\/wp-json\/wp\/v2\/media\/4759"}],"wp:attachment":[{"href":"https:\/\/revistahubclub.com.br\/portal\/wp-json\/wp\/v2\/media?parent=4758"}],"wp:term":[{"taxonomy":"category","embeddable":true,"href":"https:\/\/revistahubclub.com.br\/portal\/wp-json\/wp\/v2\/categories?post=4758"},{"taxonomy":"post_tag","embeddable":true,"href":"https:\/\/revistahubclub.com.br\/portal\/wp-json\/wp\/v2\/tags?post=4758"}],"curies":[{"name":"wp","href":"https:\/\/api.w.org\/{rel}","templated":true}]}}