{"id":4764,"date":"2023-03-07T15:05:00","date_gmt":"2023-03-07T18:05:00","guid":{"rendered":"https:\/\/revistahubclub.com.br\/portal\/?p=4764"},"modified":"2024-12-17T15:06:30","modified_gmt":"2024-12-17T18:06:30","slug":"evento-granja-na-rua-volta-a-ser-realizado-em-uberlandia-com-homenagem-as-mulheres","status":"publish","type":"post","link":"https:\/\/revistahubclub.com.br\/portal\/2023\/03\/07\/evento-granja-na-rua-volta-a-ser-realizado-em-uberlandia-com-homenagem-as-mulheres\/","title":{"rendered":"Evento &#8220;Granja na Rua&#8221; volta a ser realizado em Uberl\u00e2ndia com homenagem \u00e0s Mulheres"},"content":{"rendered":"\n<p id=\"viewer-9j1mq\">Depois de um breve recesso o Granja na Rua, evento mais aguardado do Granja Marileusa, volta na pr\u00f3xima quinta-feira, 9 de mar\u00e7o, com uma edi\u00e7\u00e3o em homenagem \u00e0s mulheres. O show da noite ser\u00e1 com duas cantoras que recentemente lan\u00e7aram um trabalho juntas: Juliana Gomes e Laura Rogalli. Pela primeira vez elas se apresentam com uma banda 100% feminina, com um repert\u00f3rio que vai celebrar grandes mulheres da m\u00fasica.<\/p>\n\n\n\n<p id=\"viewer-flnsd\">Natural de Uberaba, Ju Gomes participou da primeira edi\u00e7\u00e3o do The Voice Brasil, no time de Cl\u00e1udia Leitte e integra o projeto Divas, em Uberl\u00e2ndia. J\u00e1 Laura Rogalli venceu com sua banda Minimal o festival Tri\u00e2ngulo Music, foi finalista do concurso nacional EDP Live Bands e premiada no Pixel Show, em S\u00e3o Paulo como melhor m\u00fasica do evento.<\/p>\n\n\n\n<p id=\"viewer-a7llh\">\u201cO projeto do duo surgiu de forma bem despretensiosa, come\u00e7amos a gravar algumas coisas juntas durante a pandemia e a repercuss\u00e3o na rede foi grande. Com a retomada dos shows presenciais come\u00e7amos a ser procuradas para nos apresentarmos juntas e come\u00e7amos a aprimorar o projeto. A gente j\u00e1 conhecia o Granja na Rua, como p\u00fablico, e agora, no palco, \u00e9 uma honra pra n\u00f3s participar como artistas\u201d, conta Ju Gomes.<\/p>\n\n\n\n<p id=\"viewer-49tgu\">Jos\u00e9 In\u00e1cio, diretor do Granja Marileusa adianta que o evento segue se aprimorando, sem alterar muito a configura\u00e7\u00e3o. \u201cContinuamos com a Dom Estrat\u00e9gias Criativas cuidando dos detalhes pra gente e agora com patrocinadores, mantemos a configura\u00e7\u00e3o que o p\u00fablico gosta &#8211; feira de artesanato, food truck, cerveja artesanal &#8211; com espa\u00e7o de Neg\u00f3cios aberto e mais de comodidade para o p\u00fablico\u201d.<\/p>\n\n\n\n<p id=\"viewer-brh2i\"><strong>PARCERIA COM PROJETO SOCIAL<\/strong><\/p>\n\n\n\n<p id=\"viewer-fo01k\">Edina Franco Gouveia, Diretora do Granja Marileusa e presidente da AME &#8211; Associa\u00e7\u00e3o de Moradores e Empresas, v\u00ea a edi\u00e7\u00e3o deste m\u00eas como uma homenagem \u00e0 for\u00e7a feminina do bairro, presente em v\u00e1rias empresas, mas tamb\u00e9m \u00e0 sororidade.<\/p>\n\n\n\n<p id=\"viewer-gq8i\">\u201cPara apoiar mulheres que vivem em situa\u00e7\u00e3o de vulnerabilidade social em Uberl\u00e2ndia. Neste m\u00eas teremos uma parceria com o projeto social RockAid, que est\u00e1 recebendo doa\u00e7\u00f5es de itens de higiene feminina para forma\u00e7\u00e3o de kits que ser\u00e3o entregues no final do m\u00eas e tenho certeza que o p\u00fablico do Granja vai ajudar\u201d.<\/p>\n\n\n\n<p id=\"viewer-1ke45\">Para o RockAid, o Granja na Rua \u00e9 um espa\u00e7o importante para que mais pessoas conhe\u00e7am o projeto. Iniciado na pandemia, o coletivo fornece refei\u00e7\u00f5es quinzenalmente para dois assentamentos de Uberl\u00e2ndia, Man\u00e1 e Renascer.<\/p>\n\n\n\n<p id=\"viewer-8ie0r\">Visitando esses lugares tiveram contato com muitas mulheres e meninas que enfrentavam a pobreza menstrual. \u201cCome\u00e7amos uma Campanha permanente contra a Pobreza Menstrual, Higiene e Limpeza Pessoal e arrecadamos mais de 10 mil absorventes e outros itens de higiene feminina. Esperamos superar este n\u00famero neste ano\u201d, afirmam Jorge Albernaz e Cl\u00e9ber Oliveira, dois dos idealizadores do projeto que surgiu na pandemia unindo rock e solidariedade.<\/p>\n\n\n\n<p id=\"viewer-9ph8q\"><strong>SERVI\u00c7O:<\/strong><\/p>\n\n\n\n<p id=\"viewer-ffir4\">O QUE: Granja na Rua &#8211; Edi\u00e7\u00e3o M\u00eas das Mulheres<\/p>\n\n\n\n<p id=\"viewer-1dr7c\">QUANDO: quinta, 9 de Mar\u00e7o<\/p>\n\n\n\n<p id=\"viewer-cmh20\">HOR\u00c1RIO: 18h \u00e0s 22h<\/p>\n\n\n\n<p id=\"viewer-38ubd\">ONDE: Espa\u00e7o Ciranda &#8211; Av. Floriano Peixoto, 5525- Granja Marileusa<\/p>\n\n\n\n<p id=\"viewer-2p1fd\">SHOW: Laura Rogalli e Juliana Gomes (das 19h \u00e0s 21h30)<\/p>\n\n\n\n<p id=\"viewer-epd51\">INSTAGRAM: @granjamarileusa<\/p>\n\n\n\n<p id=\"viewer-4t4fh\">ENTRADA FRANCA: a\u00e7\u00e3o especial com o RockAid com arrecada\u00e7\u00e3o de itens de higiene feminina para mulheres em vulnerabilidade social<\/p>\n","protected":false},"excerpt":{"rendered":"<p>Depois de um breve recesso o Granja na Rua, evento mais aguardado do Granja Marileusa, volta na pr\u00f3xima quinta-feira, 9 de mar\u00e7o, com uma edi\u00e7\u00e3o em homenagem \u00e0s mulheres. O<\/p>\n","protected":false},"author":1,"featured_media":4765,"comment_status":"open","ping_status":"open","sticky":false,"template":"","format":"standard","meta":{"footnotes":""},"categories":[1],"tags":[],"class_list":["post-4764","post","type-post","status-publish","format-standard","has-post-thumbnail","hentry","category-noticias"],"_links":{"self":[{"href":"https:\/\/revistahubclub.com.br\/portal\/wp-json\/wp\/v2\/posts\/4764","targetHints":{"allow":["GET"]}}],"collection":[{"href":"https:\/\/revistahubclub.com.br\/portal\/wp-json\/wp\/v2\/posts"}],"about":[{"href":"https:\/\/revistahubclub.com.br\/portal\/wp-json\/wp\/v2\/types\/post"}],"author":[{"embeddable":true,"href":"https:\/\/revistahubclub.com.br\/portal\/wp-json\/wp\/v2\/users\/1"}],"replies":[{"embeddable":true,"href":"https:\/\/revistahubclub.com.br\/portal\/wp-json\/wp\/v2\/comments?post=4764"}],"version-history":[{"count":1,"href":"https:\/\/revistahubclub.com.br\/portal\/wp-json\/wp\/v2\/posts\/4764\/revisions"}],"predecessor-version":[{"id":4766,"href":"https:\/\/revistahubclub.com.br\/portal\/wp-json\/wp\/v2\/posts\/4764\/revisions\/4766"}],"wp:featuredmedia":[{"embeddable":true,"href":"https:\/\/revistahubclub.com.br\/portal\/wp-json\/wp\/v2\/media\/4765"}],"wp:attachment":[{"href":"https:\/\/revistahubclub.com.br\/portal\/wp-json\/wp\/v2\/media?parent=4764"}],"wp:term":[{"taxonomy":"category","embeddable":true,"href":"https:\/\/revistahubclub.com.br\/portal\/wp-json\/wp\/v2\/categories?post=4764"},{"taxonomy":"post_tag","embeddable":true,"href":"https:\/\/revistahubclub.com.br\/portal\/wp-json\/wp\/v2\/tags?post=4764"}],"curies":[{"name":"wp","href":"https:\/\/api.w.org\/{rel}","templated":true}]}}