{"id":4767,"date":"2023-03-07T15:06:00","date_gmt":"2023-03-07T18:06:00","guid":{"rendered":"https:\/\/revistahubclub.com.br\/portal\/?p=4767"},"modified":"2024-12-17T15:07:05","modified_gmt":"2024-12-17T18:07:05","slug":"cafe-agro-apresenta-fenicafe-e-expoaraguari-de-28-de-marco-a-2-de-abril","status":"publish","type":"post","link":"https:\/\/revistahubclub.com.br\/portal\/2023\/03\/07\/cafe-agro-apresenta-fenicafe-e-expoaraguari-de-28-de-marco-a-2-de-abril\/","title":{"rendered":"Caf\u00e9 Agro apresenta Fenicaf\u00e9 e ExpoAraguari de 28 de mar\u00e7o a 2 de abril"},"content":{"rendered":"\n<p id=\"viewer-b1086\">Considerada a maior feira da cafeicultura irrigada em caf\u00e9 no Brasil e uma das principais difusoras de tecnologias no segmento, a Feira Nacional da Cafeicultura Irrigada (Fenicaf\u00e9) faz parte da Caf\u00e9 Agro &#8211; uma semana de eventos que se encerra com a ExpoAraguari.<\/p>\n\n\n\n<p id=\"viewer-2oao9\">Promovida pela Associa\u00e7\u00e3o dos Cafeicultores de Araguari (ACA) e pela Federa\u00e7\u00e3o dos Cafeicultores do Cerrado, com apoio da Embrapa Caf\u00e9 e Prefeitura Municipal, a 26\u00aa edi\u00e7\u00e3o da feira ocorrer\u00e1 no Parque de Exposi\u00e7\u00f5es Ministro Rondon Pacheco, de 28 mar\u00e7o a 02 de abril, e representa uma grande oportunidade de est\u00edmulo ao empreendedorismo em um espa\u00e7o prop\u00edcio para a realiza\u00e7\u00e3o de contatos, efetiva\u00e7\u00e3o de parcerias e amplia\u00e7\u00e3o de neg\u00f3cios.<\/p>\n\n\n\n<blockquote class=\"wp-block-quote is-layout-flow wp-block-quote-is-layout-flow\">\n<p>\u201cTodos os anos procuramos trazer para Araguari o que tem de mais inovador para a cafeicultura irrigada. Seja em conhecimento, servi\u00e7os ou equipamentos. Mas as palestras s\u00e3o o nosso diferencial. Os maiores palestrantes na \u00e1rea passam por aqui\u201d, adianta Claudio Morales Garcia, presidente da ACA.<\/p>\n<\/blockquote>\n\n\n\n<p id=\"viewer-f8f20\">Este ano, muitos palestrantes novos, que nunca estiveram em Araguari, participam da feira. \u201cA cada ano que se passa temos que nos reinventar para que o evento fique ainda mais atrativo para o p\u00fablico. Portanto, nosso conte\u00fado t\u00e9cnico envolve temas atuais como os biol\u00f3gicos para a cafeicultura; o clima no caf\u00e9 no Brasil e no mundo para as pr\u00f3ximas safras; as novidades na irriga\u00e7\u00e3o, tanto em sistemas, quanto em manejo e tamb\u00e9m do cen\u00e1rio macroecon\u00f4mico, que envolve n\u00e3o s\u00f3 o caf\u00e9 como tamb\u00e9m o agroneg\u00f3cio brasileiro\u201d, informa o professor Andr\u00e9 Lu\u00eds Teixeira Fernandes, pr\u00f3-reitor de pesquisas da Uniube e coordenador t\u00e9cnico da Fenicaf\u00e9.<\/p>\n\n\n\n<p id=\"viewer-6ng1i\">&#8220;A Fenicaf\u00e9 \u00e9 ideal para a disponibiliza\u00e7\u00e3o de solu\u00e7\u00f5es tecnol\u00f3gicas para o agroneg\u00f3cio caf\u00e9 e para a expans\u00e3o por meio da potencializa\u00e7\u00e3o do trabalho dos pequenos, m\u00e9dios e grandes produtores. J\u00e1 a 52\u00aa ExpoAraguari tem o melhor do entretenimento nacional e rodeio show&#8221;, explica a vice-prefeita Maria Cec\u00edlia.<\/p>\n\n\n\n<p id=\"viewer-9nk9h\">Para Eduardo Mosca, engenheiro agr\u00f4nomo e coordenador da feira, o grande diferencial da 26\u00aa edi\u00e7\u00e3o foi mant\u00ea-la no Parque de Exposi\u00e7\u00f5es Ministro Rondon Pacheco. \u201cIsso ampliou nossa \u00e1rea de exposi\u00e7\u00e3o. Este ano, ganhamos tamb\u00e9m mais um dia no evento, com o objetivo de fomentar ainda mais as negocia\u00e7\u00f5es entre as empresas expositoras e os produtores, garantindo pre\u00e7o, qualidade de atendimento e negocia\u00e7\u00e3o direta\u201d.<\/p>\n\n\n\n<p id=\"viewer-dqhbh\">Em 2022, a Fenicaf\u00e9 movimentou mais de R$ 150 milh\u00f5es, o que gera uma grande expectativa para este ano. E em 2023, al\u00e9m da gratuidade nas palestras e minicursos, a organiza\u00e7\u00e3o disponibilizar\u00e1 o aplicativo \u201cFenicaf\u00e9\u201d, que permite as inscri\u00e7\u00f5es antecipadas para as palestras. Ap\u00f3s responder um simples question\u00e1rio, \u00e9 gerado um QR code que confirma esta inscri\u00e7\u00e3o no local do evento. O aplicativo est\u00e1 dispon\u00edvel nas lojas da APP Stories e Google Play.<\/p>\n\n\n\n<p id=\"viewer-86sfm\">Al\u00e9m das palestras e cursos, as empresas interessadas em expor produtos e servi\u00e7os j\u00e1 podem garantir um lugar. O mapa com a disposi\u00e7\u00e3o dos estandes j\u00e1 est\u00e1 dispon\u00edvel com a equipe de coordena\u00e7\u00e3o do evento. Mais informa\u00e7\u00f5es podem ser adquiridas na Secretaria da Associa\u00e7\u00e3o dos Cafeicultores de Araguari (ACA) pelo telefone (34) 3242-8888 ou no site <a target=\"_blank\" href=\"http:\/\/www.fenicafe.com.br\/\" rel=\"noreferrer noopener\"><u>www.fenicafe.com.br<\/u><\/a><\/p>\n\n\n\n<p id=\"viewer-4i5ro\"><strong>Caf\u00e9 Agro, Fenicaf\u00e9 e ExpoAraguari<\/strong><\/p>\n\n\n\n<p id=\"viewer-fta2g\">Dividida em duas etapas, a Caf\u00e9 Agro come\u00e7a com a Fenicaf\u00e9, que tem in\u00edcio no dia 28 de mar\u00e7o com realiza\u00e7\u00e3o de palestras, workshops e semin\u00e1rios relacionados \u00e0 cafeicultura irrigada.<\/p>\n\n\n\n<p id=\"viewer-5pala\">J\u00e1 a ExpoAraguari se inicia no dia 30 de mar\u00e7o com shows de Clayton e Rom\u00e1rio (30\/03), Israel e Rodolfo (31\/03), Matogrosso e Mathias (01\/04) e Lucas Lucco (02\/04). \u201c\u00c9 a segunda vez que participamos junto com a Fenicaf\u00e9 do Caf\u00e9 Agro, confirmando assim o sucesso da uni\u00e3o dos dois maiores eventos abertos da cidade. Este ano, vamos contar com um bar 360\u00ba com m\u00fasica ao vivo todas as noites, as atra\u00e7\u00f5es no palco principal, o parque de divers\u00f5es e o rodeio, que promete ser ainda mais competitivo do que o do ano passado\u201d, adianta Malk Mauad, presidente do Sindicato Rural de Araguari.<\/p>\n","protected":false},"excerpt":{"rendered":"<p>Considerada a maior feira da cafeicultura irrigada em caf\u00e9 no Brasil e uma das principais difusoras de tecnologias no segmento, a Feira Nacional da Cafeicultura Irrigada (Fenicaf\u00e9) faz parte da<\/p>\n","protected":false},"author":1,"featured_media":4768,"comment_status":"open","ping_status":"open","sticky":false,"template":"","format":"standard","meta":{"footnotes":""},"categories":[1],"tags":[],"class_list":["post-4767","post","type-post","status-publish","format-standard","has-post-thumbnail","hentry","category-noticias"],"_links":{"self":[{"href":"https:\/\/revistahubclub.com.br\/portal\/wp-json\/wp\/v2\/posts\/4767","targetHints":{"allow":["GET"]}}],"collection":[{"href":"https:\/\/revistahubclub.com.br\/portal\/wp-json\/wp\/v2\/posts"}],"about":[{"href":"https:\/\/revistahubclub.com.br\/portal\/wp-json\/wp\/v2\/types\/post"}],"author":[{"embeddable":true,"href":"https:\/\/revistahubclub.com.br\/portal\/wp-json\/wp\/v2\/users\/1"}],"replies":[{"embeddable":true,"href":"https:\/\/revistahubclub.com.br\/portal\/wp-json\/wp\/v2\/comments?post=4767"}],"version-history":[{"count":1,"href":"https:\/\/revistahubclub.com.br\/portal\/wp-json\/wp\/v2\/posts\/4767\/revisions"}],"predecessor-version":[{"id":4769,"href":"https:\/\/revistahubclub.com.br\/portal\/wp-json\/wp\/v2\/posts\/4767\/revisions\/4769"}],"wp:featuredmedia":[{"embeddable":true,"href":"https:\/\/revistahubclub.com.br\/portal\/wp-json\/wp\/v2\/media\/4768"}],"wp:attachment":[{"href":"https:\/\/revistahubclub.com.br\/portal\/wp-json\/wp\/v2\/media?parent=4767"}],"wp:term":[{"taxonomy":"category","embeddable":true,"href":"https:\/\/revistahubclub.com.br\/portal\/wp-json\/wp\/v2\/categories?post=4767"},{"taxonomy":"post_tag","embeddable":true,"href":"https:\/\/revistahubclub.com.br\/portal\/wp-json\/wp\/v2\/tags?post=4767"}],"curies":[{"name":"wp","href":"https:\/\/api.w.org\/{rel}","templated":true}]}}