{"id":4773,"date":"2023-03-06T15:07:00","date_gmt":"2023-03-06T18:07:00","guid":{"rendered":"https:\/\/revistahubclub.com.br\/portal\/?p=4773"},"modified":"2024-12-17T15:08:27","modified_gmt":"2024-12-17T18:08:27","slug":"workshop-da-app-uberlandia-explica-mudanca-nas-licitacoes-de-publicidade-governamental","status":"publish","type":"post","link":"https:\/\/revistahubclub.com.br\/portal\/2023\/03\/06\/workshop-da-app-uberlandia-explica-mudanca-nas-licitacoes-de-publicidade-governamental\/","title":{"rendered":"Workshop da APP Uberl\u00e2ndia explica mudan\u00e7a nas licita\u00e7\u00f5es de publicidade governamental"},"content":{"rendered":"\n<p id=\"viewer-ajkla\">Em ano de v\u00e9spera de elei\u00e7\u00f5es municipais e pr\u00f3ximo da entrada na nova Lei 14.133\/21, que substitui a Lei 8.666\/93, que causa um impacto direto nas contrata\u00e7\u00f5es de publicidades p\u00fablicas governamentais, a APP Uberl\u00e2ndia (Associa\u00e7\u00e3o dos Profissionais de Propaganda) e o Sinapro-MG (Sindicato das Ag\u00eancias de Propaganda) promovem o workshop gratuito \u201cOs Eleitos \u2013 N\u00edvel 3\u201d. Em sua terceira edi\u00e7\u00e3o, o workshop abordar\u00e1 a mudan\u00e7a nas licita\u00e7\u00f5es de publicidade p\u00fablica que passa a valer a partir do dia 1\u00b0 de abril. O evento acontece no dia 15\/03, das 8h30 \u00e0s 12h30 na Associa\u00e7\u00e3o Comercial e Industrial de Uberl\u00e2ndia (ACIUB), localizada na avenida Vasconcelos Costa, 1500. O workshop ser\u00e1 interativo e as inscri\u00e7\u00f5es devem ser feitas no site <a target=\"_blank\" href=\"http:\/\/www.oseleitos.com.br\/\" rel=\"noreferrer noopener\"><u>www.oseleitos.com.br<\/u><\/a><\/p>\n\n\n\n<p id=\"viewer-84p9t\">Os participantes poder\u00e3o tirar suas d\u00favidas durante o evento que ter\u00e1 como palestrantes o Dr. Paulo Gomes de Oliveira Filho, advogado especialista em publicidade governamental, e pelo Gustavo de Castro, consultor pol\u00edtico, vice-presidente da APP Ribeir\u00e3o e diretor do Sinapro-SP. O workshop \u00e9 voltado para profissionais de publicidade e propaganda, agentes p\u00fablicos, secretarias de governos, jornalistas e advogados.<\/p>\n\n\n\n<p id=\"viewer-7t2pg\">Gustavo de Castro ressalta a import\u00e2ncia da explica\u00e7\u00e3o das licita\u00e7\u00f5es de publicidade governamental para que n\u00e3o haja nenhuma dificuldade para os profissionais da \u00e1rea na hora de realizarem os seus trabalhos. O workshop interativo \u201cOs Eleitos \u2013 N\u00edvel 3\u201d ter\u00e1 como finalidade esclarecer a aplica\u00e7\u00e3o da nova lei geral de licita\u00e7\u00f5es nas concorr\u00eancias de publicidade pela administra\u00e7\u00e3o p\u00fablica. \u201cAinda h\u00e1 prefeituras que t\u00eam procurado a APP pedindo orienta\u00e7\u00e3o para lan\u00e7ar licita\u00e7\u00f5es. A lei muda no dia 1\u00b0 de abril e n\u00f3s vamos fazer o workshop 15 dias antes. Ent\u00e3o, vamos ter um tempo para o p\u00fablico que estiver presente tirar d\u00favidas. A nossa expectativa \u00e9 que o evento seja muito procurado. Estamos fazendo esse workshop justamente porque o encaixamos em um momento crucial por conta da nova lei\u201d, explica Gustavo.<\/p>\n\n\n\n<p id=\"viewer-815gh\">Para o diretor da Executiva Nacional da APP Brasil, Toni Valente, poder levar o workshop para as principais cidades do pa\u00eds \u00e9 um servi\u00e7o que a APP presta \u00e0 sociedade. \u201cO evento visa manter os agentes p\u00fablicos, profissionais de comunica\u00e7\u00e3o e da \u00e1rea jur\u00eddica atualizados sobre os processos legais e a forma correta de elaborar uma licita\u00e7\u00e3o de publicidade p\u00fablica\u201d, comenta.<\/p>\n\n\n\n<p id=\"viewer-2fboh\"><strong>Licita\u00e7\u00f5es de Publicidade Governamental<\/strong><\/p>\n\n\n\n<p id=\"viewer-eh1he\">A Lei 12.232\/10 disp\u00f5e sobre normas gerais para licita\u00e7\u00e3o e contrata\u00e7\u00e3o pela Administra\u00e7\u00e3o P\u00fablica dos servi\u00e7os de publicidade e propaganda prestados por interm\u00e9dio de ag\u00eancias de propaganda, ou seja, \u00e9 uma forma de presta\u00e7\u00e3o de contas do poder pol\u00edtico para a popula\u00e7\u00e3o e \u00e9 complementada pela Lei 8.666\/93. Por\u00e9m, a Lei 14.133\/21, tamb\u00e9m conhecida como Nova Lei Geral de Licita\u00e7\u00f5es e Contratos, entrou em vigor no dia 1\u00b0 de abril de 2021, com o intuito de substituir a antiga Lei 8.666\/93, mas ainda era opcional o seu uso. \u201cA lei muda no dia 1\u00b0 de abril e n\u00f3s vamos fazer o workshop no dia 15 de mar\u00e7o. Ent\u00e3o, vamos ter 15 dias para o p\u00fablico que estiver presente amadurecer o seu entendimento. O evento j\u00e1 est\u00e1 sendo muito procurado, com muitas inscri\u00e7\u00f5es. Esse ser\u00e1 o primeiro workshop do Brasil tratando especificamente sobre a aplica\u00e7\u00e3o da lei 14.133 na lei 12.232. Imperd\u00edvel\u201d, finaliza Gustavo.<\/p>\n\n\n\n<p id=\"viewer-escb5\">O evento ter\u00e1 como patrocinadores a TV Integra\u00e7\u00e3o, Band Tri\u00e2ngulo, TV Parana\u00edba, TV Vitoriosa, Extreme Reach e Micro Target, e apoio institucional da ACIUB, Sinapro-MG e Fenapro.<\/p>\n\n\n\n<p id=\"viewer-264rl\">Para mais informa\u00e7\u00f5es sobre a programa\u00e7\u00e3o, perfil dos palestrantes e inscri\u00e7\u00f5es, basta acessar o site <a target=\"_blank\" href=\"http:\/\/www.oseleitos.com.br\/\" rel=\"noreferrer noopener\"><u>www.oseleitos.com.br<\/u><\/a><\/p>\n\n\n\n<p id=\"viewer-edb5k\"><strong>Servi\u00e7o<\/strong><\/p>\n\n\n\n<p id=\"viewer-5q2om\">Workshop: Os Eleitos \u2013 N\u00edvel 3<\/p>\n\n\n\n<p id=\"viewer-1r83g\">Data: 15\/03<\/p>\n\n\n\n<p id=\"viewer-c2af5\">Hor\u00e1rio: 8h30 \u00e0s 12h30<\/p>\n\n\n\n<p id=\"viewer-5uc2u\">Local: Associa\u00e7\u00e3o Comercial e Industrial de Uberl\u00e2ndia \u2013 Av. Vasconcelos Costa, 1500 \u2013 Martins, Uberl\u00e2ndia (MG)<\/p>\n\n\n\n<p id=\"viewer-4bof5\">Inscri\u00e7\u00f5es: <a target=\"_blank\" href=\"http:\/\/www.oseleitos.com.br\/\" rel=\"noreferrer noopener\"><u>www.oseleitos.com.br<\/u><\/a><\/p>\n\n\n\n<figure class=\"wp-block-image\"><img loading=\"lazy\" decoding=\"async\" width=\"592\" height=\"503\" src=\"https:\/\/revistahubclub.com.br\/portal\/wp-content\/uploads\/2024\/12\/cf07ad_687307e16e1e4302a20a561a022f3de8mv2.png\" alt=\"\" class=\"wp-image-4775\" srcset=\"https:\/\/revistahubclub.com.br\/portal\/wp-content\/uploads\/2024\/12\/cf07ad_687307e16e1e4302a20a561a022f3de8mv2.png 592w, https:\/\/revistahubclub.com.br\/portal\/wp-content\/uploads\/2024\/12\/cf07ad_687307e16e1e4302a20a561a022f3de8mv2-300x255.png 300w\" sizes=\"auto, (max-width: 592px) 100vw, 592px\" \/><\/figure>\n","protected":false},"excerpt":{"rendered":"<p>Em ano de v\u00e9spera de elei\u00e7\u00f5es municipais e pr\u00f3ximo da entrada na nova Lei 14.133\/21, que substitui a Lei 8.666\/93, que causa um impacto direto nas contrata\u00e7\u00f5es de publicidades p\u00fablicas<\/p>\n","protected":false},"author":1,"featured_media":4774,"comment_status":"open","ping_status":"open","sticky":false,"template":"","format":"standard","meta":{"footnotes":""},"categories":[1],"tags":[],"class_list":["post-4773","post","type-post","status-publish","format-standard","has-post-thumbnail","hentry","category-noticias"],"_links":{"self":[{"href":"https:\/\/revistahubclub.com.br\/portal\/wp-json\/wp\/v2\/posts\/4773","targetHints":{"allow":["GET"]}}],"collection":[{"href":"https:\/\/revistahubclub.com.br\/portal\/wp-json\/wp\/v2\/posts"}],"about":[{"href":"https:\/\/revistahubclub.com.br\/portal\/wp-json\/wp\/v2\/types\/post"}],"author":[{"embeddable":true,"href":"https:\/\/revistahubclub.com.br\/portal\/wp-json\/wp\/v2\/users\/1"}],"replies":[{"embeddable":true,"href":"https:\/\/revistahubclub.com.br\/portal\/wp-json\/wp\/v2\/comments?post=4773"}],"version-history":[{"count":1,"href":"https:\/\/revistahubclub.com.br\/portal\/wp-json\/wp\/v2\/posts\/4773\/revisions"}],"predecessor-version":[{"id":4776,"href":"https:\/\/revistahubclub.com.br\/portal\/wp-json\/wp\/v2\/posts\/4773\/revisions\/4776"}],"wp:featuredmedia":[{"embeddable":true,"href":"https:\/\/revistahubclub.com.br\/portal\/wp-json\/wp\/v2\/media\/4774"}],"wp:attachment":[{"href":"https:\/\/revistahubclub.com.br\/portal\/wp-json\/wp\/v2\/media?parent=4773"}],"wp:term":[{"taxonomy":"category","embeddable":true,"href":"https:\/\/revistahubclub.com.br\/portal\/wp-json\/wp\/v2\/categories?post=4773"},{"taxonomy":"post_tag","embeddable":true,"href":"https:\/\/revistahubclub.com.br\/portal\/wp-json\/wp\/v2\/tags?post=4773"}],"curies":[{"name":"wp","href":"https:\/\/api.w.org\/{rel}","templated":true}]}}