{"id":478,"date":"2024-10-09T15:49:39","date_gmt":"2024-10-09T18:49:39","guid":{"rendered":"https:\/\/revistahubclub.com.br\/portal\/?p=478"},"modified":"2024-12-11T15:50:08","modified_gmt":"2024-12-11T18:50:08","slug":"regiao-do-cerrado-mineiro-encerra-road-show-na-italia-com-evento-na-embaixada-do-brasil","status":"publish","type":"post","link":"https:\/\/revistahubclub.com.br\/portal\/2024\/10\/09\/regiao-do-cerrado-mineiro-encerra-road-show-na-italia-com-evento-na-embaixada-do-brasil\/","title":{"rendered":"Regi\u00e3o do Cerrado Mineiro encerra road show na It\u00e1lia com evento na Embaixada do Brasil"},"content":{"rendered":"\n<p id=\"viewer-bxy5p34\"><em>Estimativa \u00e9 de comercializar 600 mil sacas de caf\u00e9 com certifica\u00e7\u00e3o de origem na safra 2024\/2025, volume quatro vezes maior que o da safra anterior<\/em><\/p>\n\n\n\n<p id=\"viewer-veha236\">&nbsp;<\/p>\n\n\n\n<p id=\"viewer-ilnli38\">A Regi\u00e3o do Cerrado Mineiro (RCM) finalizou seu road show pela It\u00e1lia nesta ter\u00e7a-feira, 8 de outubro, com um evento na Embaixada do Brasil em Roma, voltado para a ind\u00fastria de torrefa\u00e7\u00e3o. A viagem fez parte da campanha &#8220;A verdade \u00e9 rastre\u00e1vel \u2013 promovendo o aut\u00eantico Cerrado Mineiro&#8221;, com o objetivo de aumentar a conscientiza\u00e7\u00e3o sobre a marca e promover o selo de Denomina\u00e7\u00e3o de Origem (DO) da RCM.<\/p>\n\n\n\n<p id=\"viewer-pjb7i40\">Cerca de 75 participantes, incluindo importadores, torrefadores, cafeterias, influenciadores, jornalistas e profissionais do setor de caf\u00e9, estiveram presentes, representando tanto o governo brasileiro quanto outros pa\u00edses.<\/p>\n\n\n\n<p id=\"viewer-mrujl42\">O evento contou com apresenta\u00e7\u00f5es de Vanusia Nogueira, diretora executiva da Organiza\u00e7\u00e3o Internacional do Caf\u00e9 (ICO), Andrea Illy, presidente da Illycaff\u00e8, Alessandro Bucci, diretor da Illycaff\u00e8, e Renato Mosca, embaixador do Brasil. Representando a Federa\u00e7\u00e3o dos Cafeicultores do Cerrado, participaram Gl\u00e1ucio de Castro, presidente, e Juliano Tarabal, diretor executivo. A comitiva brasileira destacou a Denomina\u00e7\u00e3o de Origem dos caf\u00e9s do Cerrado Mineiro e o trabalho dos produtores para garantir a qualidade e autenticidade do produto.<\/p>\n\n\n\n<p id=\"viewer-s5zxb44\">Na oportunidade, Andrea Illy, presidente da Illycaff\u00e8, foi homenageado pela Federa\u00e7\u00e3o dos Cafeicultores do Cerrado em reconhecimento \u00e0 parceria de mais de 30 anos entre a empresa e a cafeicultura da RCM. Como parte da homenagem, Andrea recebeu uma placa comemorativa e uma sacaria personalizada com o rosto de Ernesto Illy, fundador da Illycaff\u00e8, que iniciou essa colabora\u00e7\u00e3o.<\/p>\n\n\n\n<p id=\"viewer-qxxqn46\">Juliano Tarabal, diretor executivo da Federa\u00e7\u00e3o dos Cafeicultores do Cerrado, ressaltou a import\u00e2ncia do evento. &#8220;Essa foi a \u00faltima parada do nosso road show na It\u00e1lia, um cap\u00edtulo importante para a hist\u00f3ria da nossa regi\u00e3o. Debatemos sustentabilidade, as normas de produ\u00e7\u00e3o e o prop\u00f3sito da nossa Denomina\u00e7\u00e3o de Origem. Estamos focados na estrat\u00e9gia de internacionaliza\u00e7\u00e3o da marca, com a meta de comercializar 600 mil sacas de caf\u00e9 com certifica\u00e7\u00e3o de origem na safra 2024\/2025, volume que ser\u00e1 quatro vezes mais alto que o registrado na safra anterior. Com o sucesso do road show, a Federa\u00e7\u00e3o dos Cafeicultores do Cerrado continua sua miss\u00e3o de expandir o reconhecimento internacional do caf\u00e9 produzido na regi\u00e3o e fortalecer sua posi\u00e7\u00e3o no mercado global&#8221;, destacou.<\/p>\n\n\n\n<p id=\"viewer-vkpra48\"><strong><em>&nbsp;<\/em><\/strong><\/p>\n\n\n\n<p id=\"viewer-uxqtt50\"><strong><em>Road show pela It\u00e1lia<\/em><\/strong><\/p>\n\n\n\n<p id=\"viewer-pkaxz52\">O road show, realizado entre 1\u00ba e 8 de outubro, passou por Mil\u00e3o, Floren\u00e7a e Roma. A turn\u00ea come\u00e7ou em Mil\u00e3o com uma a\u00e7\u00e3o especial da Illycaff\u00e8 para o Dia Internacional do Caf\u00e9, que incluiu uma ativa\u00e7\u00e3o em uma das esta\u00e7\u00f5es de metr\u00f4 mais famosas da cidade, promovendo o caf\u00e9 do Cerrado Mineiro com foco na agricultura regenerativa. O primeiro dia tamb\u00e9m contou com uma sess\u00e3o de cupping na cafeteria Cafezal Specialty Coffee, oferecendo aos consumidores italianos uma imers\u00e3o sensorial no caf\u00e9 da regi\u00e3o. No dia seguinte, outra degusta\u00e7\u00e3o foi realizada para compradores locais.<\/p>\n\n\n\n<p id=\"viewer-585kt54\">Em Floren\u00e7a, no dia 3 de outubro, a comitiva participou de um evento para torrefadores na Ditta Artigianale, uma das principais cafeterias da cidade. &nbsp;<\/p>\n\n\n\n<p id=\"viewer-g5eyd56\">A iniciativa contou com o apoio das cooperativas do sistema Carmocer, Carpec, Coocacer Araguari, Coopadap, Expocacer e MonteCCer, al\u00e9m de sete associa\u00e7\u00f5es: ACA, Acarpa, Amoca, Appcer, Assocaf\u00e9, Assogotardo e GRE Caf\u00e9 \u2013 Regi\u00e3o de Arax\u00e1.<\/p>\n","protected":false},"excerpt":{"rendered":"<p>Estimativa \u00e9 de comercializar 600 mil sacas de caf\u00e9 com certifica\u00e7\u00e3o de origem na safra 2024\/2025, volume quatro vezes maior que o da safra anterior &nbsp; A Regi\u00e3o do Cerrado<\/p>\n","protected":false},"author":1,"featured_media":479,"comment_status":"open","ping_status":"open","sticky":false,"template":"","format":"standard","meta":{"footnotes":""},"categories":[1],"tags":[],"class_list":["post-478","post","type-post","status-publish","format-standard","has-post-thumbnail","hentry","category-noticias"],"_links":{"self":[{"href":"https:\/\/revistahubclub.com.br\/portal\/wp-json\/wp\/v2\/posts\/478","targetHints":{"allow":["GET"]}}],"collection":[{"href":"https:\/\/revistahubclub.com.br\/portal\/wp-json\/wp\/v2\/posts"}],"about":[{"href":"https:\/\/revistahubclub.com.br\/portal\/wp-json\/wp\/v2\/types\/post"}],"author":[{"embeddable":true,"href":"https:\/\/revistahubclub.com.br\/portal\/wp-json\/wp\/v2\/users\/1"}],"replies":[{"embeddable":true,"href":"https:\/\/revistahubclub.com.br\/portal\/wp-json\/wp\/v2\/comments?post=478"}],"version-history":[{"count":1,"href":"https:\/\/revistahubclub.com.br\/portal\/wp-json\/wp\/v2\/posts\/478\/revisions"}],"predecessor-version":[{"id":480,"href":"https:\/\/revistahubclub.com.br\/portal\/wp-json\/wp\/v2\/posts\/478\/revisions\/480"}],"wp:featuredmedia":[{"embeddable":true,"href":"https:\/\/revistahubclub.com.br\/portal\/wp-json\/wp\/v2\/media\/479"}],"wp:attachment":[{"href":"https:\/\/revistahubclub.com.br\/portal\/wp-json\/wp\/v2\/media?parent=478"}],"wp:term":[{"taxonomy":"category","embeddable":true,"href":"https:\/\/revistahubclub.com.br\/portal\/wp-json\/wp\/v2\/categories?post=478"},{"taxonomy":"post_tag","embeddable":true,"href":"https:\/\/revistahubclub.com.br\/portal\/wp-json\/wp\/v2\/tags?post=478"}],"curies":[{"name":"wp","href":"https:\/\/api.w.org\/{rel}","templated":true}]}}