{"id":4800,"date":"2023-02-16T15:21:00","date_gmt":"2023-02-16T18:21:00","guid":{"rendered":"https:\/\/revistahubclub.com.br\/portal\/?p=4800"},"modified":"2024-12-17T15:22:04","modified_gmt":"2024-12-17T18:22:04","slug":"como-cuidar-da-pele-e-cabelos-apos-o-verao","status":"publish","type":"post","link":"https:\/\/revistahubclub.com.br\/portal\/2023\/02\/16\/como-cuidar-da-pele-e-cabelos-apos-o-verao\/","title":{"rendered":"Como cuidar da pele e cabelos ap\u00f3s o ver\u00e3o"},"content":{"rendered":"\n<p id=\"viewer-1c3ha\"><em>Tratamentos associados podem ser feitos em um \u00fanico dia para melhor resultado e comodidade do paciente<\/em><\/p>\n\n\n\n<p id=\"viewer-a8f0f\">Fim das f\u00e9rias, dias de descanso merecidos, mas tamb\u00e9m de redobrar os cuidados com a pele e os cabelos. Quem nunca voltou da temporada com a pele manchada, ressecada, sem vi\u00e7o e at\u00e9 com acne?<\/p>\n\n\n\n<p id=\"viewer-4irke\">Segundo a m\u00e9dica dermatologista Cintia Cunha, da cl\u00ednica Audatti, isso \u00e9 comum porque na \u00e9poca do ver\u00e3o ou das f\u00e9rias as pessoas se exp\u00f5em mais ao sol, praia, vento e poeira. \u201c\u00c0s vezes n\u00e3o limpamos bem a pele ao longo do dia, passamos protetor em cima de protetor. Mas o mais importante \u00e9 saber que hoje existem recursos pr\u00e1ticos, f\u00e1ceis que n\u00e3o agridem tanto a pele e que ajudam a recuperar esse vi\u00e7o de maneira r\u00e1pida\u201d, explica.<\/p>\n\n\n\n<p id=\"viewer-6ts58\">A especialista em Tecnologias da Audatti, D\u00e9bora Gomes, explica que um dos tratamentos indicados para a hidrata\u00e7\u00e3o da pele p\u00f3s-f\u00e9rias \u00e9 o laser de Thulium. \u201cEssas manchinhas solares que ficam irregulares melhoram com o laser. Essa tecnologia \u00e9 uma das mais procuradas, mas n\u00e3o \u00e9 a \u00fanica para tratar a qualidade da pele. Existem v\u00e1rios outros recursos. O ideal \u00e9 conversar com seu dermatologista e ver a indica\u00e7\u00e3o ideal para cada tipo de pele. Se voc\u00ea foi para praia e ficou com a pele muito ressecada \u00e9 interessante tamb\u00e9m ingerir bastante l\u00edquido e se hidratar de dentro pra fora\u201d, recomenda.<\/p>\n\n\n\n<p id=\"viewer-6pk8m\"><strong>Cuidado capilar<\/strong> Al\u00e9m da pele, cuidar dos cabelos tamb\u00e9m \u00e9 essencial para recuperar a sa\u00fade dos fios ap\u00f3s os efeitos nocivos causados pela \u00e1gua salgada ou pelo cloro da piscina<em>. <\/em>No ver\u00e3o, os fios, geralmente ficam fragilizados com pontas duplas, ressecamento e at\u00e9 mesmo quebradi\u00e7os.<\/p>\n\n\n\n<p id=\"viewer-8ptui\">A terapeuta capilar, Ana Alice Fernandes, conta que \u00e9 poss\u00edvel recuperar e reconstruir os fios ap\u00f3s o sol, piscina e praia com a ajuda das tecnologias. \u201cAl\u00e9m de muita hidrata\u00e7\u00e3o, tratamentos \u00e0 base de prote\u00ednas ser\u00e3o essenciais durante essa fase. A reconstru\u00e7\u00e3o \u00e9 o tratamento mais indicado para tratar os cabelos danificados no ver\u00e3o. Os fios v\u00e3o precisar de repor as prote\u00ednas, naturalmente presentes, que com o sol, o cloro e a \u00e1gua do mar perdem esse nutriente. Durante esse per\u00edodo \u00e9 muito importante fazer o pr\u00e9-poos com m\u00e1scaras reconstrutoras e hidratantes e somar durante as semanas o refor\u00e7o com as hidrata\u00e7\u00f5es\u201d, explica.<\/p>\n\n\n\n<p id=\"viewer-2o3b4\">\u201cS\u00e3o detalhes que v\u00e3o fazer diferen\u00e7a no cuidado com os cabelos. A dermatologia capilar evoluiu bastante. Hoje existem exames laboratoriais capazes de, atrav\u00e9s de uma mecha de cabelo, diagnosticar o n\u00edvel de dano do fio. Se foi leve, moderado ou intenso para propor tratamentos espec\u00edficos e ao final do tratamento reavaliar os resultados alcan\u00e7ados. A Medicina e a Dermatologia t\u00eam andado juntas com ci\u00eancia para proporcionar tratamentos cada vez mais eficazes para o cabelo\u201d, pontua a m\u00e9dica Cintia Cunha.<\/p>\n\n\n\n<p id=\"viewer-edb6e\"><strong>One Day of Treatment: procedimentos em \u00fanico dia<\/strong><\/p>\n\n\n\n<p id=\"viewer-5gqks\">A Audatti oferece a oportunidade para pacientes se cuidarem em um \u00fanico dia, oferecendo todo o leque de tratamentos para otimizar o tempo, agilizando a vida tamb\u00e9m de quem n\u00e3o mora na cidade.<\/p>\n\n\n\n<p id=\"viewer-9kk02\">Segundo a m\u00e9dica Cintia Cunha, o One Day of Treatment tem atra\u00eddo pacientes de todo lugar do Brasil e at\u00e9 do exterior. \u201cS\u00e3o pessoas n\u00e3o t\u00eam tempo de fazer tratamentos muito demorados. Por isso, j\u00e1 h\u00e1 alguns anos, temos desenvolvido alguns protocolos de tratamento nos quais associamos, no mesmo dia, tecnologias, preenchedores ou bioestimuladores, toxina botul\u00ednica, fios de PDO e o que for necess\u00e1rio para que o paciente possa realmente cuidar de todas as suas necessidades\u201d, conta.<\/p>\n\n\n\n<p id=\"viewer-c525c\">As manuten\u00e7\u00f5es, segundo a dermatologista, podem ser feitas a cada seis meses ou uma vez ao ano, conforme a necessidade do paciente. \u201cEsse modelo encanta porque a associa\u00e7\u00e3o de tratamentos no mesmo dia potencializa resultados, trazendo naturalidade e durabilidade nos resultados. Conquistamos cada vez mais adeptos e \u00e9 um modelo que temos buscado expandir trazendo luz \u00e0s pessoas de que \u00e9 poss\u00edvel sim se cuidar, sem ter que gastar horas e v\u00e1rias visitas ao m\u00e9dico, valendo inclusive para estes cuidados de p\u00f3s-ver\u00e3o\u201d, conclui.<\/p>\n","protected":false},"excerpt":{"rendered":"<p>Tratamentos associados podem ser feitos em um \u00fanico dia para melhor resultado e comodidade do paciente Fim das f\u00e9rias, dias de descanso merecidos, mas tamb\u00e9m de redobrar os cuidados com<\/p>\n","protected":false},"author":1,"featured_media":4801,"comment_status":"open","ping_status":"open","sticky":false,"template":"","format":"standard","meta":{"footnotes":""},"categories":[1],"tags":[],"class_list":["post-4800","post","type-post","status-publish","format-standard","has-post-thumbnail","hentry","category-noticias"],"_links":{"self":[{"href":"https:\/\/revistahubclub.com.br\/portal\/wp-json\/wp\/v2\/posts\/4800","targetHints":{"allow":["GET"]}}],"collection":[{"href":"https:\/\/revistahubclub.com.br\/portal\/wp-json\/wp\/v2\/posts"}],"about":[{"href":"https:\/\/revistahubclub.com.br\/portal\/wp-json\/wp\/v2\/types\/post"}],"author":[{"embeddable":true,"href":"https:\/\/revistahubclub.com.br\/portal\/wp-json\/wp\/v2\/users\/1"}],"replies":[{"embeddable":true,"href":"https:\/\/revistahubclub.com.br\/portal\/wp-json\/wp\/v2\/comments?post=4800"}],"version-history":[{"count":1,"href":"https:\/\/revistahubclub.com.br\/portal\/wp-json\/wp\/v2\/posts\/4800\/revisions"}],"predecessor-version":[{"id":4802,"href":"https:\/\/revistahubclub.com.br\/portal\/wp-json\/wp\/v2\/posts\/4800\/revisions\/4802"}],"wp:featuredmedia":[{"embeddable":true,"href":"https:\/\/revistahubclub.com.br\/portal\/wp-json\/wp\/v2\/media\/4801"}],"wp:attachment":[{"href":"https:\/\/revistahubclub.com.br\/portal\/wp-json\/wp\/v2\/media?parent=4800"}],"wp:term":[{"taxonomy":"category","embeddable":true,"href":"https:\/\/revistahubclub.com.br\/portal\/wp-json\/wp\/v2\/categories?post=4800"},{"taxonomy":"post_tag","embeddable":true,"href":"https:\/\/revistahubclub.com.br\/portal\/wp-json\/wp\/v2\/tags?post=4800"}],"curies":[{"name":"wp","href":"https:\/\/api.w.org\/{rel}","templated":true}]}}