{"id":4805,"date":"2023-02-16T15:22:00","date_gmt":"2023-02-16T18:22:00","guid":{"rendered":"https:\/\/revistahubclub.com.br\/portal\/?p=4805"},"modified":"2024-12-17T15:23:16","modified_gmt":"2024-12-17T18:23:16","slug":"cdl-uberlandia-como-fica-o-comercio-durante-o-carnaval","status":"publish","type":"post","link":"https:\/\/revistahubclub.com.br\/portal\/2023\/02\/16\/cdl-uberlandia-como-fica-o-comercio-durante-o-carnaval\/","title":{"rendered":"CDL Uberl\u00e2ndia: como fica o com\u00e9rcio durante o carnaval?"},"content":{"rendered":"\n<p id=\"viewer-jb21\">Muito aguardado por quem costuma ganhar esses dias de folga, o carnaval n\u00e3o \u00e9 uma das datas do calend\u00e1rio oficial de feriados nacionais, divulgado anualmente pelo governo Federal, com base na Lei Federal n\u00b0. 662\/49 e na Lei n\u00b0. 10.607\/02.<\/p>\n\n\n\n<p id=\"viewer-eqnkk\">\u00c9 de praxe no Brasil, que as empresas n\u00e3o funcionem nas segundas e ter\u00e7as-feiras de carnaval, como tradi\u00e7\u00e3o. No entanto, vale refor\u00e7ar que sendo ponto facultativo, na segunda feira, dia 20, ter\u00e7a-feira, dia 21, e quarta-feira (22), at\u00e9 12h, fica a crit\u00e9rio de cada empres\u00e1rio a decis\u00e3o de abrir ou n\u00e3o, conforme sua convic\u00e7\u00e3o.<\/p>\n\n\n\n<p id=\"viewer-crl18\">Entenda a norma vigente:<\/p>\n\n\n\n<figure class=\"wp-block-image\"><img loading=\"lazy\" decoding=\"async\" width=\"592\" height=\"374\" src=\"https:\/\/revistahubclub.com.br\/portal\/wp-content\/uploads\/2023\/02\/d8df41_fb323e7f35204c19a16a3a910ab17ac1mv2.png\" alt=\"\" class=\"wp-image-4808\" srcset=\"https:\/\/revistahubclub.com.br\/portal\/wp-content\/uploads\/2023\/02\/d8df41_fb323e7f35204c19a16a3a910ab17ac1mv2.png 592w, https:\/\/revistahubclub.com.br\/portal\/wp-content\/uploads\/2023\/02\/d8df41_fb323e7f35204c19a16a3a910ab17ac1mv2-300x190.png 300w\" sizes=\"auto, (max-width: 592px) 100vw, 592px\" \/><\/figure>\n","protected":false},"excerpt":{"rendered":"<p>Muito aguardado por quem costuma ganhar esses dias de folga, o carnaval n\u00e3o \u00e9 uma das datas do calend\u00e1rio oficial de feriados nacionais, divulgado anualmente pelo governo Federal, com base<\/p>\n","protected":false},"author":1,"featured_media":4806,"comment_status":"open","ping_status":"open","sticky":false,"template":"","format":"standard","meta":{"footnotes":""},"categories":[1],"tags":[],"class_list":["post-4805","post","type-post","status-publish","format-standard","has-post-thumbnail","hentry","category-noticias"],"_links":{"self":[{"href":"https:\/\/revistahubclub.com.br\/portal\/wp-json\/wp\/v2\/posts\/4805","targetHints":{"allow":["GET"]}}],"collection":[{"href":"https:\/\/revistahubclub.com.br\/portal\/wp-json\/wp\/v2\/posts"}],"about":[{"href":"https:\/\/revistahubclub.com.br\/portal\/wp-json\/wp\/v2\/types\/post"}],"author":[{"embeddable":true,"href":"https:\/\/revistahubclub.com.br\/portal\/wp-json\/wp\/v2\/users\/1"}],"replies":[{"embeddable":true,"href":"https:\/\/revistahubclub.com.br\/portal\/wp-json\/wp\/v2\/comments?post=4805"}],"version-history":[{"count":2,"href":"https:\/\/revistahubclub.com.br\/portal\/wp-json\/wp\/v2\/posts\/4805\/revisions"}],"predecessor-version":[{"id":4809,"href":"https:\/\/revistahubclub.com.br\/portal\/wp-json\/wp\/v2\/posts\/4805\/revisions\/4809"}],"wp:featuredmedia":[{"embeddable":true,"href":"https:\/\/revistahubclub.com.br\/portal\/wp-json\/wp\/v2\/media\/4806"}],"wp:attachment":[{"href":"https:\/\/revistahubclub.com.br\/portal\/wp-json\/wp\/v2\/media?parent=4805"}],"wp:term":[{"taxonomy":"category","embeddable":true,"href":"https:\/\/revistahubclub.com.br\/portal\/wp-json\/wp\/v2\/categories?post=4805"},{"taxonomy":"post_tag","embeddable":true,"href":"https:\/\/revistahubclub.com.br\/portal\/wp-json\/wp\/v2\/tags?post=4805"}],"curies":[{"name":"wp","href":"https:\/\/api.w.org\/{rel}","templated":true}]}}