{"id":4816,"date":"2023-02-13T15:24:00","date_gmt":"2023-02-13T18:24:00","guid":{"rendered":"https:\/\/revistahubclub.com.br\/portal\/?p=4816"},"modified":"2024-12-17T15:24:38","modified_gmt":"2024-12-17T18:24:38","slug":"brasal-incorporacoes-entrega-mais-uma-torre-do-sense-vertical-living","status":"publish","type":"post","link":"https:\/\/revistahubclub.com.br\/portal\/2023\/02\/13\/brasal-incorporacoes-entrega-mais-uma-torre-do-sense-vertical-living\/","title":{"rendered":"Brasal Incorpora\u00e7\u00f5es entrega mais uma torre do Sense Vertical Living"},"content":{"rendered":"\n<p id=\"viewer-b962q\">Patr\u00edcia Coelho, L\u00edrian Mercaldi, Carina da Veiga Camargo e Paula Melo<\/p>\n\n\n\n<p id=\"viewer-1ji3t\">Em clima de celebra\u00e7\u00e3o, a Brasal Incorpora\u00e7\u00f5es reuniu na noite de quinta-feira, 9, clientes para a inaugura\u00e7\u00e3o oficial da segunda torre do Sense Vertical Living: a Wind. Os propriet\u00e1rios foram recepcionados em um ambiente intimista no \u201cpilotis\u201d do pr\u00f3prio empreendimento pelo time da filial em Uberl\u00e2ndia. Os convidados tamb\u00e9m tiveram acesso ao playground, sal\u00e3o de festas, espa\u00e7o kids e academia.<\/p>\n\n\n\n<p id=\"viewer-e43oe\">Al\u00e9m do buffet e de uma variedade de drinks preparados na hora por \u201cbarman\u201d, e por agrad\u00e1vel m\u00fasica ao vivo, os convidados receberam um brinde personalizado.<\/p>\n\n\n\n<p id=\"viewer-2ur5g\"><strong>Sobre a Wind<\/strong><\/p>\n\n\n\n<p id=\"viewer-b3sde\">Localizado na zona Sul, o Sense Wind, com 92 unidades de 135m\u00b2 e duas coberturas privativas de 286m\u00b2, \u00e9 a segunda de tr\u00eas torres do Sense Vertical Living, que juntas somam 274 unidades. O condom\u00ednio oferece na \u00e1rea coletiva os j\u00e1 tradicionais espa\u00e7os de lazer com sal\u00e3o de festas, espa\u00e7o gourmet, piscina adulto e infantil, churrasqueiras, coworking, sala de reuni\u00e3o e outros.<\/p>\n\n\n\n<p id=\"viewer-cnjq0\">Al\u00e9m de todo padr\u00e3o de qualidade Brasal, a marca traz tend\u00eancias impressas em seus empreendimentos nas \u00e1reas de tecnologia, sustentabilidade, mobilidade e compartilhamento. Entre os grandes diferenciais nesse novo empreendimento est\u00e3o a experi\u00eancia que os ambientes dos espa\u00e7os comuns despertar\u00e3o por meio dos sentidos humanos, pontos para carregamento de ve\u00edculos el\u00e9tricos na garagem, entre outros.<\/p>\n\n\n\n<p id=\"viewer-1b997\">A pr\u00f3xima torre a ser entregue ser\u00e1 a Sense Lumini (80 apartamentos de 115m\u00b2 e duas coberturas de 260m\u00b2).<\/p>\n\n\n\n<p id=\"viewer-c1rgk\"><strong>Sobre a Brasal Incorpora\u00e7\u00f5es<\/strong><\/p>\n\n\n\n<p id=\"viewer-a3qht\">Com o firme prop\u00f3sito de confiar nas pessoas e fazer o melhor para ser refer\u00eancia, a Brasal Incorpora\u00e7\u00f5es se destaca por sua excel\u00eancia em gest\u00e3o e certifica\u00e7\u00f5es recebidas por institui\u00e7\u00f5es nacionais e internacionais, por seus projetos arrojados e pelo elevado padr\u00e3o de qualidade de seus empreendimentos residenciais, comerciais e loteamentos. Em 2003, a Brasal Incorpora\u00e7\u00f5es iniciou sua opera\u00e7\u00e3o no mercado de Bras\u00edlia. Carregando atributos que valorizam o lazer, a seguran\u00e7a, a tecnologia e a boa localiza\u00e7\u00e3o, com projetos que proporcionam tempo de qualidade para quem compra, viv\u00eancia ou investe em um Brasal. Chegou ao mercado de Goi\u00e2nia em 2011, em 2015, lan\u00e7ou seu primeiro empreendimento em Uberl\u00e2ndia: o Triad que rapidamente se tornou refer\u00eancia de qualidade. Logo depois, o Sense confirmou a confian\u00e7a e a valoriza\u00e7\u00e3o dos im\u00f3veis Brasal. Dando continuidade ao que sabe fazer de melhor, inovar, trouxe o Arven, um empreendimento que marca a trajet\u00f3ria da Brasal na cidade. Outro lan\u00e7amento foi o DUO, concebido dessa inquietude que move a incorporadora a seguir em frente no seu prop\u00f3sito. Na sequ\u00eancia, houve o lan\u00e7amento do Chess, uma inova\u00e7\u00e3o compacta, refinada e estrategicamente pensada, da metragem dos apartamentos \u00e0 localiza\u00e7\u00e3o, que inova trazendo espa\u00e7o mulher, pet place, espa\u00e7o pet, quadra de beach tennis, snack point e horta comunit\u00e1ria, entre outros atributos como ampla \u00e1rea de lazer, al\u00e9m de toda qualidade Brasal. O mais novo lan\u00e7amento foi o Iris Brasal, com 70 unidades distribu\u00eddas em 21 pavimentos. Contempla tr\u00eas plantas diferentes e uma diferenciada infraestrutura, dotada de sal\u00e3o de festas, snack point, cinema, sal\u00e3o de jogos, piscinas climatizadas com uma raia de 25 metros e paisagismo completo.<\/p>\n","protected":false},"excerpt":{"rendered":"<p>Patr\u00edcia Coelho, L\u00edrian Mercaldi, Carina da Veiga Camargo e Paula Melo Em clima de celebra\u00e7\u00e3o, a Brasal Incorpora\u00e7\u00f5es reuniu na noite de quinta-feira, 9, clientes para a inaugura\u00e7\u00e3o oficial da<\/p>\n","protected":false},"author":1,"featured_media":4817,"comment_status":"open","ping_status":"open","sticky":false,"template":"","format":"standard","meta":{"footnotes":""},"categories":[1],"tags":[],"class_list":["post-4816","post","type-post","status-publish","format-standard","has-post-thumbnail","hentry","category-noticias"],"_links":{"self":[{"href":"https:\/\/revistahubclub.com.br\/portal\/wp-json\/wp\/v2\/posts\/4816","targetHints":{"allow":["GET"]}}],"collection":[{"href":"https:\/\/revistahubclub.com.br\/portal\/wp-json\/wp\/v2\/posts"}],"about":[{"href":"https:\/\/revistahubclub.com.br\/portal\/wp-json\/wp\/v2\/types\/post"}],"author":[{"embeddable":true,"href":"https:\/\/revistahubclub.com.br\/portal\/wp-json\/wp\/v2\/users\/1"}],"replies":[{"embeddable":true,"href":"https:\/\/revistahubclub.com.br\/portal\/wp-json\/wp\/v2\/comments?post=4816"}],"version-history":[{"count":1,"href":"https:\/\/revistahubclub.com.br\/portal\/wp-json\/wp\/v2\/posts\/4816\/revisions"}],"predecessor-version":[{"id":4818,"href":"https:\/\/revistahubclub.com.br\/portal\/wp-json\/wp\/v2\/posts\/4816\/revisions\/4818"}],"wp:featuredmedia":[{"embeddable":true,"href":"https:\/\/revistahubclub.com.br\/portal\/wp-json\/wp\/v2\/media\/4817"}],"wp:attachment":[{"href":"https:\/\/revistahubclub.com.br\/portal\/wp-json\/wp\/v2\/media?parent=4816"}],"wp:term":[{"taxonomy":"category","embeddable":true,"href":"https:\/\/revistahubclub.com.br\/portal\/wp-json\/wp\/v2\/categories?post=4816"},{"taxonomy":"post_tag","embeddable":true,"href":"https:\/\/revistahubclub.com.br\/portal\/wp-json\/wp\/v2\/tags?post=4816"}],"curies":[{"name":"wp","href":"https:\/\/api.w.org\/{rel}","templated":true}]}}