{"id":4828,"date":"2023-02-06T15:26:00","date_gmt":"2023-02-06T18:26:00","guid":{"rendered":"https:\/\/revistahubclub.com.br\/portal\/?p=4828"},"modified":"2024-12-17T15:26:39","modified_gmt":"2024-12-17T18:26:39","slug":"cafe-so-delas-recebe-denise-fraga","status":"publish","type":"post","link":"https:\/\/revistahubclub.com.br\/portal\/2023\/02\/06\/cafe-so-delas-recebe-denise-fraga\/","title":{"rendered":"Caf\u00e9 S\u00f3 Delas recebe Denise Fraga"},"content":{"rendered":"\n<p id=\"viewer-e3jfr\">A anfitri\u00e3 do evento ministrar\u00e1 a palestra Conex\u00f5es Humanas em <strong>Tempos Digitais<\/strong><\/p>\n\n\n\n<p id=\"viewer-5rajk\">No Dia Internacional da Mulher, a <strong>CDL Uberl\u00e2ndia<\/strong> celebra o protagonismo feminino com mais uma edi\u00e7\u00e3o do <strong>CAF\u00c9 S\u00d3 DELAS.<\/strong><\/p>\n\n\n\n<p id=\"viewer-ghnu\">O evento acontece no dia 08 de mar\u00e7o e foi preparado com muito carinho para elas, que s\u00e3o cidad\u00e3s ativas, executivas, m\u00e3es, chefes de domic\u00edlio, influenciadoras, decisoras e agentes de transforma\u00e7\u00e3o social.<\/p>\n\n\n\n<p id=\"viewer-59fkf\">\u201cN\u00f3s queremos enaltecer a import\u00e2ncia das mulheres, que j\u00e1 representam mais de 50% da popula\u00e7\u00e3o brasileira, comandam 10,1 milh\u00f5es de neg\u00f3cios no Brasil, ocupam mais de um ter\u00e7o dos cargos de lideran\u00e7a e tem uma participa\u00e7\u00e3o cada vez mais importante no mercado, na economia e no desenvolvimento da sociedade\u201d ressaltou a superintendente da CDL, L\u00e9cia Queiroz.<\/p>\n\n\n\n<p id=\"viewer-bk78v\">A anfitri\u00e3 dessa edi\u00e7\u00e3o ser\u00e1 a colunista, escritora e uma das mais talentosas atrizes brasileiras, Denise Fraga.<\/p>\n\n\n\n<p id=\"viewer-ck40m\">Atrav\u00e9s da palestra <strong>Conex\u00f5es Humanas em Tempos Digitais, <\/strong>a convidada abordar\u00e1 algo muito precioso nos tempos digitais: a urg\u00eancia da presen\u00e7a plena e da conviv\u00eancia, do exerc\u00edcio da escuta, da empatia e do movimento em dire\u00e7\u00e3o ao outro, neste ciclone de desumaniza\u00e7\u00e3o.<\/p>\n\n\n\n<p id=\"viewer-b4i77\">Al\u00e9m do caf\u00e9 e da palestra, haver\u00e1 sorteios e distribui\u00e7\u00e3o de brindes.<\/p>\n\n\n\n<p id=\"viewer-276c5\">\u201cNossa proposta \u00e9 criar um momento \u00fanico, que enalte\u00e7a o universo feminino e promova um movimento de reflex\u00e3o e desenvolvimento pessoal e profissional entre as participantes\u201d ressaltou a coordenadora de Marketing da CDL Uberl\u00e2ndia, Na\u00edla Correa.<\/p>\n\n\n\n<p id=\"viewer-11n8e\">O evento \u00e9 uma parceria da entidade com o <a target=\"_blank\" href=\"https:\/\/sebrae.com.br\/sites\/PortalSebrae\" rel=\"noreferrer noopener\"><strong>Sebrae<\/strong><\/a> e conta com o apoio das empresas patrocinadoras da campanha <strong>PRESENTE DA SORTE.<\/strong><\/p>\n\n\n\n<p id=\"viewer-edpis\">A entrada \u00e9 um kilo de alimento n\u00e3o perec\u00edvel ou um litro de leite, que ser\u00e3o doados para a ONG Esta\u00e7\u00e3o Vida. Garanta sua inscri\u00e7\u00e3o <a target=\"_blank\" href=\"https:\/\/www.sympla.com.br\/evento\/cafe-so-delas-com-denise-fraga\/1865368?_gl=1*2olbjy*_ga*MTk4NTQ3MTA3MC4xNjcyNzU0Mjc1*_ga_KXH10SQTZF*MTY3NTY4MjEwMi43LjEuMTY3NTY4MzEwMC4wLjAuMA\" rel=\"noreferrer noopener\"><strong><u>aqui<\/u><\/strong><\/a><\/p>\n","protected":false},"excerpt":{"rendered":"<p>A anfitri\u00e3 do evento ministrar\u00e1 a palestra Conex\u00f5es Humanas em Tempos Digitais No Dia Internacional da Mulher, a CDL Uberl\u00e2ndia celebra o protagonismo feminino com mais uma edi\u00e7\u00e3o do CAF\u00c9<\/p>\n","protected":false},"author":1,"featured_media":4829,"comment_status":"open","ping_status":"open","sticky":false,"template":"","format":"standard","meta":{"footnotes":""},"categories":[1],"tags":[],"class_list":["post-4828","post","type-post","status-publish","format-standard","has-post-thumbnail","hentry","category-noticias"],"_links":{"self":[{"href":"https:\/\/revistahubclub.com.br\/portal\/wp-json\/wp\/v2\/posts\/4828","targetHints":{"allow":["GET"]}}],"collection":[{"href":"https:\/\/revistahubclub.com.br\/portal\/wp-json\/wp\/v2\/posts"}],"about":[{"href":"https:\/\/revistahubclub.com.br\/portal\/wp-json\/wp\/v2\/types\/post"}],"author":[{"embeddable":true,"href":"https:\/\/revistahubclub.com.br\/portal\/wp-json\/wp\/v2\/users\/1"}],"replies":[{"embeddable":true,"href":"https:\/\/revistahubclub.com.br\/portal\/wp-json\/wp\/v2\/comments?post=4828"}],"version-history":[{"count":1,"href":"https:\/\/revistahubclub.com.br\/portal\/wp-json\/wp\/v2\/posts\/4828\/revisions"}],"predecessor-version":[{"id":4830,"href":"https:\/\/revistahubclub.com.br\/portal\/wp-json\/wp\/v2\/posts\/4828\/revisions\/4830"}],"wp:featuredmedia":[{"embeddable":true,"href":"https:\/\/revistahubclub.com.br\/portal\/wp-json\/wp\/v2\/media\/4829"}],"wp:attachment":[{"href":"https:\/\/revistahubclub.com.br\/portal\/wp-json\/wp\/v2\/media?parent=4828"}],"wp:term":[{"taxonomy":"category","embeddable":true,"href":"https:\/\/revistahubclub.com.br\/portal\/wp-json\/wp\/v2\/categories?post=4828"},{"taxonomy":"post_tag","embeddable":true,"href":"https:\/\/revistahubclub.com.br\/portal\/wp-json\/wp\/v2\/tags?post=4828"}],"curies":[{"name":"wp","href":"https:\/\/api.w.org\/{rel}","templated":true}]}}