{"id":4964,"date":"2023-01-17T16:20:00","date_gmt":"2023-01-17T19:20:00","guid":{"rendered":"https:\/\/revistahubclub.com.br\/portal\/?p=4964"},"modified":"2024-12-17T16:21:05","modified_gmt":"2024-12-17T19:21:05","slug":"hub-ituiutaba-veja-personalidades-do-pontal-nas-celebracoes-do-fim-de-ano","status":"publish","type":"post","link":"https:\/\/revistahubclub.com.br\/portal\/2023\/01\/17\/hub-ituiutaba-veja-personalidades-do-pontal-nas-celebracoes-do-fim-de-ano\/","title":{"rendered":"Hub Ituiutaba: veja personalidades do Pontal nas celebra\u00e7\u00f5es do fim de ano"},"content":{"rendered":"\n<p id=\"viewer-foo\"><em>Colunista da revista Hub Club, Mauro Almeida, mostrou fotos de importantes eventos realizados na cidade nos \u00faltimos meses de 2022; confira.<\/em><\/p>\n\n\n\n<p id=\"viewer-d0nmu\">Por Mauro Almeida<\/p>\n\n\n\n<p id=\"viewer-6950m\">Fotos Divulga\u00e7\u00e3o<\/p>\n\n\n\n<p id=\"viewer-a69m6\">Em destaque alguns eventos que movimentaram a sociedade de Ituiutaba sob as lentes de nosso colaborador Mauro Almeida. Nesta coluna os registros especiais das personalidades que circularam nos \u00faltimos meses de 2022, pelos importantes eventos realizados na cidade. E para finalizar celebramos aqui os votos de pr\u00f3spero 2023 para todos os clientes e amigos da Hub Club!!!<\/p>\n\n\n\n<figure class=\"wp-block-image\"><img loading=\"lazy\" decoding=\"async\" width=\"592\" height=\"850\" src=\"https:\/\/revistahubclub.com.br\/portal\/wp-content\/uploads\/2024\/12\/cf07ad_503d136cf1e94e13a346d63946a0ba9fmv2.jpg\" alt=\"\" class=\"wp-image-4973\" srcset=\"https:\/\/revistahubclub.com.br\/portal\/wp-content\/uploads\/2024\/12\/cf07ad_503d136cf1e94e13a346d63946a0ba9fmv2.jpg 592w, https:\/\/revistahubclub.com.br\/portal\/wp-content\/uploads\/2024\/12\/cf07ad_503d136cf1e94e13a346d63946a0ba9fmv2-209x300.jpg 209w\" sizes=\"auto, (max-width: 592px) 100vw, 592px\" \/><\/figure>\n\n\n\n<p id=\"viewer-dpi7p\">Os empres\u00e1rios e Samuel Franco movimentando a ala jovem em seu requisitado espa\u00e7o que re\u00fane excelente gastronomia e animados shows.<\/p>\n\n\n\n<figure class=\"wp-block-image\"><img loading=\"lazy\" decoding=\"async\" width=\"592\" height=\"740\" src=\"https:\/\/revistahubclub.com.br\/portal\/wp-content\/uploads\/2024\/12\/cf07ad_4ba77d466a4b4e5b8af7b66ec7f1222fmv2.jpg\" alt=\"\" class=\"wp-image-4970\" srcset=\"https:\/\/revistahubclub.com.br\/portal\/wp-content\/uploads\/2024\/12\/cf07ad_4ba77d466a4b4e5b8af7b66ec7f1222fmv2.jpg 592w, https:\/\/revistahubclub.com.br\/portal\/wp-content\/uploads\/2024\/12\/cf07ad_4ba77d466a4b4e5b8af7b66ec7f1222fmv2-240x300.jpg 240w\" sizes=\"auto, (max-width: 592px) 100vw, 592px\" \/><\/figure>\n\n\n\n<p id=\"viewer-25qoa\">O enlace de Felipe Menezes e Karla Gabrielle movimentou o circuito festivo da cidade e contou com a presen\u00e7a de ilustres convidados que vieram prestigiar este momento especial em suas vidas.<\/p>\n\n\n\n<figure class=\"wp-block-image\"><img loading=\"lazy\" decoding=\"async\" width=\"592\" height=\"741\" src=\"https:\/\/revistahubclub.com.br\/portal\/wp-content\/uploads\/2024\/12\/cf07ad_eff6ff91de89404cb3203e9d4d57c937mv2.jpg\" alt=\"\" class=\"wp-image-4974\" srcset=\"https:\/\/revistahubclub.com.br\/portal\/wp-content\/uploads\/2024\/12\/cf07ad_eff6ff91de89404cb3203e9d4d57c937mv2.jpg 592w, https:\/\/revistahubclub.com.br\/portal\/wp-content\/uploads\/2024\/12\/cf07ad_eff6ff91de89404cb3203e9d4d57c937mv2-240x300.jpg 240w\" sizes=\"auto, (max-width: 592px) 100vw, 592px\" \/><\/figure>\n\n\n\n<p id=\"viewer-feiht\">Sob a gest\u00e3o da prefeita Leandra Guedes, a cidade foi reconhecida como refer\u00eancia na educa\u00e7\u00e3o, recebendo o Pr\u00eamio Band Cidades Excelentes 2022, como uma das tr\u00eas melhores cidades mineiras na categoria Educa\u00e7\u00e3o. O pr\u00eamio \u00e9 organizado pelo Grupo Bandeirantes de Comunica\u00e7\u00e3o em parceria com o Instituto Aquila.<\/p>\n\n\n\n<figure class=\"wp-block-image\"><img loading=\"lazy\" decoding=\"async\" width=\"592\" height=\"394\" src=\"https:\/\/revistahubclub.com.br\/portal\/wp-content\/uploads\/2024\/12\/cf07ad_e6f387eb0c8342a78b9460ac393e351amv2.jpg\" alt=\"\" class=\"wp-image-4966\" srcset=\"https:\/\/revistahubclub.com.br\/portal\/wp-content\/uploads\/2024\/12\/cf07ad_e6f387eb0c8342a78b9460ac393e351amv2.jpg 592w, https:\/\/revistahubclub.com.br\/portal\/wp-content\/uploads\/2024\/12\/cf07ad_e6f387eb0c8342a78b9460ac393e351amv2-300x200.jpg 300w\" sizes=\"auto, (max-width: 592px) 100vw, 592px\" \/><\/figure>\n\n\n\n<p id=\"viewer-3ce4v\">O Grupo SOS Sanat\u00f3rio promoveu um prestigiado evento de moda com a finalidade de<\/p>\n\n\n\n<p id=\"viewer-ci1et\">manter os trabalhos realizados no Sanat\u00f3rio Espirita Jos\u00e9 Dias Machado.<\/p>\n\n\n\n<figure class=\"wp-block-image\"><img loading=\"lazy\" decoding=\"async\" width=\"592\" height=\"769\" src=\"https:\/\/revistahubclub.com.br\/portal\/wp-content\/uploads\/2024\/12\/cf07ad_de23ee14e7bf43f8a266d62db0a0e3dfmv2.jpg\" alt=\"\" class=\"wp-image-4967\" srcset=\"https:\/\/revistahubclub.com.br\/portal\/wp-content\/uploads\/2024\/12\/cf07ad_de23ee14e7bf43f8a266d62db0a0e3dfmv2.jpg 592w, https:\/\/revistahubclub.com.br\/portal\/wp-content\/uploads\/2024\/12\/cf07ad_de23ee14e7bf43f8a266d62db0a0e3dfmv2-231x300.jpg 231w\" sizes=\"auto, (max-width: 592px) 100vw, 592px\" \/><\/figure>\n\n\n\n<p id=\"viewer-8spag\">Mailan Marchiori e Gabriela Debs presentes na comemora\u00e7\u00e3o de dois anos de funcionamento de um requisitado espa\u00e7o de beleza na cidade.<\/p>\n\n\n\n<figure class=\"wp-block-image\"><img loading=\"lazy\" decoding=\"async\" width=\"540\" height=\"960\" src=\"https:\/\/revistahubclub.com.br\/portal\/wp-content\/uploads\/2024\/12\/cf07ad_b595a8dd62b94bd1856a330f467c6077mv2.jpg\" alt=\"\" class=\"wp-image-4975\" srcset=\"https:\/\/revistahubclub.com.br\/portal\/wp-content\/uploads\/2024\/12\/cf07ad_b595a8dd62b94bd1856a330f467c6077mv2.jpg 540w, https:\/\/revistahubclub.com.br\/portal\/wp-content\/uploads\/2024\/12\/cf07ad_b595a8dd62b94bd1856a330f467c6077mv2-169x300.jpg 169w\" sizes=\"auto, (max-width: 540px) 100vw, 540px\" \/><\/figure>\n\n\n\n<p id=\"viewer-eg6ck\">A estimada \u00c2ngela Priscila inaugurou seu espa\u00e7o dedicado a beleza feminina e na<\/p>\n\n\n\n<p id=\"viewer-8rqba\">ocasi\u00e3o recebeu o prest\u00edgio de seu seleto grupo de convidados.<\/p>\n\n\n\n<figure class=\"wp-block-image\"><img loading=\"lazy\" decoding=\"async\" width=\"592\" height=\"876\" src=\"https:\/\/revistahubclub.com.br\/portal\/wp-content\/uploads\/2024\/12\/cf07ad_e00aac322e1748bf97f38845dca731e3mv2.jpg\" alt=\"\" class=\"wp-image-4971\" srcset=\"https:\/\/revistahubclub.com.br\/portal\/wp-content\/uploads\/2024\/12\/cf07ad_e00aac322e1748bf97f38845dca731e3mv2.jpg 592w, https:\/\/revistahubclub.com.br\/portal\/wp-content\/uploads\/2024\/12\/cf07ad_e00aac322e1748bf97f38845dca731e3mv2-203x300.jpg 203w\" sizes=\"auto, (max-width: 592px) 100vw, 592px\" \/><\/figure>\n\n\n\n<p id=\"viewer-73u11\">A conceituada advogada Mirtis Correia, destaque especial pelo seu relevante<\/p>\n\n\n\n<p id=\"viewer-7m5qh\">trabalho prestado a OAB\/MG.<\/p>\n\n\n\n<figure class=\"wp-block-image\"><img loading=\"lazy\" decoding=\"async\" width=\"592\" height=\"1053\" src=\"https:\/\/revistahubclub.com.br\/portal\/wp-content\/uploads\/2024\/12\/cf07ad_53c8ef5cf13e432297d2e1cd8b1e88bamv2.jpg\" alt=\"\" class=\"wp-image-4972\" srcset=\"https:\/\/revistahubclub.com.br\/portal\/wp-content\/uploads\/2024\/12\/cf07ad_53c8ef5cf13e432297d2e1cd8b1e88bamv2.jpg 592w, https:\/\/revistahubclub.com.br\/portal\/wp-content\/uploads\/2024\/12\/cf07ad_53c8ef5cf13e432297d2e1cd8b1e88bamv2-169x300.jpg 169w, https:\/\/revistahubclub.com.br\/portal\/wp-content\/uploads\/2024\/12\/cf07ad_53c8ef5cf13e432297d2e1cd8b1e88bamv2-576x1024.jpg 576w\" sizes=\"auto, (max-width: 592px) 100vw, 592px\" \/><\/figure>\n\n\n\n<p id=\"viewer-61d5s\">Iris Senne e Bruna Beirigo levaram sua eleg\u00e2ncia e carisma para a contagiante<\/p>\n\n\n\n<p id=\"viewer-1ja25\">noite de moda com lan\u00e7amentos exclusivos para as pr\u00f3ximas esta\u00e7\u00f5es.<\/p>\n\n\n\n<figure class=\"wp-block-image\"><img loading=\"lazy\" decoding=\"async\" width=\"592\" height=\"790\" src=\"https:\/\/revistahubclub.com.br\/portal\/wp-content\/uploads\/2024\/12\/cf07ad_48fc01a84ccf40b589b292c384c47ba6mv2.jpg\" alt=\"\" class=\"wp-image-4969\" srcset=\"https:\/\/revistahubclub.com.br\/portal\/wp-content\/uploads\/2024\/12\/cf07ad_48fc01a84ccf40b589b292c384c47ba6mv2.jpg 592w, https:\/\/revistahubclub.com.br\/portal\/wp-content\/uploads\/2024\/12\/cf07ad_48fc01a84ccf40b589b292c384c47ba6mv2-225x300.jpg 225w\" sizes=\"auto, (max-width: 592px) 100vw, 592px\" \/><\/figure>\n\n\n\n<p id=\"viewer-btlpv\">Thays Faria e T\u00falio Silveira prestigiando exclusiva noite de moda no melhor espa\u00e7o<\/p>\n\n\n\n<p id=\"viewer-a4iq0\">de eventos da cidade.<\/p>\n\n\n\n<figure class=\"wp-block-image\"><img loading=\"lazy\" decoding=\"async\" width=\"592\" height=\"1053\" src=\"https:\/\/revistahubclub.com.br\/portal\/wp-content\/uploads\/2024\/12\/cf07ad_8bc5b399063f4308b52c102fb5cc9d81mv2.jpg\" alt=\"\" class=\"wp-image-4976\" srcset=\"https:\/\/revistahubclub.com.br\/portal\/wp-content\/uploads\/2024\/12\/cf07ad_8bc5b399063f4308b52c102fb5cc9d81mv2.jpg 592w, https:\/\/revistahubclub.com.br\/portal\/wp-content\/uploads\/2024\/12\/cf07ad_8bc5b399063f4308b52c102fb5cc9d81mv2-169x300.jpg 169w, https:\/\/revistahubclub.com.br\/portal\/wp-content\/uploads\/2024\/12\/cf07ad_8bc5b399063f4308b52c102fb5cc9d81mv2-576x1024.jpg 576w\" sizes=\"auto, (max-width: 592px) 100vw, 592px\" \/><\/figure>\n\n\n\n<p id=\"viewer-25v0g\">Renata Cardoso e Eliene Mendon\u00e7a foram destaques no desfile beneficente<\/p>\n\n\n\n<p id=\"viewer-9n1fq\">que movimentou grande parte da ala feminina da cidade.<\/p>\n\n\n\n<figure class=\"wp-block-image\"><img loading=\"lazy\" decoding=\"async\" width=\"592\" height=\"1053\" src=\"https:\/\/revistahubclub.com.br\/portal\/wp-content\/uploads\/2024\/12\/cf07ad_6ad050acb850474cb1f4b96a974a4676mv2.jpg\" alt=\"\" class=\"wp-image-4968\" srcset=\"https:\/\/revistahubclub.com.br\/portal\/wp-content\/uploads\/2024\/12\/cf07ad_6ad050acb850474cb1f4b96a974a4676mv2.jpg 592w, https:\/\/revistahubclub.com.br\/portal\/wp-content\/uploads\/2024\/12\/cf07ad_6ad050acb850474cb1f4b96a974a4676mv2-169x300.jpg 169w, https:\/\/revistahubclub.com.br\/portal\/wp-content\/uploads\/2024\/12\/cf07ad_6ad050acb850474cb1f4b96a974a4676mv2-576x1024.jpg 576w\" sizes=\"auto, (max-width: 592px) 100vw, 592px\" \/><\/figure>\n\n\n\n<p id=\"viewer-adsd4\">Ana Gabriela e Ronaldo J\u00fanior presentes em noite dedicada aos lan\u00e7amentos da primavera\/ver\u00e3o.<\/p>\n","protected":false},"excerpt":{"rendered":"<p>Colunista da revista Hub Club, Mauro Almeida, mostrou fotos de importantes eventos realizados na cidade nos \u00faltimos meses de 2022; confira. Por Mauro Almeida Fotos Divulga\u00e7\u00e3o Em destaque alguns eventos<\/p>\n","protected":false},"author":1,"featured_media":4965,"comment_status":"open","ping_status":"open","sticky":false,"template":"","format":"standard","meta":{"footnotes":""},"categories":[1],"tags":[],"class_list":["post-4964","post","type-post","status-publish","format-standard","has-post-thumbnail","hentry","category-noticias"],"_links":{"self":[{"href":"https:\/\/revistahubclub.com.br\/portal\/wp-json\/wp\/v2\/posts\/4964","targetHints":{"allow":["GET"]}}],"collection":[{"href":"https:\/\/revistahubclub.com.br\/portal\/wp-json\/wp\/v2\/posts"}],"about":[{"href":"https:\/\/revistahubclub.com.br\/portal\/wp-json\/wp\/v2\/types\/post"}],"author":[{"embeddable":true,"href":"https:\/\/revistahubclub.com.br\/portal\/wp-json\/wp\/v2\/users\/1"}],"replies":[{"embeddable":true,"href":"https:\/\/revistahubclub.com.br\/portal\/wp-json\/wp\/v2\/comments?post=4964"}],"version-history":[{"count":1,"href":"https:\/\/revistahubclub.com.br\/portal\/wp-json\/wp\/v2\/posts\/4964\/revisions"}],"predecessor-version":[{"id":4977,"href":"https:\/\/revistahubclub.com.br\/portal\/wp-json\/wp\/v2\/posts\/4964\/revisions\/4977"}],"wp:featuredmedia":[{"embeddable":true,"href":"https:\/\/revistahubclub.com.br\/portal\/wp-json\/wp\/v2\/media\/4965"}],"wp:attachment":[{"href":"https:\/\/revistahubclub.com.br\/portal\/wp-json\/wp\/v2\/media?parent=4964"}],"wp:term":[{"taxonomy":"category","embeddable":true,"href":"https:\/\/revistahubclub.com.br\/portal\/wp-json\/wp\/v2\/categories?post=4964"},{"taxonomy":"post_tag","embeddable":true,"href":"https:\/\/revistahubclub.com.br\/portal\/wp-json\/wp\/v2\/tags?post=4964"}],"curies":[{"name":"wp","href":"https:\/\/api.w.org\/{rel}","templated":true}]}}