{"id":4995,"date":"2023-01-13T16:23:00","date_gmt":"2023-01-13T19:23:00","guid":{"rendered":"https:\/\/revistahubclub.com.br\/portal\/?p=4995"},"modified":"2024-12-17T16:24:28","modified_gmt":"2024-12-17T19:24:28","slug":"hub-club-social-samantha-godoy-agora-tem-coluna-fixa-em-nossa-revista","status":"publish","type":"post","link":"https:\/\/revistahubclub.com.br\/portal\/2023\/01\/13\/hub-club-social-samantha-godoy-agora-tem-coluna-fixa-em-nossa-revista\/","title":{"rendered":"Hub Club Social: Samantha Godoy agora tem coluna fixa em nossa revista"},"content":{"rendered":"\n<p id=\"viewer-foo\"><em>Coluna mostra viagens, neg\u00f3cios, empreendedorismo, estilo de vida, tend\u00eancias, festas e eventos culturais de Uberl\u00e2ndia e regi\u00e3o.<\/em><\/p>\n\n\n\n<p id=\"viewer-1kqad\">Por Samantha Godoy<\/p>\n\n\n\n<p id=\"viewer-9fgea\">Fotos Divulga\u00e7\u00e3o<\/p>\n\n\n\n<p id=\"viewer-67bhg\">Sou Samantha Godoy, Consultora de Imagem, Advogada, membro da Comiss\u00e3o de Direito da Moda (OAB\/Uberl\u00e2ndia), da AICI (Associa\u00e7\u00e3o Internacional dos Consultores de Imagem) e Colunista de Estilo Pessoal da HUB Neg\u00f3cios.<\/p>\n\n\n\n<p id=\"viewer-9ejjh\">E a partir desta edi\u00e7\u00e3o voc\u00ea ir\u00e1 conferir a minha Coluna Social preparada especialmente para voc\u00eas.<\/p>\n\n\n\n<p id=\"viewer-e352q\">Irei compartilhar viagens, neg\u00f3cios, empreendedorismo, estilo de vida, tend\u00eancias, festas e eventos culturais da alta sociedade uberlandense e regi\u00e3o.<\/p>\n\n\n\n<p id=\"viewer-fnkq0\"><strong>Veja abaixo as fotos!<\/strong><\/p>\n\n\n\n<figure class=\"wp-block-image\"><img loading=\"lazy\" decoding=\"async\" width=\"592\" height=\"732\" src=\"https:\/\/revistahubclub.com.br\/portal\/wp-content\/uploads\/2024\/12\/cf07ad_95b4528261404c32a448923bfce7c8b1mv2.jpg\" alt=\"\" class=\"wp-image-5004\" srcset=\"https:\/\/revistahubclub.com.br\/portal\/wp-content\/uploads\/2024\/12\/cf07ad_95b4528261404c32a448923bfce7c8b1mv2.jpg 592w, https:\/\/revistahubclub.com.br\/portal\/wp-content\/uploads\/2024\/12\/cf07ad_95b4528261404c32a448923bfce7c8b1mv2-243x300.jpg 243w\" sizes=\"auto, (max-width: 592px) 100vw, 592px\" \/><\/figure>\n\n\n\n<p id=\"viewer-er06i\"><em>Holofotes para Ana Clara Pereira Leite em desfile para Skazi &#8211; The Runway Show (Inverno 2023). Foto @lecanovo. Expominas Belo Horizonte &#8211; 31 de outubro de 2022<\/em><\/p>\n\n\n\n<figure class=\"wp-block-image\"><img loading=\"lazy\" decoding=\"async\" width=\"592\" height=\"694\" src=\"https:\/\/revistahubclub.com.br\/portal\/wp-content\/uploads\/2024\/12\/cf07ad_161eef47a9e64b81a4b8b26c47d8bf70mv2.jpg\" alt=\"\" class=\"wp-image-5001\" srcset=\"https:\/\/revistahubclub.com.br\/portal\/wp-content\/uploads\/2024\/12\/cf07ad_161eef47a9e64b81a4b8b26c47d8bf70mv2.jpg 592w, https:\/\/revistahubclub.com.br\/portal\/wp-content\/uploads\/2024\/12\/cf07ad_161eef47a9e64b81a4b8b26c47d8bf70mv2-256x300.jpg 256w\" sizes=\"auto, (max-width: 592px) 100vw, 592px\" \/><\/figure>\n\n\n\n<p id=\"viewer-bitca\"><em>Um click da Linda Lizi Leite, leg\u00edtima representante do mundo fitness. Dona de um carisma vibrante e uma energia contagiante, sua espontaneidade e autenticidade conquistam seguidores diariamente.<\/em><\/p>\n\n\n\n<figure class=\"wp-block-image\"><img loading=\"lazy\" decoding=\"async\" width=\"592\" height=\"737\" src=\"https:\/\/revistahubclub.com.br\/portal\/wp-content\/uploads\/2024\/12\/cf07ad_b46b756be46148c9af45e147bbc46fbbmv2.jpg\" alt=\"\" class=\"wp-image-5003\" srcset=\"https:\/\/revistahubclub.com.br\/portal\/wp-content\/uploads\/2024\/12\/cf07ad_b46b756be46148c9af45e147bbc46fbbmv2.jpg 592w, https:\/\/revistahubclub.com.br\/portal\/wp-content\/uploads\/2024\/12\/cf07ad_b46b756be46148c9af45e147bbc46fbbmv2-241x300.jpg 241w\" sizes=\"auto, (max-width: 592px) 100vw, 592px\" \/><\/figure>\n\n\n\n<p id=\"viewer-1524a\"><em>Leydiane Naves, propriet\u00e1ria da loja de moda feminina L\u2019Chiq, esteve presente na F1 em Interlagos, no \u00faltimo dia 13 de novembro. Sempre estilosa!<\/em><\/p>\n\n\n\n<figure class=\"wp-block-image\"><img loading=\"lazy\" decoding=\"async\" width=\"592\" height=\"702\" src=\"https:\/\/revistahubclub.com.br\/portal\/wp-content\/uploads\/2024\/12\/cf07ad_a9809cfdeaa5430f970012029d2e1918mv2.jpg\" alt=\"\" class=\"wp-image-5007\" srcset=\"https:\/\/revistahubclub.com.br\/portal\/wp-content\/uploads\/2024\/12\/cf07ad_a9809cfdeaa5430f970012029d2e1918mv2.jpg 592w, https:\/\/revistahubclub.com.br\/portal\/wp-content\/uploads\/2024\/12\/cf07ad_a9809cfdeaa5430f970012029d2e1918mv2-253x300.jpg 253w\" sizes=\"auto, (max-width: 592px) 100vw, 592px\" \/><\/figure>\n\n\n\n<p id=\"viewer-ae5oe\"><em>Torcendo pelo Brasil, primeiro jogo no Cajub\u00e1. O professor universit\u00e1rio Jo\u00e3o Bento Oliveira, a publicit\u00e1ria Renata Garcia e Daniel Garcia, do Frango Frites.<\/em><\/p>\n\n\n\n<figure class=\"wp-block-image\"><img loading=\"lazy\" decoding=\"async\" width=\"584\" height=\"997\" src=\"https:\/\/revistahubclub.com.br\/portal\/wp-content\/uploads\/2024\/12\/cf07ad_db34dc9af81a45579e46867e88625459mv2.jpg\" alt=\"\" class=\"wp-image-5005\" srcset=\"https:\/\/revistahubclub.com.br\/portal\/wp-content\/uploads\/2024\/12\/cf07ad_db34dc9af81a45579e46867e88625459mv2.jpg 584w, https:\/\/revistahubclub.com.br\/portal\/wp-content\/uploads\/2024\/12\/cf07ad_db34dc9af81a45579e46867e88625459mv2-176x300.jpg 176w\" sizes=\"auto, (max-width: 584px) 100vw, 584px\" \/><\/figure>\n\n\n\n<p id=\"viewer-dhnk8\"><em>Registro do ortopedista e traumatologista Dr. Thiago Freitas Borges Vasconcelos no Congresso da SBOT em Florian\u00f3polis-SC.<\/em><\/p>\n\n\n\n<figure class=\"wp-block-image\"><img loading=\"lazy\" decoding=\"async\" width=\"592\" height=\"882\" src=\"https:\/\/revistahubclub.com.br\/portal\/wp-content\/uploads\/2024\/12\/cf07ad_057dfa8248684307bf5e0dfe1f910758mv2.jpg\" alt=\"\" class=\"wp-image-4999\" srcset=\"https:\/\/revistahubclub.com.br\/portal\/wp-content\/uploads\/2024\/12\/cf07ad_057dfa8248684307bf5e0dfe1f910758mv2.jpg 592w, https:\/\/revistahubclub.com.br\/portal\/wp-content\/uploads\/2024\/12\/cf07ad_057dfa8248684307bf5e0dfe1f910758mv2-201x300.jpg 201w\" sizes=\"auto, (max-width: 592px) 100vw, 592px\" \/><\/figure>\n\n\n\n<p id=\"viewer-cff3k\"><em>Noite de aut\u00f3grafos do livro Maternidade e Carreira, por Daniela Ferreira da Silva,<\/em><\/p>\n\n\n\n<p id=\"viewer-7o9oc\"><em>propriet\u00e1ria da Dermage Uberl\u00e2ndia, franquia de Dermocosm\u00e9ticos estabelecida<\/em><\/p>\n\n\n\n<p id=\"viewer-5bs5p\"><em>h\u00e1 mais de 18 anos na cidade.<\/em><\/p>\n\n\n\n<figure class=\"wp-block-image\"><img loading=\"lazy\" decoding=\"async\" width=\"592\" height=\"658\" src=\"https:\/\/revistahubclub.com.br\/portal\/wp-content\/uploads\/2024\/12\/cf07ad_f59cfff328fd458da830ae5acaf95126mv2.jpg\" alt=\"\" class=\"wp-image-4997\" srcset=\"https:\/\/revistahubclub.com.br\/portal\/wp-content\/uploads\/2024\/12\/cf07ad_f59cfff328fd458da830ae5acaf95126mv2.jpg 592w, https:\/\/revistahubclub.com.br\/portal\/wp-content\/uploads\/2024\/12\/cf07ad_f59cfff328fd458da830ae5acaf95126mv2-270x300.jpg 270w\" sizes=\"auto, (max-width: 592px) 100vw, 592px\" \/><\/figure>\n\n\n\n<p id=\"viewer-fekf0\"><em>Destaque para o Caf\u00e9 com Mulheres na Igreja Sal da Terra Zona Sul. Uma manh\u00e3 de comunh\u00e3o e palavra. Com as queridas Lis Rocha, Charlene, B\u00e1rbara, Jaqueline e<\/em><\/p>\n\n\n\n<p id=\"viewer-adc42\"><em>Roberta.<\/em><\/p>\n\n\n\n<figure class=\"wp-block-image\"><img loading=\"lazy\" decoding=\"async\" width=\"592\" height=\"529\" src=\"https:\/\/revistahubclub.com.br\/portal\/wp-content\/uploads\/2024\/12\/cf07ad_7ef9b9d81dfa4fd2954f33bae7e2a3f8mv2.jpg\" alt=\"\" class=\"wp-image-5002\" srcset=\"https:\/\/revistahubclub.com.br\/portal\/wp-content\/uploads\/2024\/12\/cf07ad_7ef9b9d81dfa4fd2954f33bae7e2a3f8mv2.jpg 592w, https:\/\/revistahubclub.com.br\/portal\/wp-content\/uploads\/2024\/12\/cf07ad_7ef9b9d81dfa4fd2954f33bae7e2a3f8mv2-300x268.jpg 300w\" sizes=\"auto, (max-width: 592px) 100vw, 592px\" \/><\/figure>\n\n\n\n<p id=\"viewer-7rtss\"><em>Dra. Maina Dalmolin marcando presen\u00e7a no evento da Galderma (sobre tend\u00eancias dermatol\u00f3gicas e inova\u00e7\u00f5es) que aconteceu em Ribeir\u00e3o Preto-SP.<\/em><\/p>\n\n\n\n<figure class=\"wp-block-image\"><img loading=\"lazy\" decoding=\"async\" width=\"592\" height=\"732\" src=\"https:\/\/revistahubclub.com.br\/portal\/wp-content\/uploads\/2024\/12\/cf07ad_cb4a83137e7e417ca0851b21a32cb059mv2.jpg\" alt=\"\" class=\"wp-image-4998\" srcset=\"https:\/\/revistahubclub.com.br\/portal\/wp-content\/uploads\/2024\/12\/cf07ad_cb4a83137e7e417ca0851b21a32cb059mv2.jpg 592w, https:\/\/revistahubclub.com.br\/portal\/wp-content\/uploads\/2024\/12\/cf07ad_cb4a83137e7e417ca0851b21a32cb059mv2-243x300.jpg 243w\" sizes=\"auto, (max-width: 592px) 100vw, 592px\" \/><\/figure>\n\n\n\n<p id=\"viewer-605to\"><em>Comemora\u00e7\u00e3o dos 30 anos de formatura. Turma do Centen\u00e1rio da UFMG. Luiz Gustavo Combat e Paulo Infante, hoje colegas na Procuradoria do Estado.<\/em><\/p>\n\n\n\n<figure class=\"wp-block-image\"><img loading=\"lazy\" decoding=\"async\" width=\"592\" height=\"732\" src=\"https:\/\/revistahubclub.com.br\/portal\/wp-content\/uploads\/2024\/12\/cf07ad_0530b820888947bd967771c406ca14c4mv2.jpg\" alt=\"\" class=\"wp-image-5006\" srcset=\"https:\/\/revistahubclub.com.br\/portal\/wp-content\/uploads\/2024\/12\/cf07ad_0530b820888947bd967771c406ca14c4mv2.jpg 592w, https:\/\/revistahubclub.com.br\/portal\/wp-content\/uploads\/2024\/12\/cf07ad_0530b820888947bd967771c406ca14c4mv2-243x300.jpg 243w\" sizes=\"auto, (max-width: 592px) 100vw, 592px\" \/><\/figure>\n\n\n\n<p id=\"viewer-884su\"><em>F\u00e9rias em alto estilo do advogado Leonardo Freitas e sua esposa Dra. Carolina Can\u00e7ado na famosa cidade de Las Vegas.<\/em><\/p>\n\n\n\n<figure class=\"wp-block-image\"><img loading=\"lazy\" decoding=\"async\" width=\"592\" height=\"784\" src=\"https:\/\/revistahubclub.com.br\/portal\/wp-content\/uploads\/2024\/12\/cf07ad_1ce793e24f8e4268b29adc1663e620cdmv2.jpg\" alt=\"\" class=\"wp-image-5008\" srcset=\"https:\/\/revistahubclub.com.br\/portal\/wp-content\/uploads\/2024\/12\/cf07ad_1ce793e24f8e4268b29adc1663e620cdmv2.jpg 592w, https:\/\/revistahubclub.com.br\/portal\/wp-content\/uploads\/2024\/12\/cf07ad_1ce793e24f8e4268b29adc1663e620cdmv2-227x300.jpg 227w\" sizes=\"auto, (max-width: 592px) 100vw, 592px\" \/><\/figure>\n\n\n\n<p id=\"viewer-9l7m5\"><em>Registro do casal Eduardo Magalh\u00e3es e C\u00edntia Flora que escolheram a temporada de neve no Chile para a lua de mel. Felicidades!<\/em><\/p>\n\n\n\n<figure class=\"wp-block-image\"><img loading=\"lazy\" decoding=\"async\" width=\"592\" height=\"605\" src=\"https:\/\/revistahubclub.com.br\/portal\/wp-content\/uploads\/2024\/12\/cf07ad_b3ae5a393d644ed485d652dea7773d40mv2.jpg\" alt=\"\" class=\"wp-image-5000\" srcset=\"https:\/\/revistahubclub.com.br\/portal\/wp-content\/uploads\/2024\/12\/cf07ad_b3ae5a393d644ed485d652dea7773d40mv2.jpg 592w, https:\/\/revistahubclub.com.br\/portal\/wp-content\/uploads\/2024\/12\/cf07ad_b3ae5a393d644ed485d652dea7773d40mv2-294x300.jpg 294w\" sizes=\"auto, (max-width: 592px) 100vw, 592px\" \/><\/figure>\n\n\n\n<p id=\"viewer-eovj1\"><em>Tive a honra de participar do evento da AICI (Associa\u00e7\u00e3o Internacional dos Consultores de Imagem) e encontrar as queridas Renata Tunchel (S\u00e3o Paulo) e Vandressa Pretto (Curitiba).<\/em><\/p>\n\n\n\n<p><\/p>\n","protected":false},"excerpt":{"rendered":"<p>Coluna mostra viagens, neg\u00f3cios, empreendedorismo, estilo de vida, tend\u00eancias, festas e eventos culturais de Uberl\u00e2ndia e regi\u00e3o. Por Samantha Godoy Fotos Divulga\u00e7\u00e3o Sou Samantha Godoy, Consultora de Imagem, Advogada, membro<\/p>\n","protected":false},"author":1,"featured_media":4996,"comment_status":"open","ping_status":"open","sticky":false,"template":"","format":"standard","meta":{"footnotes":""},"categories":[1],"tags":[],"class_list":["post-4995","post","type-post","status-publish","format-standard","has-post-thumbnail","hentry","category-noticias"],"_links":{"self":[{"href":"https:\/\/revistahubclub.com.br\/portal\/wp-json\/wp\/v2\/posts\/4995","targetHints":{"allow":["GET"]}}],"collection":[{"href":"https:\/\/revistahubclub.com.br\/portal\/wp-json\/wp\/v2\/posts"}],"about":[{"href":"https:\/\/revistahubclub.com.br\/portal\/wp-json\/wp\/v2\/types\/post"}],"author":[{"embeddable":true,"href":"https:\/\/revistahubclub.com.br\/portal\/wp-json\/wp\/v2\/users\/1"}],"replies":[{"embeddable":true,"href":"https:\/\/revistahubclub.com.br\/portal\/wp-json\/wp\/v2\/comments?post=4995"}],"version-history":[{"count":1,"href":"https:\/\/revistahubclub.com.br\/portal\/wp-json\/wp\/v2\/posts\/4995\/revisions"}],"predecessor-version":[{"id":5009,"href":"https:\/\/revistahubclub.com.br\/portal\/wp-json\/wp\/v2\/posts\/4995\/revisions\/5009"}],"wp:featuredmedia":[{"embeddable":true,"href":"https:\/\/revistahubclub.com.br\/portal\/wp-json\/wp\/v2\/media\/4996"}],"wp:attachment":[{"href":"https:\/\/revistahubclub.com.br\/portal\/wp-json\/wp\/v2\/media?parent=4995"}],"wp:term":[{"taxonomy":"category","embeddable":true,"href":"https:\/\/revistahubclub.com.br\/portal\/wp-json\/wp\/v2\/categories?post=4995"},{"taxonomy":"post_tag","embeddable":true,"href":"https:\/\/revistahubclub.com.br\/portal\/wp-json\/wp\/v2\/tags?post=4995"}],"curies":[{"name":"wp","href":"https:\/\/api.w.org\/{rel}","templated":true}]}}