{"id":5032,"date":"2023-01-11T16:27:00","date_gmt":"2023-01-11T19:27:00","guid":{"rendered":"https:\/\/revistahubclub.com.br\/portal\/?p=5032"},"modified":"2024-12-17T16:27:45","modified_gmt":"2024-12-17T19:27:45","slug":"regiao-do-cerrado-mineiro-faz-doacao-ao-hospital-do-cancer-de-patrocinio","status":"publish","type":"post","link":"https:\/\/revistahubclub.com.br\/portal\/2023\/01\/11\/regiao-do-cerrado-mineiro-faz-doacao-ao-hospital-do-cancer-de-patrocinio\/","title":{"rendered":"Regi\u00e3o do Cerrado Mineiro faz doa\u00e7\u00e3o ao Hospital do C\u00e2ncer de Patroc\u00ednio"},"content":{"rendered":"\n<p id=\"viewer-3o0d1\"><em>Valor foi arrecadado durante 10\u00ba Pr\u00eamio Regi\u00e3o do Cerrado Mineiro, realizado em novembro, em Uberl\u00e2ndia<\/em><\/p>\n\n\n\n<p id=\"viewer-5vfmn\">A Regi\u00e3o do Cerrado Mineiro realizou na ter\u00e7a-feira, 10, um evento para entrega simb\u00f3lica de um cheque no valor de R$ 88.886,02 destinado \u00e0s obras do primeiro Hospital de Amor de Minas Gerais, iniciadas pelo Hospital do C\u00e2ncer de Patroc\u00ednio \u201cDr. Jos\u00e9 Figueiredo\u201d.<\/p>\n\n\n\n<p id=\"viewer-e7t1j\">Os recursos s\u00e3o provenientes das vendas arrecadadas com os caf\u00e9s do leil\u00e3o do 10\u00ba Pr\u00eamio Regi\u00e3o do Cerrado Mineiro, realizado em Uberl\u00e2ndia, no \u00faltimo dia 30 de novembro, e tamb\u00e9m de doa\u00e7\u00f5es feitas pelos participantes como Voiter, Cooperativa dos Cafeicultores do Cerrado (Expocaccer), Mauro Invest Bras, Fazenda 5 Estrelas, AgroBeloni, Cafebras, Veloso Coffee, Cons\u00f3rcio dos Compradores, Fam\u00edlia Naimeg, Pinhalense e Cooperativa Agropecu\u00e1ria do Carmo do Parana\u00edba (Carpec).<\/p>\n\n\n\n<p id=\"viewer-6kpbt\">A solenidade de entrega do cheque foi realizada no audit\u00f3rio da Expocaccer e contou com a presen\u00e7a do presidente do Hospital do C\u00e2ncer de Patroc\u00ednio, Thiago Miranda, do superintendente da Federa\u00e7\u00e3o dos Cafeicultores do Cerrado, Juliano Tarabal, e de representantes das cooperativas.<\/p>\n\n\n\n<p id=\"viewer-dt7ai\">Segundo o presidente do Hospital do C\u00e2ncer de Patroc\u00ednio, Thiago Miranda, a import\u00e2ncia dessa doa\u00e7\u00e3o \u00e9 enorme, por v\u00e1rios motivos. \u201cEssa doa\u00e7\u00e3o tem dois simbolismos: um \u00e9 do valor, que \u00e9 bastante consider\u00e1vel e vai nos ajudar muito na continuidade das obras do hospital. Segundo, pelo que representa a Federa\u00e7\u00e3o dos Cafeicultores do Cerrado. \u00c9 uma entidade que tem bastante credibilidade e se une \u00e0 esta constru\u00e7\u00e3o. Sempre digo que construiremos juntos. Essa movimenta\u00e7\u00e3o da sociedade em prol do hospital \u00e9 que est\u00e1 fazendo a obra virar realidade. O hospital \u00e9 de toda regi\u00e3o, de toda Minas Gerais. Agradecemos muito a todos da Federa\u00e7\u00e3o, produtores e empresas por nos ajudar\u201d, destaca Thiago.<\/p>\n\n\n\n<p id=\"viewer-alq8k\">\u201cFicamos muito contentes em poder contribuir com esta doa\u00e7\u00e3o ao Hospital do Amor. Isto demonstra o compromisso da cafeicultura do Cerrado Mineiro com o bem-estar social das pessoas de nossa regi\u00e3o e seguiremos apoiando a causa\u201d, pontua o superintendente da Federa\u00e7\u00e3o dos Cafeicultores do Cerrado, Juliano Tarabal.<\/p>\n\n\n\n<p id=\"viewer-4htni\">1\u00ba Hospital de Amor de Minas Gerais<\/p>\n\n\n\n<p id=\"viewer-863lk\">S\u00e3o duas obras em andamento, no terreno de 40 mil m\u00b2, do Hospital do C\u00e2ncer de Patroc\u00ednio. A primeira \u00e9 o Instituto de Preven\u00e7\u00e3o J\u00falia do Prado, voltado para prevenir c\u00e2ncer de mama e colo de \u00fatero. A inaugura\u00e7\u00e3o est\u00e1 prevista para os pr\u00f3ximos meses.<\/p>\n\n\n\n<p id=\"viewer-ghef\">A segunda obra \u00e9 o Hospital Geral, que ser\u00e1 o primeiro Hospital de Amor de Minas Gerais, onde ser\u00e3o constru\u00eddos 18 blocos em tr\u00eas etapas. A primeira etapa contempla os blocos de: quimioterapia, consult\u00f3rios, ambulat\u00f3rios, leitos para pequenas cirurgias e administra\u00e7\u00e3o, numa \u00e1rea de 4.253,33 m\u00b2, que custar\u00e1 quase R$ 30 milh\u00f5es. O empreendimento contar\u00e1 no total com 36 leitos, sendo 21 de interna\u00e7\u00e3o, 10 de UTI e 5 de Day Clinic. As obras tiveram in\u00edcio em junho de 2021, com previs\u00e3o para entrega da primeira etapa da constru\u00e7\u00e3o em 2023.<\/p>\n","protected":false},"excerpt":{"rendered":"<p>Valor foi arrecadado durante 10\u00ba Pr\u00eamio Regi\u00e3o do Cerrado Mineiro, realizado em novembro, em Uberl\u00e2ndia A Regi\u00e3o do Cerrado Mineiro realizou na ter\u00e7a-feira, 10, um evento para entrega simb\u00f3lica de<\/p>\n","protected":false},"author":1,"featured_media":5033,"comment_status":"open","ping_status":"open","sticky":false,"template":"","format":"standard","meta":{"footnotes":""},"categories":[1],"tags":[],"class_list":["post-5032","post","type-post","status-publish","format-standard","has-post-thumbnail","hentry","category-noticias"],"_links":{"self":[{"href":"https:\/\/revistahubclub.com.br\/portal\/wp-json\/wp\/v2\/posts\/5032","targetHints":{"allow":["GET"]}}],"collection":[{"href":"https:\/\/revistahubclub.com.br\/portal\/wp-json\/wp\/v2\/posts"}],"about":[{"href":"https:\/\/revistahubclub.com.br\/portal\/wp-json\/wp\/v2\/types\/post"}],"author":[{"embeddable":true,"href":"https:\/\/revistahubclub.com.br\/portal\/wp-json\/wp\/v2\/users\/1"}],"replies":[{"embeddable":true,"href":"https:\/\/revistahubclub.com.br\/portal\/wp-json\/wp\/v2\/comments?post=5032"}],"version-history":[{"count":1,"href":"https:\/\/revistahubclub.com.br\/portal\/wp-json\/wp\/v2\/posts\/5032\/revisions"}],"predecessor-version":[{"id":5034,"href":"https:\/\/revistahubclub.com.br\/portal\/wp-json\/wp\/v2\/posts\/5032\/revisions\/5034"}],"wp:featuredmedia":[{"embeddable":true,"href":"https:\/\/revistahubclub.com.br\/portal\/wp-json\/wp\/v2\/media\/5033"}],"wp:attachment":[{"href":"https:\/\/revistahubclub.com.br\/portal\/wp-json\/wp\/v2\/media?parent=5032"}],"wp:term":[{"taxonomy":"category","embeddable":true,"href":"https:\/\/revistahubclub.com.br\/portal\/wp-json\/wp\/v2\/categories?post=5032"},{"taxonomy":"post_tag","embeddable":true,"href":"https:\/\/revistahubclub.com.br\/portal\/wp-json\/wp\/v2\/tags?post=5032"}],"curies":[{"name":"wp","href":"https:\/\/api.w.org\/{rel}","templated":true}]}}