{"id":5049,"date":"2023-01-10T16:30:00","date_gmt":"2023-01-10T19:30:00","guid":{"rendered":"https:\/\/revistahubclub.com.br\/portal\/?p=5049"},"modified":"2024-12-17T16:31:18","modified_gmt":"2024-12-17T19:31:18","slug":"hub-imagem-estilo-saiba-mais-sobre-investimento-na-imagem-pessoal","status":"publish","type":"post","link":"https:\/\/revistahubclub.com.br\/portal\/2023\/01\/10\/hub-imagem-estilo-saiba-mais-sobre-investimento-na-imagem-pessoal\/","title":{"rendered":"Hub Imagem &#038; Estilo: saiba mais sobre investimento na imagem pessoal"},"content":{"rendered":"\n<p id=\"viewer-foo\"><em>\u201cA constru\u00e7\u00e3o da imagem pessoal faz parte de um processo de autoconhecimento\u201d<\/em><\/p>\n\n\n\n<p id=\"viewer-79kgb\">Por Samantha Godoy<\/p>\n\n\n\n<p id=\"viewer-5qccv\">Fotos Mauro Marques | Divulga\u00e7\u00e3o<\/p>\n\n\n\n<p id=\"viewer-fe14m\">Voc\u00ea j\u00e1 escutou a m\u00e1xima: \u201cA primeira impress\u00e3o \u00e9 a que fica?\u201d. Estudos comprovam que em tr\u00eas segundos j\u00e1 formamos uma impress\u00e3o sobre as pessoas. Em um piscar de olhos, o c\u00e9rebro guarda imagens dif\u00edceis de apagar posteriormente. Se a conclus\u00e3o estar\u00e1 correta ou errada, apenas o tempo dir\u00e1. Por isso \u00e9 t\u00e3o importante transmitir uma imagem de sucesso na sua marca pessoal.<\/p>\n\n\n\n<p id=\"viewer-bnj3g\">Voc\u00ea pode n\u00e3o ter outra oportunidade para reverter a \u201cprimeira impress\u00e3o\u201d. A primeira impress\u00e3o \u00e9 constitu\u00edda por tr\u00eas pilares da comunica\u00e7\u00e3o pessoal: comunica\u00e7\u00e3o visual, verbal e vocal. A comunica\u00e7\u00e3o verbal, ou seja, suas palavras, representam 7% da primeira impress\u00e3o. A comunica\u00e7\u00e3o vocal, seu tom de voz, entona\u00e7\u00e3o, ritmo, velocidade, representa 38%. J\u00e1 a comunica\u00e7\u00e3o visual representa 55% da primeira impress\u00e3o.<\/p>\n\n\n\n<figure class=\"wp-block-image\"><img loading=\"lazy\" decoding=\"async\" width=\"148\" height=\"185\" src=\"https:\/\/revistahubclub.com.br\/portal\/wp-content\/uploads\/2024\/12\/cf07ad_474305550b8c46ccac089d0efa1aca15mv2.jpg\" alt=\"\" class=\"wp-image-5051\"\/><\/figure>\n\n\n\n<p id=\"viewer-4jveo\">Isso acontece porque n\u00f3s, seres humanos, somos muito mais impactados pelo visual do<\/p>\n\n\n\n<p id=\"viewer-64gpk\">que pela fala ou pela linguagem corporal. S\u00e3o detalhes como apar\u00eancia f\u00edsica, roupas, atitudes e tom de voz que formam a primeira impress\u00e3o, antes mesmo de se iniciar um di\u00e1logo.<\/p>\n\n\n\n<p id=\"viewer-96u1n\">\u00c9 normal as pessoas \u201cjulgarem\u201d umas \u00e0s outras com base nessas informa\u00e7\u00f5es, ainda que de forma inconsciente. Sua imagem pessoal diz muito sobre quem voc\u00ea \u00e9 e como se comporta. Ela \u00e9 respons\u00e1vel por abrir portas e gerar oportunidades. Vale ressaltar que no momento em que me refiro \u00e0 imagem pessoal n\u00e3o estou me referindo \u00e0 moda e tend\u00eancias.<\/p>\n\n\n\n<figure class=\"wp-block-image\"><img loading=\"lazy\" decoding=\"async\" width=\"280\" height=\"392\" src=\"https:\/\/revistahubclub.com.br\/portal\/wp-content\/uploads\/2024\/12\/cf07ad_cd31fd2e61f049e8b306dcd1f420c630mv2.jpg\" alt=\"\" class=\"wp-image-5053\" srcset=\"https:\/\/revistahubclub.com.br\/portal\/wp-content\/uploads\/2024\/12\/cf07ad_cd31fd2e61f049e8b306dcd1f420c630mv2.jpg 280w, https:\/\/revistahubclub.com.br\/portal\/wp-content\/uploads\/2024\/12\/cf07ad_cd31fd2e61f049e8b306dcd1f420c630mv2-214x300.jpg 214w\" sizes=\"auto, (max-width: 280px) 100vw, 280px\" \/><\/figure>\n\n\n\n<p id=\"viewer-1pv3d\">A constru\u00e7\u00e3o da imagem pessoal faz parte de um processo de autoconhecimento, no qual \u00e9 imprescind\u00edvel sabermos quem somos, quais os nossos valores, princ\u00edpios, costumes, nossa ess\u00eancia.<\/p>\n\n\n\n<p id=\"viewer-b09oe\">A nossa imagem tem uma hist\u00f3ria, uma bagagem e come\u00e7a por dentro, pela nossa ess\u00eancia. Voc\u00ea precisa SER para VESTIR. Compreender a si mesmo em todas as dimens\u00f5es (atributos f\u00edsicos, personalidade, estilo, cores de ess\u00eancia, objetivos profissionais) \u00e9 a chave para construir uma imagem aut\u00eantica e que transmita credibilidade.<\/p>\n\n\n\n<p id=\"viewer-21g3b\">Respeitando sua ess\u00eancia e seu estilo pessoal \u00e9 poss\u00edvel imprimir credibilidade \u00e0 sua imagem e ter seguran\u00e7a na tomada de decis\u00f5es. Nossa imagem fala e tudo nela comunica. Atrav\u00e9s das vestimentas podemos representar nossas prefer\u00eancias, sentimentos, nossa identidade.<\/p>\n\n\n\n<figure class=\"wp-block-image\"><img loading=\"lazy\" decoding=\"async\" width=\"280\" height=\"186\" src=\"https:\/\/revistahubclub.com.br\/portal\/wp-content\/uploads\/2024\/12\/cf07ad_acb8607a072e4a6791adf52c8e9e22f7mv2.jpg\" alt=\"\" class=\"wp-image-5052\"\/><\/figure>\n\n\n\n<p id=\"viewer-5bkt3\">A forma como voc\u00ea se comporta nos lugares, como se comunica e sua apar\u00eancia s\u00e3o fatores decisivos para um neg\u00f3cio fechado ou um cliente perdido. Portanto, investir na sua imagem pessoal \u00e9 um fator decisivo para voc\u00ea prosperar nos neg\u00f3cios e na vida pessoal.<\/p>\n\n\n\n<ul class=\"wp-block-list\">\n<li><em>Samantha Godoy \u00e9 Consultora de Estilo Hub Neg\u00f3cios<\/em><\/li>\n<\/ul>\n","protected":false},"excerpt":{"rendered":"<p>\u201cA constru\u00e7\u00e3o da imagem pessoal faz parte de um processo de autoconhecimento\u201d Por Samantha Godoy Fotos Mauro Marques | Divulga\u00e7\u00e3o Voc\u00ea j\u00e1 escutou a m\u00e1xima: \u201cA primeira impress\u00e3o \u00e9 a<\/p>\n","protected":false},"author":1,"featured_media":5050,"comment_status":"open","ping_status":"open","sticky":false,"template":"","format":"standard","meta":{"footnotes":""},"categories":[1],"tags":[],"class_list":["post-5049","post","type-post","status-publish","format-standard","has-post-thumbnail","hentry","category-noticias"],"_links":{"self":[{"href":"https:\/\/revistahubclub.com.br\/portal\/wp-json\/wp\/v2\/posts\/5049","targetHints":{"allow":["GET"]}}],"collection":[{"href":"https:\/\/revistahubclub.com.br\/portal\/wp-json\/wp\/v2\/posts"}],"about":[{"href":"https:\/\/revistahubclub.com.br\/portal\/wp-json\/wp\/v2\/types\/post"}],"author":[{"embeddable":true,"href":"https:\/\/revistahubclub.com.br\/portal\/wp-json\/wp\/v2\/users\/1"}],"replies":[{"embeddable":true,"href":"https:\/\/revistahubclub.com.br\/portal\/wp-json\/wp\/v2\/comments?post=5049"}],"version-history":[{"count":1,"href":"https:\/\/revistahubclub.com.br\/portal\/wp-json\/wp\/v2\/posts\/5049\/revisions"}],"predecessor-version":[{"id":5054,"href":"https:\/\/revistahubclub.com.br\/portal\/wp-json\/wp\/v2\/posts\/5049\/revisions\/5054"}],"wp:featuredmedia":[{"embeddable":true,"href":"https:\/\/revistahubclub.com.br\/portal\/wp-json\/wp\/v2\/media\/5050"}],"wp:attachment":[{"href":"https:\/\/revistahubclub.com.br\/portal\/wp-json\/wp\/v2\/media?parent=5049"}],"wp:term":[{"taxonomy":"category","embeddable":true,"href":"https:\/\/revistahubclub.com.br\/portal\/wp-json\/wp\/v2\/categories?post=5049"},{"taxonomy":"post_tag","embeddable":true,"href":"https:\/\/revistahubclub.com.br\/portal\/wp-json\/wp\/v2\/tags?post=5049"}],"curies":[{"name":"wp","href":"https:\/\/api.w.org\/{rel}","templated":true}]}}