{"id":5055,"date":"2023-01-10T16:31:00","date_gmt":"2023-01-10T19:31:00","guid":{"rendered":"https:\/\/revistahubclub.com.br\/portal\/?p=5055"},"modified":"2024-12-17T16:32:30","modified_gmt":"2024-12-17T19:32:30","slug":"hub-comunicacao-a-crise-que-ninguem-quer-ver","status":"publish","type":"post","link":"https:\/\/revistahubclub.com.br\/portal\/2023\/01\/10\/hub-comunicacao-a-crise-que-ninguem-quer-ver\/","title":{"rendered":"Hub Comunica\u00e7\u00e3o: a crise que ningu\u00e9m quer ver"},"content":{"rendered":"\n<h1 class=\"wp-block-heading\">Hub Comunica\u00e7\u00e3o: a crise que ningu\u00e9m quer ver<\/h1>\n\n\n\n<p id=\"viewer-foo\"><em>\u201cA contradi\u00e7\u00e3o est\u00e1 no fato de que ningu\u00e9m est\u00e1 mais disposto a pagar por informa\u00e7\u00e3o qualificada\u201d<\/em><\/p>\n\n\n\n<p id=\"viewer-2knd6\">Por Cezar Hon\u00f3rio Teixeira<\/p>\n\n\n\n<p id=\"viewer-7qt3\">Fotos Divulga\u00e7\u00e3o<\/p>\n\n\n\n<p id=\"viewer-ed00l\">Na segunda quinzena de novembro deste 2022 que chega ao fim, uma reportagem publicada pelo jornal Valor Econ\u00f4mico revelou que 44% dos rec\u00e9m graduados se arrependem do curso que escolheram para a conclus\u00e3o do ensino superior. O \u00edndice de<\/p>\n\n\n\n<p id=\"viewer-2d189\">arrependimento \u00e9 absurdamente maior nos formados em cursos relacionados \u00e0s ci\u00eancias humanas.<\/p>\n\n\n\n<p id=\"viewer-8hgqj\">Segundo a pesquisa conduzida pela plataforma de sele\u00e7\u00e3o ZipRecruiter e que ouviu mais de 1.500 graduados \u00e0 procura de emprego, o percentual de arrependimento chega a 87% nos graduados em jornalismo, 72% nos que fizeram sociologia e os mesmos 72% entre os ex-alunos de artes. Na outra ponta, a das ci\u00eancias exatas, 72% dos graduados em ci\u00eancias da computa\u00e7\u00e3o repetiriam a escolha. Em criminologia (72%) e engenharia (71%) o percentual de satisfa\u00e7\u00e3o com a empregabilidade proporcionada pela forma\u00e7\u00e3o acad\u00eamica tamb\u00e9m \u00e9 praticamente a mesma.<\/p>\n\n\n\n<p id=\"viewer-4kaar\">Como jornalista por forma\u00e7\u00e3o, posso afirmar que a crise no modelo de neg\u00f3cio dos ve\u00edculos de comunica\u00e7\u00e3o iniciada no in\u00edcio dos anos 2000 \u00e9 o principal fator para o arrependimento dos graduados em comunica\u00e7\u00e3o social.<\/p>\n\n\n\n<p id=\"viewer-5on7o\">A cultura da informa\u00e7\u00e3o gratuita difundida pelas plataformas on-line a partir da internet provocou uma quebradeira geral das empresas de comunica\u00e7\u00e3o. Especialmente dos ve\u00edculos impressos cujo custo de produ\u00e7\u00e3o \u00e9 maior e a velocidade de edi\u00e7\u00e3o menor. Na pr\u00e1tica, a empregabilidade nas reda\u00e7\u00f5es convencionais minguou e junto com o n\u00famero de vagas tamb\u00e9m caiu a m\u00e9dia salarial de rep\u00f3rteres, editores, cinegrafistas, etc.<\/p>\n\n\n\n<p id=\"viewer-cmlfl\">A quest\u00e3o \u00e9 que o enfraquecimento do jornalismo profissional ocorre ao mesmo tempo em que aumenta de forma exponencial a desinforma\u00e7\u00e3o por meio do fen\u00f4meno das fake news. Especialmente em tempos de polariza\u00e7\u00e3o pol\u00edtica. Um cen\u00e1rio que merece reflex\u00e3o por parte da sociedade na medida em que os ve\u00edculos profissionais de m\u00eddia continuam sendo a \u00fanica fonte minimamente segura quando estamos diante de uma avalanche de desinforma\u00e7\u00e3o despejada via canais digitais.<\/p>\n\n\n\n<p id=\"viewer-6af1c\">Em bom portugu\u00eas, quando a coisa aperta todos correm para algum ve\u00edculo ou profissional de imprensa para garantir um m\u00ednimo de seguran\u00e7a na informa\u00e7\u00e3o. A contradi\u00e7\u00e3o est\u00e1 no fato de que ningu\u00e9m est\u00e1 mais disposto a pagar por informa\u00e7\u00e3o qualificada. As exige de gra\u00e7a. Os 87% de insatisfa\u00e7\u00e3o dos graduados em jornalismo \u00e9 a ponta deste iceberg submerso neste mar de not\u00edcias falsas. Mas o risco \u00e9 de toda a sociedade que finge n\u00e3o ver o desastre em curso. \u00c9 por estas e outras que est\u00e1 a\u00ed mais um desafio para o Brasil enquanto projeto de na\u00e7\u00e3o autossustent\u00e1vel tanto econ\u00f4mica quanto intelectualmente. O certo \u00e9 que n\u00e3o alcan\u00e7aremos os objetivos matem\u00e1ticos projetados pelo sistema econ\u00f4mico sem a subjetividade e flexibilidade das ci\u00eancias humanas.<\/p>\n\n\n\n<p id=\"viewer-1ijfn\">Isto nunca aconteceu em nenhum momento da hist\u00f3ria e em nenhum lugar deste planeta dominado pela ra\u00e7a humana. Se o caminho para o futuro sempre passou e passar\u00e1 pela inova\u00e7\u00e3o, a partir do alicerce das informa\u00e7\u00f5es qualificadas, \u00e9 bom considerarmos o futuro a partir de um desenvolvimento multidisciplinar equilibrando a motiva\u00e7\u00e3o de fil\u00f3sofos e soci\u00f3logos aos n\u00edveis dos engenheiros e cientistas computacionais.<\/p>\n\n\n\n<p id=\"viewer-e2p05\">Uma quest\u00e3o de pol\u00edtica p\u00fablica a ser considerada por quem tem a caneta nas m\u00e3os<\/p>\n\n\n\n<p id=\"viewer-aolbt\">e um verdadeiro senso patri\u00f3tico. N\u00e3o h\u00e1 outro caminho que n\u00e3o passe pelo investimento massivo em educa\u00e7\u00e3o alinhado a estrat\u00e9gias para contemplar a diversidade das carreiras profissionais nos eixos das humanas, exatas e ci\u00eancias biol\u00f3gicas. Ou h\u00e1?<\/p>\n\n\n\n<figure class=\"wp-block-image\"><img loading=\"lazy\" decoding=\"async\" width=\"280\" height=\"158\" src=\"https:\/\/revistahubclub.com.br\/portal\/wp-content\/uploads\/2024\/12\/cf07ad_f36962ea8bd448acbaf0b9b48e5650bfmv2.jpg\" alt=\"\" class=\"wp-image-5057\"\/><\/figure>\n\n\n\n<p id=\"viewer-8q5j6\"><strong>Cezar Hon\u00f3rio Teixeira<\/strong> &#8211; jornalista, consultor especializado em gest\u00e3o<\/p>\n\n\n\n<p id=\"viewer-c7h6m\">de imagem empresarial e autor de \u201cA Arte do Desapego\u201d.<\/p>\n\n\n\n<p id=\"viewer-98sp3\"><a target=\"_blank\" href=\"http:\/\/www.czgestaodainfluencia.com.br\/\" rel=\"noreferrer noopener\"><u>www.czgestaodainfluencia.com.br<\/u><\/a><\/p>\n","protected":false},"excerpt":{"rendered":"<p>Hub Comunica\u00e7\u00e3o: a crise que ningu\u00e9m quer ver \u201cA contradi\u00e7\u00e3o est\u00e1 no fato de que ningu\u00e9m est\u00e1 mais disposto a pagar por informa\u00e7\u00e3o qualificada\u201d Por Cezar Hon\u00f3rio Teixeira Fotos Divulga\u00e7\u00e3o<\/p>\n","protected":false},"author":1,"featured_media":5056,"comment_status":"open","ping_status":"open","sticky":false,"template":"","format":"standard","meta":{"footnotes":""},"categories":[1],"tags":[],"class_list":["post-5055","post","type-post","status-publish","format-standard","has-post-thumbnail","hentry","category-noticias"],"_links":{"self":[{"href":"https:\/\/revistahubclub.com.br\/portal\/wp-json\/wp\/v2\/posts\/5055","targetHints":{"allow":["GET"]}}],"collection":[{"href":"https:\/\/revistahubclub.com.br\/portal\/wp-json\/wp\/v2\/posts"}],"about":[{"href":"https:\/\/revistahubclub.com.br\/portal\/wp-json\/wp\/v2\/types\/post"}],"author":[{"embeddable":true,"href":"https:\/\/revistahubclub.com.br\/portal\/wp-json\/wp\/v2\/users\/1"}],"replies":[{"embeddable":true,"href":"https:\/\/revistahubclub.com.br\/portal\/wp-json\/wp\/v2\/comments?post=5055"}],"version-history":[{"count":1,"href":"https:\/\/revistahubclub.com.br\/portal\/wp-json\/wp\/v2\/posts\/5055\/revisions"}],"predecessor-version":[{"id":5058,"href":"https:\/\/revistahubclub.com.br\/portal\/wp-json\/wp\/v2\/posts\/5055\/revisions\/5058"}],"wp:featuredmedia":[{"embeddable":true,"href":"https:\/\/revistahubclub.com.br\/portal\/wp-json\/wp\/v2\/media\/5056"}],"wp:attachment":[{"href":"https:\/\/revistahubclub.com.br\/portal\/wp-json\/wp\/v2\/media?parent=5055"}],"wp:term":[{"taxonomy":"category","embeddable":true,"href":"https:\/\/revistahubclub.com.br\/portal\/wp-json\/wp\/v2\/categories?post=5055"},{"taxonomy":"post_tag","embeddable":true,"href":"https:\/\/revistahubclub.com.br\/portal\/wp-json\/wp\/v2\/tags?post=5055"}],"curies":[{"name":"wp","href":"https:\/\/api.w.org\/{rel}","templated":true}]}}