{"id":506,"date":"2024-10-07T15:55:36","date_gmt":"2024-10-07T18:55:36","guid":{"rendered":"https:\/\/revistahubclub.com.br\/portal\/?p=506"},"modified":"2024-12-11T15:56:09","modified_gmt":"2024-12-11T18:56:09","slug":"vozes-pela-vida-celebra-10-anos-com-show-em-uberlandia","status":"publish","type":"post","link":"https:\/\/revistahubclub.com.br\/portal\/2024\/10\/07\/vozes-pela-vida-celebra-10-anos-com-show-em-uberlandia\/","title":{"rendered":"\u201cVozes pela Vida\u201d celebra 10 anos com show em Uberl\u00e2ndia"},"content":{"rendered":"\n<p id=\"viewer-e0m6u999\"><em>Renda ser\u00e1 revertida para a Pontes de Amor<\/em><\/p>\n\n\n\n<p id=\"viewer-qz7jq1001\">&nbsp;<\/p>\n\n\n\n<p id=\"viewer-vfjad1003\">O evento Vozes pela Vida, que j\u00e1 passou por diversas cidades como Jo\u00e3o Pessoa, Goi\u00e2nia, An\u00e1polis e Prata, celebra seus 10 anos de trajet\u00f3ria com uma apresenta\u00e7\u00e3o especial em Uberl\u00e2ndia. O projeto social nasceu no cora\u00e7\u00e3o do seu idealizador Milton J\u00fanior, com o prop\u00f3sito de tornar o mundo melhor por meio da m\u00fasica. H\u00e1 anos, transforma vidas em v\u00e1rias cidades do Brasil, beneficiando in\u00fameras causas sociais.&nbsp;O show, que promete ser uma noite inesquec\u00edvel, ser\u00e1 realizado no dia 17 de outubro, no Teatro Municipal.<\/p>\n\n\n\n<p id=\"viewer-u04aq1005\">&nbsp;<\/p>\n\n\n\n<p id=\"viewer-vk2d51007\">Com o tema \u201cGrandes Sucessos do R\u00e1dio\u201d, o espet\u00e1culo ir\u00e1 reviver can\u00e7\u00f5es que marcaram gera\u00e7\u00f5es, proporcionando ao p\u00fablico uma experi\u00eancia nost\u00e1lgica e emocionante. O repert\u00f3rio incluir\u00e1 cl\u00e1ssicos que embalaram d\u00e9cadas de hist\u00f3ria, tornando a noite uma verdadeira viagem musical.<\/p>\n\n\n\n<p id=\"viewer-i97hu1009\">&nbsp;<\/p>\n\n\n\n<p id=\"viewer-yqeqt1011\">Neste ano, o Vozes pela Vida ganha um prop\u00f3sito ainda mais especial: 100% da renda ser\u00e1 revertida para a Pontes de Amor, que presta apoio a pais e crian\u00e7as no processo de ado\u00e7\u00e3o. A iniciativa refor\u00e7a o compromisso social do evento, tornando a celebra\u00e7\u00e3o n\u00e3o apenas um momento de arte e m\u00fasica, mas tamb\u00e9m de solidariedade.<\/p>\n\n\n\n<p id=\"viewer-okfgz1013\">&nbsp;<\/p>\n\n\n\n<p id=\"viewer-fiy5t1015\">Sara Vargas, diretora t\u00e9cnica da Pontes de Amor, destacou que o <em>Vozes Pela Vida<\/em>&nbsp;\u00e9 uma iniciativa que emociona e envolve aqueles que acreditam no poder transformador da m\u00fasica e da solidariedade. &#8220;Esse projeto transcende a m\u00fasica. \u00c9 uma express\u00e3o de amor, compaix\u00e3o e dedica\u00e7\u00e3o a uma causa que faz a diferen\u00e7a na vida de muitos,&#8221; ressalta.<\/p>\n\n\n\n<p id=\"viewer-mp1lk1019\">&nbsp;<\/p>\n\n\n\n<p id=\"viewer-7jznm1021\">A organiza\u00e7\u00e3o convida o p\u00fablico a se vestir de branco como forma de simbolizar a paz e uni\u00e3o, e assim, celebrar uma noite cheia de significado e emo\u00e7\u00e3o.<\/p>\n\n\n\n<p id=\"viewer-0ouqc1023\">&nbsp;<\/p>\n\n\n\n<p id=\"viewer-h5dmy1025\">As atra\u00e7\u00f5es musicais j\u00e1 confirmadas incluem um elenco diverso e talentoso: Miltim, Gabriel Nandes, Jo\u00e3o Klein, Mafe Peccin, Lucas Gossani, Carvalho e Mariano, Manso, Pri Damasceno, Luc\u00e3o, Laura Rogalli, Yasmim Duarte, Didio, Miguel Cabral, Ruan Alves, Z\u00e9 Mauro e Arthur, M\u00f4nica Bandeira, Jhean Marcell e Matheus Freitas.<\/p>\n\n\n\n<p id=\"viewer-fxphh1027\">&nbsp;<\/p>\n\n\n\n<p id=\"viewer-wwgr21029\">Os ingressos est\u00e3o dispon\u00edveis pela plataforma Sympla, com pre\u00e7os de R$30,00 (inteira) e R$15,00 (meia).<\/p>\n\n\n\n<p id=\"viewer-61z301031\">&nbsp;<\/p>\n\n\n\n<p id=\"viewer-9gwt81033\">Servi\u00e7o<\/p>\n\n\n\n<p id=\"viewer-b8lgc1035\">Data: 17\/10<\/p>\n\n\n\n<p id=\"viewer-vpjd51037\">Valor: R$ 30, 00 (inteira)<\/p>\n\n\n\n<p id=\"viewer-a9qw71039\">R$ 15,00 (meia)<\/p>\n\n\n\n<p id=\"viewer-dlj7d1041\">Venda: <a target=\"_blank\" href=\"https:\/\/www.sympla.com.br\/evento\/vozes-pela-vida-10-edicao\/2656850?referrer=www.google.com\" rel=\"noreferrer noopener\">https:\/\/www.sympla.com.br\/evento\/vozes-pela-vida-10-edicao\/2656850?referrer=www.google.com<\/a><\/p>\n\n\n\n<p id=\"viewer-e4swd1044\">&nbsp;<\/p>\n\n\n\n<p id=\"viewer-71ili1046\">Sobre a Pontes de Amor<\/p>\n\n\n\n<p id=\"viewer-4r9wx1048\">Criada em 2012, a Pontes de Amor \u00e9 uma Organiza\u00e7\u00e3o Filantr\u00f3pica sem fins lucrativos, filiada \u00e0 Associa\u00e7\u00e3o Nacional dos Grupos de Apoio \u00e0 Ado\u00e7\u00e3o (ANGAAD), que atua em Uberl\u00e2ndia e no Tri\u00e2ngulo Mineiro em sintonia com a Vara da Inf\u00e2ncia e da Juventude, \u00d3rg\u00e3os e Conselhos de Direito da Crian\u00e7a e do Adolescente. Surgiu diante da preocupa\u00e7\u00e3o com a garantia dos direitos de crian\u00e7as\/adolescentes institucionalizados e dos altos \u00edndices de devolu\u00e7\u00e3o de crian\u00e7as por fam\u00edlias adotivas no Brasil e de crises familiares no p\u00f3s-ado\u00e7\u00e3o por falta de apoio, acompanhamento psicol\u00f3gico, psicopedag\u00f3gico.<\/p>\n\n\n\n<p id=\"viewer-v8oxm1050\">Sobre o Vozes Pela Vida<\/p>\n\n\n\n<p id=\"viewer-smrk01052\">Surgiu no ano de 2014, na cidade de Ipor\u00e1 \u2013 GO, visando estreitar o di\u00e1logo entre v\u00e1rias vertentes culturais e religiosas atrav\u00e9s de cantores e bandas de diversos estilos musicais comprometidos pela defesa da vida. Com participa\u00e7\u00f5es de artistas Regionais e Nacionais, e ajudando obras nos estados brasileiros por onde passou, chega pela primeira vez na Para\u00edba, para uma edi\u00e7\u00e3o em sua capital Jo\u00e3o Pessoa.<\/p>\n","protected":false},"excerpt":{"rendered":"<p>Renda ser\u00e1 revertida para a Pontes de Amor &nbsp; O evento Vozes pela Vida, que j\u00e1 passou por diversas cidades como Jo\u00e3o Pessoa, Goi\u00e2nia, An\u00e1polis e Prata, celebra seus 10<\/p>\n","protected":false},"author":1,"featured_media":507,"comment_status":"open","ping_status":"open","sticky":false,"template":"","format":"standard","meta":{"footnotes":""},"categories":[1],"tags":[],"class_list":["post-506","post","type-post","status-publish","format-standard","has-post-thumbnail","hentry","category-noticias"],"_links":{"self":[{"href":"https:\/\/revistahubclub.com.br\/portal\/wp-json\/wp\/v2\/posts\/506","targetHints":{"allow":["GET"]}}],"collection":[{"href":"https:\/\/revistahubclub.com.br\/portal\/wp-json\/wp\/v2\/posts"}],"about":[{"href":"https:\/\/revistahubclub.com.br\/portal\/wp-json\/wp\/v2\/types\/post"}],"author":[{"embeddable":true,"href":"https:\/\/revistahubclub.com.br\/portal\/wp-json\/wp\/v2\/users\/1"}],"replies":[{"embeddable":true,"href":"https:\/\/revistahubclub.com.br\/portal\/wp-json\/wp\/v2\/comments?post=506"}],"version-history":[{"count":1,"href":"https:\/\/revistahubclub.com.br\/portal\/wp-json\/wp\/v2\/posts\/506\/revisions"}],"predecessor-version":[{"id":508,"href":"https:\/\/revistahubclub.com.br\/portal\/wp-json\/wp\/v2\/posts\/506\/revisions\/508"}],"wp:featuredmedia":[{"embeddable":true,"href":"https:\/\/revistahubclub.com.br\/portal\/wp-json\/wp\/v2\/media\/507"}],"wp:attachment":[{"href":"https:\/\/revistahubclub.com.br\/portal\/wp-json\/wp\/v2\/media?parent=506"}],"wp:term":[{"taxonomy":"category","embeddable":true,"href":"https:\/\/revistahubclub.com.br\/portal\/wp-json\/wp\/v2\/categories?post=506"},{"taxonomy":"post_tag","embeddable":true,"href":"https:\/\/revistahubclub.com.br\/portal\/wp-json\/wp\/v2\/tags?post=506"}],"curies":[{"name":"wp","href":"https:\/\/api.w.org\/{rel}","templated":true}]}}