{"id":5078,"date":"2023-01-09T13:20:00","date_gmt":"2023-01-09T16:20:00","guid":{"rendered":"https:\/\/revistahubclub.com.br\/portal\/?p=5078"},"modified":"2024-12-18T13:20:59","modified_gmt":"2024-12-18T16:20:59","slug":"venda-real-vida-real-e-tema-de-palestra-de-marquinhos-malaquias","status":"publish","type":"post","link":"https:\/\/revistahubclub.com.br\/portal\/2023\/01\/09\/venda-real-vida-real-e-tema-de-palestra-de-marquinhos-malaquias\/","title":{"rendered":"\u201cVenda Real, Vida Real\u201d \u00e9 tema de palestra de Marquinhos Malaquias"},"content":{"rendered":"\n<p id=\"viewer-foo\"><em>Evento em Uberl\u00e2ndia contou com a participa\u00e7\u00e3o de Luciano Hang, presidente da Havan.<\/em><\/p>\n\n\n\n<p id=\"viewer-av2et\">Texto Divulga\u00e7\u00e3o<\/p>\n\n\n\n<p id=\"viewer-epk1o\">Fotos Stalone Moreira<\/p>\n\n\n\n<p id=\"viewer-arp3d\">No dia 24 de outubro, no Audit\u00f3rio principal da Lagoinha Uberl\u00e2ndia, aconteceu a 2\u00aa edi\u00e7\u00e3o da palestra \u201cVenda Real, Vida Real\u201d &#8211; idealizada e realizada por Marquinhos Malaquias, com a participa\u00e7\u00e3o especial de Luciano Hang, presidente da Havan. O evento que parou Uberl\u00e2ndia, contou com cerca de 4 mil pessoas da cidade e regi\u00e3o, dentre eles sociedade, profissionais liberais, empres\u00e1rios e autoridades.<\/p>\n\n\n\n<p id=\"viewer-94mr9\">Os ingressos para \u00e1rea interna do evento, com capacidade para 1700 mil pessoas, esgotaram em menos de cinco horas da abertura do lote. Diante da procura, a organiza\u00e7\u00e3o do evento abriu vagas na \u00e1rea externa, com estrutura de palco, tel\u00e3o e cadeiras, onde os palestrantes se revezaram de forma simult\u00e2nea para atender as duas \u00e1reas.<\/p>\n\n\n\n<figure class=\"wp-block-image\"><img loading=\"lazy\" decoding=\"async\" width=\"280\" height=\"186\" src=\"https:\/\/revistahubclub.com.br\/portal\/wp-content\/uploads\/2024\/12\/cf07ad_4a1ac8da733f4a35becc981648430328mv2.jpg\" alt=\"\" class=\"wp-image-5081\"\/><\/figure>\n\n\n\n<p id=\"viewer-drs1u\">Marquinhos Malaquias j\u00e1 rodou o Brasil e outros pa\u00edses, como Estados Unidos e Emirados \u00c1rabes, levando para milhares de vendedores sua hist\u00f3ria de vida, profissional e familiar, transmitindo palavras de incentivo, otimismo e a import\u00e2ncia da venda transformando vidas, da f\u00e9 e o amor pela P\u00e1tria. Lagoinha Uberl\u00e2ndia, presidida pelo pastor Walter Proc\u00f3pio, tem como miss\u00e3o servir a cidade de Uberl\u00e2ndia, por isso abriu suas portas para realiza\u00e7\u00e3o da palestra que teve cunho beneficente.<\/p>\n\n\n\n<figure class=\"wp-block-image\"><img loading=\"lazy\" decoding=\"async\" width=\"280\" height=\"186\" src=\"https:\/\/revistahubclub.com.br\/portal\/wp-content\/uploads\/2024\/12\/cf07ad_68a85e6d044d4d8fb7c96a76bdf51a93mv2.jpg\" alt=\"\" class=\"wp-image-5082\"\/><\/figure>\n\n\n\n<p id=\"viewer-aa1ss\">Para garantir o ingresso, cada participante doou 1 quilo de alimento n\u00e3o perec\u00edvel, que teve como destino obras sociais da institui\u00e7\u00e3o. Em dezembro ocorrer\u00e1 a a\u00e7\u00e3o Natal Feliz, promovida pela Lagoinha Uberl\u00e2ndia. No dia 24, volunt\u00e1rios da institui\u00e7\u00e3o sair\u00e3o por v\u00e1rios bairros da cidade para entregar os alimentos arrecadados na palestra e 2 mil brinquedos doados em uma a\u00e7\u00e3o interna, a fim de promover um Natal mais digno e feliz para fam\u00edlias em situa\u00e7\u00e3o de vulnerabilidade.<\/p>\n\n\n\n<p id=\"viewer-erum9\">Para conhecer mais sobre a Lagoinha Uberl\u00e2ndia, as a\u00e7\u00f5es e obras sociais, siga na rede social Instagram @lagoinhauberlandiachurch .<\/p>\n\n\n\n<figure class=\"wp-block-image\"><img loading=\"lazy\" decoding=\"async\" width=\"592\" height=\"394\" src=\"https:\/\/revistahubclub.com.br\/portal\/wp-content\/uploads\/2024\/12\/cf07ad_b1dd4ed633f744beac45719e57dca9a3mv2.jpg\" alt=\"\" class=\"wp-image-5080\" srcset=\"https:\/\/revistahubclub.com.br\/portal\/wp-content\/uploads\/2024\/12\/cf07ad_b1dd4ed633f744beac45719e57dca9a3mv2.jpg 592w, https:\/\/revistahubclub.com.br\/portal\/wp-content\/uploads\/2024\/12\/cf07ad_b1dd4ed633f744beac45719e57dca9a3mv2-300x200.jpg 300w\" sizes=\"auto, (max-width: 592px) 100vw, 592px\" \/><\/figure>\n","protected":false},"excerpt":{"rendered":"<p>Evento em Uberl\u00e2ndia contou com a participa\u00e7\u00e3o de Luciano Hang, presidente da Havan. Texto Divulga\u00e7\u00e3o Fotos Stalone Moreira No dia 24 de outubro, no Audit\u00f3rio principal da Lagoinha Uberl\u00e2ndia, aconteceu<\/p>\n","protected":false},"author":1,"featured_media":5079,"comment_status":"open","ping_status":"open","sticky":false,"template":"","format":"standard","meta":{"footnotes":""},"categories":[1],"tags":[],"class_list":["post-5078","post","type-post","status-publish","format-standard","has-post-thumbnail","hentry","category-noticias"],"_links":{"self":[{"href":"https:\/\/revistahubclub.com.br\/portal\/wp-json\/wp\/v2\/posts\/5078","targetHints":{"allow":["GET"]}}],"collection":[{"href":"https:\/\/revistahubclub.com.br\/portal\/wp-json\/wp\/v2\/posts"}],"about":[{"href":"https:\/\/revistahubclub.com.br\/portal\/wp-json\/wp\/v2\/types\/post"}],"author":[{"embeddable":true,"href":"https:\/\/revistahubclub.com.br\/portal\/wp-json\/wp\/v2\/users\/1"}],"replies":[{"embeddable":true,"href":"https:\/\/revistahubclub.com.br\/portal\/wp-json\/wp\/v2\/comments?post=5078"}],"version-history":[{"count":1,"href":"https:\/\/revistahubclub.com.br\/portal\/wp-json\/wp\/v2\/posts\/5078\/revisions"}],"predecessor-version":[{"id":5083,"href":"https:\/\/revistahubclub.com.br\/portal\/wp-json\/wp\/v2\/posts\/5078\/revisions\/5083"}],"wp:featuredmedia":[{"embeddable":true,"href":"https:\/\/revistahubclub.com.br\/portal\/wp-json\/wp\/v2\/media\/5079"}],"wp:attachment":[{"href":"https:\/\/revistahubclub.com.br\/portal\/wp-json\/wp\/v2\/media?parent=5078"}],"wp:term":[{"taxonomy":"category","embeddable":true,"href":"https:\/\/revistahubclub.com.br\/portal\/wp-json\/wp\/v2\/categories?post=5078"},{"taxonomy":"post_tag","embeddable":true,"href":"https:\/\/revistahubclub.com.br\/portal\/wp-json\/wp\/v2\/tags?post=5078"}],"curies":[{"name":"wp","href":"https:\/\/api.w.org\/{rel}","templated":true}]}}