{"id":509,"date":"2024-10-07T15:56:10","date_gmt":"2024-10-07T18:56:10","guid":{"rendered":"https:\/\/revistahubclub.com.br\/portal\/?p=509"},"modified":"2024-12-11T15:56:40","modified_gmt":"2024-12-11T18:56:40","slug":"cdl-uberlandia-informa-como-fica-o-horario-de-funcionamento-do-comercio-no-feriado-de-nossa-senhora-da-aparecida","status":"publish","type":"post","link":"https:\/\/revistahubclub.com.br\/portal\/2024\/10\/07\/cdl-uberlandia-informa-como-fica-o-horario-de-funcionamento-do-comercio-no-feriado-de-nossa-senhora-da-aparecida\/","title":{"rendered":"CDL Uberl\u00e2ndia informa como fica o hor\u00e1rio de funcionamento do com\u00e9rcio no feriado de Nossa Senhora da Aparecida"},"content":{"rendered":"\n<p id=\"viewer-enqe31108\">A CDL Uberl\u00e2ndia informa como fica o funcionamento do com\u00e9rcio no feriado de Nossa Senhora Aparecida, celebrado no dia 12 de outubro.<\/p>\n\n\n\n<p id=\"viewer-bju3b1110\">Para as empresas do Com\u00e9rcio Varejista de G\u00eaneros Aliment\u00edcios e Afins (supermercados, mercearias, sacol\u00f5es e similares), o trabalho \u00e9 facultativo. Neste caso, as horas trabalhadas dever\u00e3o ser pagas com adicional de 100%, sendo vedada a compensa\u00e7\u00e3o de horas.<\/p>\n\n\n\n<p id=\"viewer-ps92m1112\">J\u00e1 os lojistas do ramo de Com\u00e9rcio Varejistas de Bens e Servi\u00e7os poder\u00e3o abrir das 9h \u00e0s 18h, sendo que as horas trabalhadas dever\u00e3o ser pagas como dobra, conforme previsto em lei, sendo vedada a compensa\u00e7\u00e3o das mesmas.&nbsp;<\/p>\n\n\n\n<p id=\"viewer-0fhy71114\">Para<em>&nbsp;<\/em>os<strong>&nbsp;<\/strong>trabalhadores que laborarem no feriado aludido ser\u00e1 concedida folga adicional de bonifica\u00e7\u00e3o, ficando a mesma estabelecida em um prazo de at\u00e9 90 (noventa) dias contados da data do feriado trabalhado.<\/p>\n","protected":false},"excerpt":{"rendered":"<p>A CDL Uberl\u00e2ndia informa como fica o funcionamento do com\u00e9rcio no feriado de Nossa Senhora Aparecida, celebrado no dia 12 de outubro. Para as empresas do Com\u00e9rcio Varejista de G\u00eaneros<\/p>\n","protected":false},"author":1,"featured_media":510,"comment_status":"open","ping_status":"open","sticky":false,"template":"","format":"standard","meta":{"footnotes":""},"categories":[1],"tags":[],"class_list":["post-509","post","type-post","status-publish","format-standard","has-post-thumbnail","hentry","category-noticias"],"_links":{"self":[{"href":"https:\/\/revistahubclub.com.br\/portal\/wp-json\/wp\/v2\/posts\/509","targetHints":{"allow":["GET"]}}],"collection":[{"href":"https:\/\/revistahubclub.com.br\/portal\/wp-json\/wp\/v2\/posts"}],"about":[{"href":"https:\/\/revistahubclub.com.br\/portal\/wp-json\/wp\/v2\/types\/post"}],"author":[{"embeddable":true,"href":"https:\/\/revistahubclub.com.br\/portal\/wp-json\/wp\/v2\/users\/1"}],"replies":[{"embeddable":true,"href":"https:\/\/revistahubclub.com.br\/portal\/wp-json\/wp\/v2\/comments?post=509"}],"version-history":[{"count":1,"href":"https:\/\/revistahubclub.com.br\/portal\/wp-json\/wp\/v2\/posts\/509\/revisions"}],"predecessor-version":[{"id":511,"href":"https:\/\/revistahubclub.com.br\/portal\/wp-json\/wp\/v2\/posts\/509\/revisions\/511"}],"wp:featuredmedia":[{"embeddable":true,"href":"https:\/\/revistahubclub.com.br\/portal\/wp-json\/wp\/v2\/media\/510"}],"wp:attachment":[{"href":"https:\/\/revistahubclub.com.br\/portal\/wp-json\/wp\/v2\/media?parent=509"}],"wp:term":[{"taxonomy":"category","embeddable":true,"href":"https:\/\/revistahubclub.com.br\/portal\/wp-json\/wp\/v2\/categories?post=509"},{"taxonomy":"post_tag","embeddable":true,"href":"https:\/\/revistahubclub.com.br\/portal\/wp-json\/wp\/v2\/tags?post=509"}],"curies":[{"name":"wp","href":"https:\/\/api.w.org\/{rel}","templated":true}]}}