{"id":524,"date":"2024-10-07T15:59:54","date_gmt":"2024-10-07T18:59:54","guid":{"rendered":"https:\/\/revistahubclub.com.br\/portal\/?p=524"},"modified":"2024-12-11T16:00:27","modified_gmt":"2024-12-11T19:00:27","slug":"cdl-uberlandia-sedia-encontro-de-lideres-empresariais","status":"publish","type":"post","link":"https:\/\/revistahubclub.com.br\/portal\/2024\/10\/07\/cdl-uberlandia-sedia-encontro-de-lideres-empresariais\/","title":{"rendered":"CDL Uberl\u00e2ndia sedia Encontro de L\u00edderes Empresariais"},"content":{"rendered":"\n<p id=\"viewer-270t11088\">Evento ser\u00e1 realizado gratuitamente na entidade e visa promover a integra\u00e7\u00e3o e o debate sobre o cen\u00e1rio econ\u00f4mico no Tri\u00e2ngulo Mineiro<\/p>\n\n\n\n<p id=\"viewer-w0v791006\">&nbsp;<\/p>\n\n\n\n<p id=\"viewer-cxeee1008\">Com o prop\u00f3sito de fortalecer a integra\u00e7\u00e3o entre empres\u00e1rios e lideran\u00e7as do Tri\u00e2ngulo Mineiro, a Fucape Business School, reconhecida como uma das tr\u00eas melhores institui\u00e7\u00f5es de mestrado e doutorado em contabilidade e administra\u00e7\u00e3o no Brasil, e refer\u00eancia maior refer\u00eancia hoje em publica\u00e7\u00e3o na \u00e1rea de neg\u00f3cios na Am\u00e9rica Latina, realizar\u00e1, no dia 15 de outubro, o Encontro de L\u00edderes Empresariais.<\/p>\n\n\n\n<p id=\"viewer-xp4ch1010\">&nbsp;<\/p>\n\n\n\n<p id=\"viewer-mmdww1012\">O evento ter\u00e1 in\u00edcio \u00e0s 18h30 com um caf\u00e9 de boas-vindas, seguido pelas palestras \u201cForma\u00e7\u00e3o de pre\u00e7o em ambientes de incerteza\u201d, conduzida por Talles Brugni, e \u201cImpacto da Reforma Tribut\u00e1ria\u201d, apresentada por Rog\u00e9rio Correia. Na sequ\u00eancia, uma mesa redonda discutir\u00e1 o tema \u201cAdaptando-se ao jogo: o que voc\u00ea precisa saber para tomar decis\u00f5es no atual cen\u00e1rio macroecon\u00f4mico?\u201d, promovendo um debate estrat\u00e9gico entre os participantes.<\/p>\n\n\n\n<p id=\"viewer-aklfp1014\">&nbsp;<\/p>\n\n\n\n<p id=\"viewer-3wdvx1016\">Roberto Fully, doutor em Contabilidade e Administra\u00e7\u00e3o e representante da Fucape Business School, destacou que o conhecimento transforma o mundo, e o relacionamento fortalece todo o grupo empresarial. \u201cNossa proposta \u00e9 compartilhar informa\u00e7\u00f5es valiosas para CEOs, empres\u00e1rios e executivos, promovendo o crescimento econ\u00f4mico das empresas de Uberl\u00e2ndia e do Tri\u00e2ngulo Mineiro\u201d.<\/p>\n\n\n\n<p id=\"viewer-478gd1018\">&nbsp;<\/p>\n\n\n\n<p id=\"viewer-4fv6m1020\">L\u00e9cia Queiroz, superintendente da CDL Uberl\u00e2ndia disse que a entidade prioriza as parcerias que somam para fortalecer o ambiente empresarial, promovendo encontros que geram novas oportunidades de neg\u00f3cios e permitam atualizar os empres\u00e1rios sobre as mudan\u00e7as e tend\u00eancias do mercado. \u201cA proposta \u00e9 promover a troca de experi\u00eancias e insights entre os participantes, preparando-os para os desafios econ\u00f4micos e tribut\u00e1rios que impactam diretamente suas empresas, e tamb\u00e9m apresentar a proposta de ensino da FUCAPE\u201d, ressalta.<\/p>\n\n\n\n<p id=\"viewer-5hs351022\">&nbsp;<\/p>\n\n\n\n<p id=\"viewer-by9wp1024\">O p\u00fablico-alvo do evento inclui executivos, propriet\u00e1rios de empresas e lideran\u00e7as que buscam aprimorar seus conhecimentos e expandir suas redes de contatos.<\/p>\n\n\n\n<p id=\"viewer-iklls1026\">&nbsp;<\/p>\n\n\n\n<p id=\"viewer-keuky1028\">O evento conta com o apoio de entidades importantes como CDL Uberl\u00e2ndia, VRM Neg\u00f3cios, Sindicato dos Contabilistas de Uberl\u00e2ndia (Sindcont), OBDC, Invest Smart, Fiemg, Maiore e a Academia Brasileira de Ci\u00eancias Cont\u00e1beis (Abraciecon).<\/p>\n\n\n\n<p id=\"viewer-7m1ol1030\">&nbsp;<\/p>\n\n\n\n<p id=\"viewer-qhxw91032\">Encontro de L\u00edderes Empresariais<\/p>\n\n\n\n<p id=\"viewer-j726y1034\">Data: 15 de outubro<\/p>\n\n\n\n<p id=\"viewer-w28h01036\">Hor\u00e1rio: 18h30 \u00e0s 21h<\/p>\n\n\n\n<p id=\"viewer-7zv3f1038\">Local: CDL Uberl\u00e2ndia (piso 4).<\/p>\n\n\n\n<p id=\"viewer-zskg11040\">Inscri\u00e7\u00f5es gratuitas: <a target=\"_blank\" href=\"https:\/\/www.sympla.com.br\/evento\/encontro-de-lideres-empresariais\/2654887\" rel=\"noreferrer noopener\">https:\/\/www.sympla.com.br\/evento\/encontro-de-lideres-empresariais\/2654887<\/a><\/p>\n","protected":false},"excerpt":{"rendered":"<p>Evento ser\u00e1 realizado gratuitamente na entidade e visa promover a integra\u00e7\u00e3o e o debate sobre o cen\u00e1rio econ\u00f4mico no Tri\u00e2ngulo Mineiro &nbsp; Com o prop\u00f3sito de fortalecer a integra\u00e7\u00e3o entre<\/p>\n","protected":false},"author":1,"featured_media":525,"comment_status":"open","ping_status":"open","sticky":false,"template":"","format":"standard","meta":{"footnotes":""},"categories":[1],"tags":[],"class_list":["post-524","post","type-post","status-publish","format-standard","has-post-thumbnail","hentry","category-noticias"],"_links":{"self":[{"href":"https:\/\/revistahubclub.com.br\/portal\/wp-json\/wp\/v2\/posts\/524","targetHints":{"allow":["GET"]}}],"collection":[{"href":"https:\/\/revistahubclub.com.br\/portal\/wp-json\/wp\/v2\/posts"}],"about":[{"href":"https:\/\/revistahubclub.com.br\/portal\/wp-json\/wp\/v2\/types\/post"}],"author":[{"embeddable":true,"href":"https:\/\/revistahubclub.com.br\/portal\/wp-json\/wp\/v2\/users\/1"}],"replies":[{"embeddable":true,"href":"https:\/\/revistahubclub.com.br\/portal\/wp-json\/wp\/v2\/comments?post=524"}],"version-history":[{"count":1,"href":"https:\/\/revistahubclub.com.br\/portal\/wp-json\/wp\/v2\/posts\/524\/revisions"}],"predecessor-version":[{"id":526,"href":"https:\/\/revistahubclub.com.br\/portal\/wp-json\/wp\/v2\/posts\/524\/revisions\/526"}],"wp:featuredmedia":[{"embeddable":true,"href":"https:\/\/revistahubclub.com.br\/portal\/wp-json\/wp\/v2\/media\/525"}],"wp:attachment":[{"href":"https:\/\/revistahubclub.com.br\/portal\/wp-json\/wp\/v2\/media?parent=524"}],"wp:term":[{"taxonomy":"category","embeddable":true,"href":"https:\/\/revistahubclub.com.br\/portal\/wp-json\/wp\/v2\/categories?post=524"},{"taxonomy":"post_tag","embeddable":true,"href":"https:\/\/revistahubclub.com.br\/portal\/wp-json\/wp\/v2\/tags?post=524"}],"curies":[{"name":"wp","href":"https:\/\/api.w.org\/{rel}","templated":true}]}}