{"id":5310,"date":"2022-12-21T13:49:00","date_gmt":"2022-12-21T16:49:00","guid":{"rendered":"https:\/\/revistahubclub.com.br\/portal\/?p=5310"},"modified":"2024-12-18T13:49:49","modified_gmt":"2024-12-18T16:49:49","slug":"2023-qual-a-sua-expectativa","status":"publish","type":"post","link":"https:\/\/revistahubclub.com.br\/portal\/2022\/12\/21\/2023-qual-a-sua-expectativa\/","title":{"rendered":"2023: qual a sua expectativa?"},"content":{"rendered":"\n<p>Atualizado:&nbsp;22 de dez. de 2022<\/p>\n\n\n\n<p id=\"viewer-foo\"><em>Lideran\u00e7as em Uberl\u00e2ndia fazem balan\u00e7o de 2022 e dizem o que esperam para o pr\u00f3ximo ano.<\/em><\/p>\n\n\n\n<p id=\"viewer-7ilgc\">Por Palmira Ribeiro | Jornalista Fotos Divulga\u00e7\u00e3o<\/p>\n\n\n\n<p id=\"viewer-2mm41\">Dados divulgados pelo Instituto Brasileiro de Geografia e Estat\u00edstica (IBGE) no dia 1\u00ba de dezembro apontam que a economia nacional cresceu 0,4% no terceiro trimestre de 2022 em compara\u00e7\u00e3o com os tr\u00eas meses anteriores. O resultado, fruto da produ\u00e7\u00e3o de R$ 2,5 trilh\u00f5es entre julho e setembro, fez o Produto Interno Bruto (PIB) &#8211; que \u00e9 a soma de todos bens e servi\u00e7os finais feitos no pa\u00eds &#8211; alcan\u00e7ar o maior patamar da s\u00e9rie hist\u00f3rica, iniciada em 1996. Contudo, essa quinta varia\u00e7\u00e3o positiva da economia nacional \u00e9 menor que os quatro trimestres anteriores: 0,4%, 0,9%, 1,3% e 1% respectivamente.<\/p>\n\n\n\n<p id=\"viewer-deejt\">O problema \u00e9 que ap\u00f3s avalia\u00e7\u00e3o de todo o cen\u00e1rio, a expectativa \u00e9 de piora nos trimestres seguintes. E isso n\u00e3o ser\u00e1 algo anormal, pelo contr\u00e1rio, era previs\u00edvel. A situa\u00e7\u00e3o econ\u00f4mica do pa\u00eds foi um dos principais assuntos em 2022, seja por causa das elei\u00e7\u00f5es e o impacto da possibilidade de troca no governo federal, seja pelas decis\u00f5es tomadas pelo at\u00e9 ent\u00e3o atual governo, que foram gerando consequ\u00eancias para este ano e para os pr\u00f3ximos. A quest\u00e3o \u00e9 que tudo isso gera nas pessoas, empres\u00e1rios ou n\u00e3o, sentimentos para o futuro de cautela, ansiedade e esperan\u00e7a que acabam freando investimentos. Mas, apesar destes sentimentos, os brasileiros precisam continuar e apostar sempre em dias melhores. N\u00f3s conversamos com algumas personalidades de Uberl\u00e2ndia dos mais diversos segmentos que nos contaram como foi este 2022 e o que esperam para 2023.<\/p>\n\n\n\n<p id=\"viewer-ffis3\"><strong>Cicero Domingos Penha<\/strong><\/p>\n\n\n\n<p id=\"viewer-6v3k1\"><em>Diretor da Ser Humano Consult, Cicero Domingos Penha atua em consultoria focada em Gest\u00e3o de Pessoas, Rela\u00e7\u00f5es de Trabalho e Governan\u00e7a Corporativa para empresas de todos os portes e segmentos de mercado. Confira nossa entrevista com ele.<\/em><\/p>\n\n\n\n<figure class=\"wp-block-image\"><img loading=\"lazy\" decoding=\"async\" width=\"350\" height=\"525\" src=\"https:\/\/revistahubclub.com.br\/portal\/wp-content\/uploads\/2024\/12\/cf07ad_12476a34f66f4005b44d0715833e1624mv2.jpg\" alt=\"\" class=\"wp-image-5317\" srcset=\"https:\/\/revistahubclub.com.br\/portal\/wp-content\/uploads\/2024\/12\/cf07ad_12476a34f66f4005b44d0715833e1624mv2.jpg 350w, https:\/\/revistahubclub.com.br\/portal\/wp-content\/uploads\/2024\/12\/cf07ad_12476a34f66f4005b44d0715833e1624mv2-200x300.jpg 200w\" sizes=\"auto, (max-width: 350px) 100vw, 350px\" \/><\/figure>\n\n\n\n<p id=\"viewer-3o0ru\"><strong>O pa\u00eds j\u00e1 passou por v\u00e1rias crises econ\u00f4micas, momentos de tens\u00e3o e incertezas ao longo de d\u00e9cadas. Qual \u00e9 o seu conselho para os empres\u00e1rios e as pessoas diante de mais um momento no Brasil similar a outros?<\/strong><\/p>\n\n\n\n<p id=\"viewer-54rhg\">Minha vis\u00e3o \u00e9 de certa forma positiva. O Brasil \u00e9 maior que toda essa crise que vivemos no momento. N\u00e3o somos Cuba nem Venezuela. N\u00e3o d\u00e1 para comparar. Somos um pa\u00eds continental e temos institui\u00e7\u00f5es fortes. Por outro lado, com certeza teremos atraso de crescimento, o que \u00e9 uma pena porque o pa\u00eds estava com a casa arrumada e prontinho para decolar. Sem paix\u00e3o, basta ver os indicadores. Para os mpres\u00e1rios digo para fazerem as tarefas necess\u00e1rias, a continuidade dos seus neg\u00f3cios, analisarem bem investimentos, correrem atr\u00e1s de clientes, terem f\u00e9 e continuarem acreditando no pa\u00eds. Para as pessoas em<\/p>\n\n\n\n<p id=\"viewer-3pkj6\">geral, principalmente trabalhadores, digo para fazerem de tudo para segurar o emprego e ter cuidado com os gastos, at\u00e9 essa fase passar e as coisas ficarem mais claras na pol\u00edtica e na economia do pa\u00eds.<\/p>\n\n\n\n<p id=\"viewer-8enrv\"><strong>Em 2022, muitos voltaram a sonhar e investir ap\u00f3s o per\u00edodo de pandemia. Na sua avalia\u00e7\u00e3o qual o balan\u00e7o deste ano?<\/strong><\/p>\n\n\n\n<p id=\"viewer-eukou\">Vamos fechar o ano com os indicadores econ\u00f4micos do pa\u00eds positivos, apesar de vivermos um momento de muito medo no mercado. Em 2022, as empresas voltaram a investir e temos um cen\u00e1rio de pleno emprego. Sinal de que quando se tem responsabilidade fiscal e combate a corrup\u00e7\u00e3o, o dinheiro dos impostos aparecem e os investimentos p\u00fablicos s\u00e3o realizados.<\/p>\n\n\n\n<p id=\"viewer-cj06g\"><strong>Sempre que h\u00e1 um novo governo existem expectativas e mudan\u00e7as que impactam a economia diretamente. O que voc\u00ea indicaria para os empres\u00e1rios: invistam com cautela? Quando come\u00e7ar a investir?<\/strong><\/p>\n\n\n\n<p id=\"viewer-77uvn\">Infelizmente n\u00e3o \u00e9 momento de fazer investimentos de grande envergadura. \u00c9 preciso esperar um pouco, ver o desenrolar da pol\u00edtica e entender os fundamentos das medidas que vir\u00e3o. Momento tamb\u00e9m para a organiza\u00e7\u00e3o rever os custos de suas estruturas, buscar ampliar o portf\u00f3lio de clientes e manter o pessoal interno com esperan\u00e7a e motiva\u00e7\u00e3o. \u00c9 preciso cuidado para n\u00e3o amedrontar as pessoas. E as empresas precisam de cuidar do seu ambiente interno, precisam ter positividade.<\/p>\n\n\n\n<p id=\"viewer-fgf3d\"><strong>Qual sua previs\u00e3o em rela\u00e7\u00e3o a empregos no pr\u00f3ximo ano? Haver\u00e1 gera\u00e7\u00e3o ou impacto negativo a princ\u00edpio?<\/strong><\/p>\n\n\n\n<p id=\"viewer-8pf8u\">Penso que no princ\u00edpio teremos uma retra\u00e7\u00e3o nos empregos, mas acredito que logo poderemos ter recupera\u00e7\u00e3o se o novo governo souber transmitir seguran\u00e7a para os empres\u00e1rios. Emprego depende de empreendedores e os empreendedores precisam de seguran\u00e7a e motiva\u00e7\u00e3o para investir.<\/p>\n\n\n\n<p id=\"viewer-bdn32\"><strong>Quais profiss\u00f5es abrir\u00e3o mais oportunidades em 2023 e quais investimentos as pessoas podem fazer para tentar uma vaga no mercado?<\/strong><\/p>\n\n\n\n<p id=\"viewer-a21g2\">Todas as profiss\u00f5es ligadas a tecnologia da informa\u00e7\u00e3o e ao agroneg\u00f3cio dever\u00e3o continuar em alta. Para os desempregados encontrarem emprego precisar\u00e3o demonstrar qualifica\u00e7\u00e3o. Por qualifica\u00e7\u00e3o entenda-se bem mais que forma\u00e7\u00e3o escolar. A\u00ed entra perfil comportamental, demonstra\u00e7\u00e3o de um m\u00ednimo de experi\u00eancia, demonstra\u00e7\u00e3o de muita vontade de trabalhar e aprender, saber usar redes sociais como Linkedin, por exemplo, e ativar contatos com pessoas que possam indic\u00e1-lo para oportunidades que, \u00e0s vezes, n\u00e3o est\u00e3o nem publicadas.<\/p>\n\n\n\n<p id=\"viewer-211v6\"><strong>Deixe sua mensagem para 2023.<\/strong><\/p>\n\n\n\n<p id=\"viewer-1jb5i\">Tudo na vida passa, inclusive as ondas de pessimismo. Somos a \u201cf\u00e1brica de comida\u201d do mundo. Toda a Europa Central cabe dentro do Brasil. Somos uma na\u00e7\u00e3o de paz e trabalhadora. Qualquer regime pol\u00edtico, por mais idiota que seja, ter\u00e1 que levar em considera\u00e7\u00e3o que sem paz e motiva\u00e7\u00e3o uma na\u00e7\u00e3o n\u00e3o produz e o regime padece. O Brasil \u00e9 maior que qualquer crise fabricada por humanos.<\/p>\n\n\n\n<p id=\"viewer-e81i5\"><strong>F\u00e1bio Pergher<\/strong><\/p>\n\n\n\n<p id=\"viewer-8m9rk\"><em>Fundador e Ceo da Start Qu\u00edmica e presidente do Grupo Lima &amp; Pergher que engloba as empresas Prata Alimentos, Start Qu\u00edmica, Provanza, Grupo 3R e Adfert, F\u00e1bio Pergher \u00e9 um brasileiro que investe e acredita muito no pa\u00eds. Para ele perguntamos o que ficou de positivo em 2022 e o que esperar de 2023.<\/em><\/p>\n\n\n\n<figure class=\"wp-block-image\"><img loading=\"lazy\" decoding=\"async\" width=\"350\" height=\"525\" src=\"https:\/\/revistahubclub.com.br\/portal\/wp-content\/uploads\/2024\/12\/cf07ad_5c3099e2933d455b9eed3d30238a8cf0mv2.jpg\" alt=\"\" class=\"wp-image-5318\" srcset=\"https:\/\/revistahubclub.com.br\/portal\/wp-content\/uploads\/2024\/12\/cf07ad_5c3099e2933d455b9eed3d30238a8cf0mv2.jpg 350w, https:\/\/revistahubclub.com.br\/portal\/wp-content\/uploads\/2024\/12\/cf07ad_5c3099e2933d455b9eed3d30238a8cf0mv2-200x300.jpg 200w\" sizes=\"auto, (max-width: 350px) 100vw, 350px\" \/><\/figure>\n\n\n\n<p id=\"viewer-489t3\">\u201cEste foi um ano extremamente positivo, apesar das incertezas com rela\u00e7\u00e3o \u00e0 economia e \u00e0s elei\u00e7\u00f5es. Foi um ano que deixou marcas profundas e estamos ainda vivendo muitas turbul\u00eancias, mas fizemos grandes investimentos e acreditamos muito no Brasil, que \u00e9 um pa\u00eds do futuro. Eu sei que teremos que fazer algumas corre\u00e7\u00f5es de percurso no futuro, como sempre em qualquer situa\u00e7\u00e3o, em qualquer pa\u00eds. Por hora, neste momento de incerteza para o ano de 2023, fico muito preocupado com o que est\u00e1 por vir e estamos aguardando e com investimentos um pouco mais t\u00edmidos porque diante da incerteza a gente freia para entender quais os mares que vamos navegar. N\u00f3s, empres\u00e1rios, estamos bastante temerosos que o Brasil entre numa vertente n\u00e3o positiva de desenvolvimento. Por enquanto estamos um pouco mais em calmaria, aguardando os acontecimentos, mas reitero que sou muito otimista com o Brasil e acho que \u00e9 um pa\u00eds que tem voca\u00e7\u00e3o de ser grande em n\u00edveis mundiais. Acredito que 2023, quando a turbul\u00eancia passar, voltaremos ao ciclo de desenvolvimento e vamos com tudo com esta<\/p>\n\n\n\n<p id=\"viewer-89r3\">voca\u00e7\u00e3o come\u00e7ar a mudar nossa cultura de exportar produtos beneficiados e n\u00e3o apenas commodities\u201d, observa.<\/p>\n\n\n\n<p id=\"viewer-933v9\"><strong>Humberto Pereira Carneiro<\/strong><\/p>\n\n\n\n<p id=\"viewer-9v92o\"><em>Empres\u00e1rio renomado, com v\u00e1rios neg\u00f3cios em Uberl\u00e2ndia, Humberto Pereira Carneiro tamb\u00e9m deu sua opini\u00e3o sobre como foi 2022 e expectativa e investimentos para 2023. Segundo ele, ap\u00f3s a pandemia neste ano foi poss\u00edvel ver a separa\u00e7\u00e3o entre quem estava preparado ou n\u00e3o para as mudan\u00e7as que ocorreram naquele cen\u00e1rio e depois dele.<\/em><\/p>\n\n\n\n<figure class=\"wp-block-image\"><img loading=\"lazy\" decoding=\"async\" width=\"350\" height=\"234\" src=\"https:\/\/revistahubclub.com.br\/portal\/wp-content\/uploads\/2024\/12\/cf07ad_c842ca4c6d9c4c019256fe8fe4a200femv2.jpg\" alt=\"\" class=\"wp-image-5313\" srcset=\"https:\/\/revistahubclub.com.br\/portal\/wp-content\/uploads\/2024\/12\/cf07ad_c842ca4c6d9c4c019256fe8fe4a200femv2.jpg 350w, https:\/\/revistahubclub.com.br\/portal\/wp-content\/uploads\/2024\/12\/cf07ad_c842ca4c6d9c4c019256fe8fe4a200femv2-300x201.jpg 300w\" sizes=\"auto, (max-width: 350px) 100vw, 350px\" \/><\/figure>\n\n\n\n<p id=\"viewer-23spb\">\u201cEu acho que 2022, p\u00f3s-pandemia, separou o joio do trigo. Aqueles que estavam preparados com a mudan\u00e7a conseguiram se manter em p\u00e9. Aqueles<\/p>\n\n\n\n<p id=\"viewer-8slnp\">que estavam prontos para enfrentar o que vinha pela frente deram conta de superar e aqueles que sobreviveram sa\u00edram mais fortes com certeza. Apesar dos pesares, esta foi uma forma de reestruturar os bons empres\u00e1rios dos maus empres\u00e1rios, mesmo tendo sido muito castigo para todos. Infelizmente muitos sucumbiram por falta de estrutura e por falta de condi\u00e7\u00f5es, ou at\u00e9 pelo tipo de neg\u00f3cio que tinham e enfrentaram as consequ\u00eancias daquele momento\u201d.<\/p>\n\n\n\n<p id=\"viewer-5sl04\">Para ele, a mudan\u00e7a de governo interfere em projetos e investimentos e \u00e9 preciso cautela. \u201cO governo \u00e9 quem define seu futuro e \u00e9 importante sabermos cada vez mais sobre nossas escolhas. A gente come\u00e7a a perceber que o mundo estava sendo enganado por muito tempo e felizmente as pessoas acordaram e est\u00e3o pressionando ao verem isso. Acredito que ocorrer\u00e3o boas mudan\u00e7as e que a verdade vai vencer porque n\u00f3s n\u00e3o podemos permitir que uma situa\u00e7\u00e3o comprovada no passado se repita novamente. Este novo governo vem com muita gan\u00e2ncia, muita vontade e nunca fizeram um bom governo. N\u00e3o tem responsabilidade. E essa falta de responsabilidade afeta diretamente qualquer tipo de investimento. Ou seja, voc\u00ea tem uma fuga maci\u00e7a de capital. E sem o capital, sem estabilidade, as coisas n\u00e3o duram e n\u00e3o perduram. N\u00f3s, infelizmente, entramos numa espiral negativa que pode nos levar a uma condi\u00e7\u00e3o de um pa\u00eds de terceiro\/quarto mundo, como se pode ver a Venezuela e Argentina, por exemplo\u201d.<\/p>\n\n\n\n<p id=\"viewer-7pg4i\">Como empres\u00e1rio, Humberto tamb\u00e9m sabe quais per\u00edodos s\u00e3o mais ben\u00e9ficos para se investir e sugeriu que as pessoas fiquem de olho no andamento das decis\u00f5es que ser\u00e3o tomadas pelo futuro governo. \u201cAcho que por enquanto temos que ter cautela, pois estamos vivendo um momento \u00edmpar, onde temos discuss\u00f5es inclusive de governo e voc\u00ea precisa manter e ter estabilidade. O capital \u00e9 um bicho arisco, se ele n\u00e3o arrumar guarita aqui, com certeza vai para outro lugar. Vamos ver como ser\u00e1 o direcionamento dos nossos governantes. E vai um alerta, tem gente que fala assim &#8216;n\u00e3o gosto de me envolver em pol\u00edtica&#8217;, mas \u00e9 o pol\u00edtico que vai definir o que voc\u00ea vai comer, a roupa que voc\u00ea vai vestir. N\u00f3s temos que nos politizar mais, participar mais e ajudar a pressionar para que haja seriedade nos prop\u00f3sitos. E se voc\u00ea n\u00e3o tiver estabilidade jur\u00eddica ou um regulamento na forma de se tratar e na forma de comercializar, nada e ningu\u00e9m sobrevive. Precisamos ter cautela e saber que junto com isso tamb\u00e9m vamos ter oportunidades\u201d.<\/p>\n\n\n\n<p id=\"viewer-fvsl3\">A mensagem positiva dele para 2023 \u00e9: \u201cVoc\u00ea n\u00e3o \u00e9 fruto dos seus sonhos, voc\u00ea \u00e9 fruto do seu medo. Ent\u00e3o, voc\u00ea tem de enfrentar os seus medos de forma positiva, pois estamos aqui s\u00f3 de passagem. Fa\u00e7a valer a pena a sua vida, fa\u00e7a alguma coisa de valor, trabalhe com<\/p>\n\n\n\n<p id=\"viewer-bneos\">seus princ\u00edpios, trabalhe com verdade, que voc\u00ea vai conseguir ter sucesso. N\u00e3o tenha medo n\u00e3o, e se tiver medo, vai com medo mesmo. N\u00f3s temos que fazer esta transforma\u00e7\u00e3o. Est\u00e1 na m\u00e3o de cada um de n\u00f3s esta responsabilidade e n\u00e3o podemos ser omissos\u201d, adverte.<\/p>\n\n\n\n<p id=\"viewer-2kpco\"><strong>Toma\u00eddes Rosa<\/strong><\/p>\n\n\n\n<p id=\"viewer-bv1si\"><em>Empres\u00e1ria, conselheira e consultora de empresas, Toma\u00eddes Rosa \u00e9 diretora da Associa\u00e7\u00e3o Comercial e Industrial de Uberl\u00e2ndia (Aciub) e vice-presidente do Aciub Mulher. Enquanto palestrante, fala sobre finan\u00e7as, empreendedorismo feminino e economia rural. \u00c9 s\u00f3cia da Tri Investimentos, Pro-Neural e Eggs &amp; Co. Desde 2006, est\u00e1 \u00e0 frente da Trust Mentoring, que cuida de mais de 50 grupos agr\u00edcolas e de pecu\u00e1ria no Brasil e no Paraguai. Com ela, falamos sobre agroneg\u00f3cio, balan\u00e7o deste ano e o que o futuro pode reservar para o setor.<\/em><\/p>\n\n\n\n<figure class=\"wp-block-image\"><img loading=\"lazy\" decoding=\"async\" width=\"350\" height=\"525\" src=\"https:\/\/revistahubclub.com.br\/portal\/wp-content\/uploads\/2024\/12\/cf07ad_2cee699fd6b947a19d34d80175755137mv2.jpg\" alt=\"\" class=\"wp-image-5316\" srcset=\"https:\/\/revistahubclub.com.br\/portal\/wp-content\/uploads\/2024\/12\/cf07ad_2cee699fd6b947a19d34d80175755137mv2.jpg 350w, https:\/\/revistahubclub.com.br\/portal\/wp-content\/uploads\/2024\/12\/cf07ad_2cee699fd6b947a19d34d80175755137mv2-200x300.jpg 200w\" sizes=\"auto, (max-width: 350px) 100vw, 350px\" \/><\/figure>\n\n\n\n<p id=\"viewer-9tsoa\"><strong>Como foi 2022 para o agro e quais os maiores investimentos do atual governo que geraram ganhos\/resultados positivos para o setor?<\/strong><\/p>\n\n\n\n<p id=\"viewer-cka3p\">Em 2022, tivemos um ano de margens bastante apertadas, principalmente para a soja, tivemos uma seca no Sul do pa\u00eds terr\u00edvel e isso causou muita perda na Am\u00e9rica do Sul e prejudicou muito a produ\u00e7\u00e3o brasileira. Al\u00e9m disso, o bushel &#8211; que \u00e9 o pre\u00e7o da soja em Chicago &#8211; subiu bastante e isso gerouconsequ\u00eancias em rela\u00e7\u00e3o aos pre\u00e7os. Outro fator que marcou o ano no campo foi a guerra Ucr\u00e2nia x R\u00fassia que colaborou para o resultado nos pre\u00e7os de soja e milho. Este ano tivemos aumento dos insumos de forma consider\u00e1vel. Houve tamb\u00e9m uma especula\u00e7\u00e3o, at\u00e9 uma incerteza nossa por parte dos fertilizantes. A gente n\u00e3o sabia se a ia ter ou n\u00e3o para esta safra, j\u00e1 que est\u00e1 chegando ao final. Mas neste caso deu tudo certo e n\u00e3o houve nenhuma intercorr\u00eancia gra\u00e7as aos esfor\u00e7os do Minist\u00e9rio da Agricultura e do governo brasileiro para que tudo chegasse a tempo e hoje, inclusive, temos adubo dispon\u00edvel no porto. Outro fator para se destacar como balan\u00e7o deste ano \u00e9 com rela\u00e7\u00e3o ao d\u00f3lar, que por causa da infla\u00e7\u00e3o americana tivemos uma valoriza\u00e7\u00e3o da moeda deles frente a outras e o Real acabou perdendo a oportunidade de se valorizar com esta instabilidade, com esta polariza\u00e7\u00e3o que ocorre no pa\u00eds, e isso ajuda com que nossas commodities fiquem em Reais e em valores muito consider\u00e1veis. Por fim, 2022 tamb\u00e9m teve aumento de custos em todos os setores, aumento muito grande em log\u00edstica, insumos, pessoais. Foi bem consider\u00e1vel para o agro.<\/p>\n\n\n\n<p id=\"viewer-1tb8c\"><strong>Como foram as importa\u00e7\u00f5es e exporta\u00e7\u00f5es em 2022?<\/strong><\/p>\n\n\n\n<p id=\"viewer-4bge4\">Com rela\u00e7\u00e3o \u00e0s exporta\u00e7\u00f5es, 2022 ser\u00e1 um dos melhores anos para o Brasil, para gr\u00e3os principalmente. Para se ter uma ideia, em agosto, o milho, por exemplo, tinha tido 41% mais exporta\u00e7\u00e3o que em rela\u00e7\u00e3o a 2021. E a carne bovina estava 8,7% a mais em agosto. \u00c9 bem consider\u00e1vel este aumento.<\/p>\n\n\n\n<p id=\"viewer-538oh\"><strong>O futuro governo federal disse que vai conversar com o setor. O que espera de 2023?<\/strong><\/p>\n\n\n\n<p id=\"viewer-f9uf9\">Sobre o pr\u00f3ximo ano estamos bem apreensivos em rela\u00e7\u00e3o aos custos do agro, j\u00e1 que os insumos s\u00e3o comprados com muita anteced\u00eancia e a comercializa\u00e7\u00e3o pode ser feita com at\u00e9 um ano ap\u00f3s a compra. J\u00e1 quanto \u00e0 pol\u00edtica n\u00e3o acredito em grandes mudan\u00e7as, pois n\u00e3o tem ningu\u00e9m novo no cen\u00e1rio e todos participantes do novo governo infelizmente s\u00e3o velhos conhecidos nossos. Na realidade, acredito que se eles n\u00e3o atrapalharem j\u00e1 est\u00e1 \u00f3timo.<\/p>\n\n\n\n<p id=\"viewer-53ihq\"><strong>Deixe sua mensagem para 2023.<\/strong><\/p>\n\n\n\n<p id=\"viewer-evg0j\">\u201cDesejo que iniciemos o ano com f\u00e9 e muito trabalho, pois o Brasil e o Agro n\u00e3o param e eles s\u00e3o os motores da alimenta\u00e7\u00e3o mundial\u201d.<\/p>\n\n\n\n<p id=\"viewer-bevn2\"><strong>Paulo Eduardo Vieira<\/strong><\/p>\n\n\n\n<p id=\"viewer-dm4go\"><em>Jornalista com vasta experi\u00eancia em cria\u00e7\u00e3o de produtos e gest\u00e3o de equipes, Paulo Eduardo Vieira tem 28 anos de trabalho nas \u00e1reas de TV, reda\u00e7\u00e3o, internet, relacionamento com a comunidade e na intera\u00e7\u00e3o entre meios distintos. Especialista em pol\u00edticas p\u00fablicas, graduado em Comunica\u00e7\u00e3o Social, MBA em Comunica\u00e7\u00e3o e Marketing e Master em Gest\u00e3o Estrat\u00e9gica de Marcas, ele avalia 2022 para a comunica\u00e7\u00e3o e diz o que espera para 2023.<\/em><\/p>\n\n\n\n<figure class=\"wp-block-image\"><img loading=\"lazy\" decoding=\"async\" width=\"350\" height=\"776\" src=\"https:\/\/revistahubclub.com.br\/portal\/wp-content\/uploads\/2024\/12\/cf07ad_5f9e30eeefe54e72a9fdb937b6b07ac5mv2.jpg\" alt=\"\" class=\"wp-image-5315\" srcset=\"https:\/\/revistahubclub.com.br\/portal\/wp-content\/uploads\/2024\/12\/cf07ad_5f9e30eeefe54e72a9fdb937b6b07ac5mv2.jpg 350w, https:\/\/revistahubclub.com.br\/portal\/wp-content\/uploads\/2024\/12\/cf07ad_5f9e30eeefe54e72a9fdb937b6b07ac5mv2-135x300.jpg 135w\" sizes=\"auto, (max-width: 350px) 100vw, 350px\" \/><\/figure>\n\n\n\n<p id=\"viewer-ech25\"><strong>A comunica\u00e7\u00e3o em geral e a forma de se comunicar em 2022 seguiu passando por mudan\u00e7as e ataques. O que ficou de li\u00e7\u00e3o deste ano?<\/strong><\/p>\n\n\n\n<p id=\"viewer-1qqiu\">Em 2022, pudemos ver que aquilo que nossa sociedade entende por verdade n\u00e3o \u00e9 mais algo homog\u00eaneo. Isso n\u00e3o \u00e9 s\u00f3 um perigo para quem trabalha com not\u00edcia. Pudemos ver como essa epidemia de fake news amea\u00e7a n\u00e3o s\u00f3 o jornalismo. Amea\u00e7a a democracia e a unidade nacional. Parece absurdo termos de promover a verdade. Chegamos ao absurdo de ver quem defenda a liberdade de poder contar uma mentira. Como construir qualquer conven\u00e7\u00e3o, conceito, acordo, leis em uma sociedade que simplesmente n\u00e3o consegue concordar com o que \u00e9 fato<\/p>\n\n\n\n<p id=\"viewer-7t7mv\">e o que \u00e9 mentira?<\/p>\n\n\n\n<p id=\"viewer-79d90\"><strong>Acredita que o pr\u00f3ximo governo poder\u00e1 seguir com restri\u00e7\u00f5es \u00e0 comunica\u00e7\u00e3o ou pode ocorrer abertura com mais di\u00e1logo para com a imprensa?<\/strong><\/p>\n\n\n\n<p id=\"viewer-4at3b\">Infelizmente n\u00e3o \u00e9 de um ou outro governo a competi\u00e7\u00e3o com a imprensa e os meios de comunica\u00e7\u00e3o no Brasil.<\/p>\n\n\n\n<p id=\"viewer-bhmi3\">Nunca vimos por parte de qualquer governo o incentivo a mais vozes na comunica\u00e7\u00e3o, at\u00e9 porque nenhum governo quer mais \u201cbarulho\u201d. A internet, como tecnologia, por si s\u00f3 fez mais pelo acesso \u00e0 informa\u00e7\u00e3o que qualquer pol\u00edtica p\u00fablica. Temos um Brasil que carece de r\u00e1dios, tev\u00eas, websites. N\u00e3o adianta nos orgulharmos do que temos chegar a todo brasileiro, se o que chega \u00e9 de meia d\u00fazia de canais com pontos de vista de S\u00e3o Paulo, Rio de Janeiro e Bras\u00edlia. Infelizmente n\u00e3o espero que a informa\u00e7\u00e3o seja mais valorizada por qualquer governo. Sobretudo quando estamos vendo a desvaloriza\u00e7\u00e3o da informa\u00e7\u00e3o pelo pr\u00f3prio cidad\u00e3o.<\/p>\n\n\n\n<p id=\"viewer-9815n\"><strong>Onde\/em que setor e\/ou \u00e1rea as empresas de comunica\u00e7\u00e3o e quem trabalha na \u00e1rea devem investir em 2023?<\/strong><\/p>\n\n\n\n<p id=\"viewer-6ops6\">Sem d\u00favida apostaria naquilo que falta. \u00c9 a not\u00edcia no interior. O entretenimento fora dos grandes centros. O conte\u00fado com cara al\u00e9m dos clich\u00eas dos grandes centros e de como esses centros veem o interior que \u00e9 aquele interior sertanejo e rural.<\/p>\n\n\n\n<p id=\"viewer-f86ab\"><strong>Deixe sua mensagem para 2023.<\/strong><\/p>\n\n\n\n<p id=\"viewer-1rool\">\u201cTodos os neg\u00f3cios est\u00e3o se reinventando. As mudan\u00e7as fazem parte da atualiza\u00e7\u00e3o de qualquer segmento. N\u00e3o devemos encarar como crise o que \u00e9 renova\u00e7\u00e3o. O Brasil \u00e9 muito maior do que conhecemos e pode ser ainda maior se procurarmos as oportunidades onde ningu\u00e9m est\u00e1 explorando. Temos uma sociedade que precisa de informa\u00e7\u00e3o e que, inclusive, precisa aprender a se informar. Ofere\u00e7a de forma incans\u00e1vel qualidade. Quem trabalha com comunica\u00e7\u00e3o tem pela frente um trabalho t\u00e3o \u00e1rduo quanto \u00e9 o tamanho das oportunidades que ainda n\u00e3o foram aproveitadas\u201d, pontua.<\/p>\n\n\n\n<p id=\"viewer-5k7sh\"><strong>Paulo S\u00e9rgio Ferreira<\/strong><\/p>\n\n\n\n<p id=\"viewer-6o30n\"><em>Engenheiro e empres\u00e1rio, formado em Engenharia Civil e Administra\u00e7\u00e3o de Empresas, com MBA em Gest\u00e3o Empresarial e Marketing, Paulo S\u00e9rgio Ferreira \u00e9 s\u00f3cio fundador da Eldorado Construtora, da Elglobal Construtora 2003, da Uberl\u00e2ndia Medical Center e tamb\u00e9m vice-prefeito de Uberl\u00e2ndia desde 2017. Aqui ele fala sobre sua vis\u00e3o frente ao que est\u00e1 por vir diante do cen\u00e1rio pol\u00edtico do pr\u00f3ximo ano.<\/em><\/p>\n\n\n\n<figure class=\"wp-block-image\"><img loading=\"lazy\" decoding=\"async\" width=\"350\" height=\"233\" src=\"https:\/\/revistahubclub.com.br\/portal\/wp-content\/uploads\/2024\/12\/cf07ad_cd2ca9a85ec34f349a77ef70e13c05c8mv2.jpg\" alt=\"\" class=\"wp-image-5314\" srcset=\"https:\/\/revistahubclub.com.br\/portal\/wp-content\/uploads\/2024\/12\/cf07ad_cd2ca9a85ec34f349a77ef70e13c05c8mv2.jpg 350w, https:\/\/revistahubclub.com.br\/portal\/wp-content\/uploads\/2024\/12\/cf07ad_cd2ca9a85ec34f349a77ef70e13c05c8mv2-300x200.jpg 300w\" sizes=\"auto, (max-width: 350px) 100vw, 350px\" \/><\/figure>\n\n\n\n<p id=\"viewer-f7ljo\"><strong>Em rela\u00e7\u00e3o aos pol\u00edticos que assumem em 2023, a mudan\u00e7a nos cargos interfere nos investimentos em Uberl\u00e2ndia e regi\u00e3o?<\/strong><\/p>\n\n\n\n<p id=\"viewer-e6j0f\">A representatividade de Uberl\u00e2ndia foi ampliada neste pleito, tanto na Assembleia Legislativa, quanto na C\u00e2mara Federal. Por isso, temos uma boa perspectiva para ampliarmos os investimentos na cidade, que mesmo antes j\u00e1 realiz\u00e1vamos, na medida do poss\u00edvel, com recursos do Munic\u00edpio. Agora, podemos contar com os deputados que s\u00e3o alinhados \u00e0 gest\u00e3o e que tamb\u00e9m ir\u00e3o atuar por toda a regi\u00e3o. O senado n\u00e3o<\/p>\n\n\n\n<p id=\"viewer-d9qjb\">interfere tanto na pol\u00edtica regional, mas precisamos aguardar quais ser\u00e3o as pautas e direcionamentos do Executivo federal, principalmente na Economia e Agroneg\u00f3cio, um dos principais potenciais da nossa regi\u00e3o.<\/p>\n\n\n\n<p id=\"viewer-71d2\"><strong>O fato de o governador de Minas, Romeu Zema (Novo) ter sido reeleito \u00e9 positivo economicamente para a cidade e as regi\u00f5es do Tri\u00e2ngulo e Alto Parana\u00edba?<\/strong><\/p>\n\n\n\n<p id=\"viewer-b42bo\">O governador Romeu Zema nos d\u00e1 uma perspectiva positiva. \u00c9 nativo da nossa regi\u00e3o e sempre esteve muito pr\u00f3ximo a Uberl\u00e2ndia e ao prefeito Odelmo Le\u00e3o (PP), por isso o apoiamos e contamos com ele. Fez uma boa gest\u00e3o em seu primeiro mandato, equilibrando as contas do Estado e vem realizando um investimento fundamental na recupera\u00e7\u00e3o das rodovias da regi\u00e3o.<\/p>\n\n\n\n<p id=\"viewer-7g79i\"><strong>Como pol\u00edtico e empres\u00e1rio\/empreendedor deixe sua mensagem para 2023.<\/strong><\/p>\n\n\n\n<p id=\"viewer-14ott\">\u201cEstou como pol\u00edtico, mas sempre fui engenheiro e um empreendedor. Sei da realidade e das dificuldades que todos aqueles que decidem empreender enfrentam. Acredito que o \u00fanico caminho \u00e9 a persist\u00eancia. Enquanto uns enxergam a crise, o obst\u00e1culo, outros veem a oportunidade. O principal investimento que o empres\u00e1rio deve buscar \u00e9 conhecimento. \u00c9 preciso acompanhar a inova\u00e7\u00e3o, o mercado e a tecnologia para fomentar os neg\u00f3cios\u201d, orienta.<\/p>\n\n\n\n<p id=\"viewer-8n9nv\"><strong>Rodrigo Santos Ferreira<\/strong><\/p>\n\n\n\n<p id=\"viewer-2ubtq\"><em>Com sede em Uberl\u00e2ndia, a Minas Capital \u00e9 um escrit\u00f3rio de Agente Aut\u00f4nomo de Investimentos (AAI) credenciado \u00e0 XP Investimentos e registrada na Comiss\u00e3o de Valores Mobili\u00e1rios. Conta com unidades em Arax\u00e1, Uberaba, Goi\u00e2nia (GO) e S\u00e3o Paulo (SP) e uma equipe de profissionais altamente especializada no mercado financeiro, qualificada para assessorar os clientes. Em 2021, foi eleita a segunda melhor do Brasil em Mesa de Renda Vari\u00e1vel, no pr\u00eamio Tier 25+. Portanto, nada melhor que terminar essa reportagem falando de investimentos com quem entende. Rodrigo Santos Ferreira, head de Renda Fixa Minas Capital, \u00e9 quem responde nossas perguntas.<\/em><\/p>\n\n\n\n<figure class=\"wp-block-image\"><img loading=\"lazy\" decoding=\"async\" width=\"350\" height=\"233\" src=\"https:\/\/revistahubclub.com.br\/portal\/wp-content\/uploads\/2024\/12\/cf07ad_6c1ea24b50a3472d9d5dfc12cfe1adb8mv2-1.jpg\" alt=\"\" class=\"wp-image-5312\" srcset=\"https:\/\/revistahubclub.com.br\/portal\/wp-content\/uploads\/2024\/12\/cf07ad_6c1ea24b50a3472d9d5dfc12cfe1adb8mv2-1.jpg 350w, https:\/\/revistahubclub.com.br\/portal\/wp-content\/uploads\/2024\/12\/cf07ad_6c1ea24b50a3472d9d5dfc12cfe1adb8mv2-1-300x200.jpg 300w\" sizes=\"auto, (max-width: 350px) 100vw, 350px\" \/><\/figure>\n\n\n\n<p id=\"viewer-7s4s4\"><strong>2022 foi um ano em que as pessoas voltaram a investir ap\u00f3s um per\u00edodo de incertezas por causa da pandemia? Quais foram as maiores procuras: bolsa, fundos, renda fixa ou vari\u00e1vel, CDI?<\/strong><\/p>\n\n\n\n<p id=\"viewer-6fgo7\">Com certeza, 2022 foi um ano marcado pela retomada de investimentos no mercado financeiro. Ap\u00f3s um ciclo de baixa nas taxas de juros antes e durante a pandemia, investimentos em outros ativos, principalmente em im\u00f3veis em 2020 e 2021, provocaram um aquecimento no mercado imobili\u00e1rio devido as taxas baixas para financiamento. Em 2022, ap\u00f3s a pandemia, com a escalada da alta nas taxas de juros, vimos os investidores retornando para o mercado financeiro, principalmente para ativos de renda fixa, atra\u00eddos por boas taxas e baixo risco.<\/p>\n\n\n\n<p id=\"viewer-e2ptv\"><strong>As pessoas t\u00eam aberto mais os olhos para a economia e o universo dos investimentos?<\/strong><\/p>\n\n\n\n<p id=\"viewer-3o9qo\">Sim. O surgimento de plataformas digitais contribuiu para o acesso da popula\u00e7\u00e3o \u00e0 informa\u00e7\u00e3o, o que acarretou na desmistifica\u00e7\u00e3o do mercado financeiro. Hoje, de forma pr\u00e1tica, direto do celular qualquer pessoa pode abrir uma conta gratuitamente em um banco ou corretora e come\u00e7ar a investir. Al\u00e9m disso, nos \u00faltimos anos observamos uma crescente discuss\u00e3o sobre o cen\u00e1rio econ\u00f4mico por parte de um p\u00fablico que anteriormente n\u00e3o era engajado no assunto. Tudo isso contribuiu para o crescimento do n\u00famero de investidores no mercado atentos \u00e0s oportunidades.<\/p>\n\n\n\n<p id=\"viewer-1uaf2\"><strong>Acredita que a pol\u00edtica do novo governo poder\u00e1 interferir no mercado financeiro?<\/strong><\/p>\n\n\n\n<p id=\"viewer-7gopf\">Com certeza, mas isso n\u00e3o \u00e9 um problema somente do futuro novo governo. Todo e qualquer governo tem um peso muito grande na economia dependendo das a\u00e7\u00f5es tomadas. A atual preocupa\u00e7\u00e3o com o pr\u00f3ximo governo \u00e9 a incerteza quanto ao rumo que a quest\u00e3o fiscal tomar\u00e1, a preocupa\u00e7\u00e3o de qual ser\u00e1 a \u00e2ncora fiscal do governo, se ele ter\u00e1 um compromisso com o teto de gastos ou se ser\u00e1 um governo que pode elevar a rela\u00e7\u00e3o d\u00edvida\/PIB, colocando assim o pa\u00eds em uma situa\u00e7\u00e3o de risco mais elevado. Isso \u00e9 o que mais assusta o mercado, juntamente com as incertezas dos nomes que estar\u00e3o \u00e0 frente de minist\u00e9rios importantes. Acredito que passando este momento de incerteza e havendo mais clareza sobre todas essas quest\u00f5es, teremos uma dire\u00e7\u00e3o mais certa do mercado, seja positiva ou negativa.<\/p>\n\n\n\n<p id=\"viewer-78rg5\"><strong>Estudar e aprender mais sobre mercado financeiro pode garantir mais seguran\u00e7a diante das mudan\u00e7as na pol\u00edtica econ\u00f4mica?<\/strong><\/p>\n\n\n\n<p id=\"viewer-55nnm\">O melhor conselho que posso dar \u00e9: estude sempre para entender como as coisas funcionam no mercado, mas conte tamb\u00e9m com a orienta\u00e7\u00e3o de um especialista para ter mais seguran\u00e7a. Para isso, a Minas Capital conta com os melhores profissionais para te auxiliar.<\/p>\n\n\n\n<p id=\"viewer-668n0\"><strong>Quais ser\u00e3o os poss\u00edveis melhores investimentos em 2023?<\/strong><\/p>\n\n\n\n<p id=\"viewer-eds1l\">Embora o mercado de renda vari\u00e1vel tenha algumas oportunidades interessantes, a incerteza quanto ao cen\u00e1rio de curto e m\u00e9dio prazo embute uma certa volatilidade para esse tipo de ativo, assim, sob essa \u00f3tica, os ativos de renda fixa ficam mais interessantes, principalmente porque estamos em um momento de Selic alta. Dentro do universo de ativos de renda fixa, o que eu destaco como uma das melhores oportunidades no momento s\u00e3o os t\u00edtulos p\u00fablicos (t\u00edtulos de emiss\u00e3o do governo) que est\u00e3o com taxas em n\u00edveis altos, representando um ganho real de aproximadamente 6% acima da infla\u00e7\u00e3o. Ainda posso ressaltar os ativos de cr\u00e9dito privado, como Debentures e CRIs, que s\u00e3o ativos de d\u00edvidas de empresas. Como exemplo posso citar CRI da Petrobras, que \u00e9 hoje uma das maiores petrol\u00edferas do mundo, remunerando esse papel com quase 7,00% acima da infla\u00e7\u00e3o.<\/p>\n\n\n\n<p id=\"viewer-3mtmv\"><strong>Deixe sua mensagem para 2023.<\/strong><\/p>\n\n\n\n<p id=\"viewer-fj6ic\">\u201cIndependente dos cen\u00e1rios projetados, sempre existir\u00e3o oportunidades no mercado financeiro, e 2023 ser\u00e1 um ano de oportunidades, basta estar bem assessorado e saber enxerg\u00e1-las\u201d, enfatiza.<\/p>\n\n\n\n<blockquote class=\"wp-block-quote is-layout-flow wp-block-quote-is-layout-flow\">\n<p>Depois de todas essas opini\u00f5es, agora \u00e9 hora de se planejar, observar e fazer acontecer em 2023.<\/p>\n<\/blockquote>\n","protected":false},"excerpt":{"rendered":"<p>Atualizado:&nbsp;22 de dez. de 2022 Lideran\u00e7as em Uberl\u00e2ndia fazem balan\u00e7o de 2022 e dizem o que esperam para o pr\u00f3ximo ano. Por Palmira Ribeiro | Jornalista Fotos Divulga\u00e7\u00e3o Dados divulgados<\/p>\n","protected":false},"author":1,"featured_media":5311,"comment_status":"open","ping_status":"open","sticky":false,"template":"","format":"standard","meta":{"footnotes":""},"categories":[1],"tags":[],"class_list":["post-5310","post","type-post","status-publish","format-standard","has-post-thumbnail","hentry","category-noticias"],"_links":{"self":[{"href":"https:\/\/revistahubclub.com.br\/portal\/wp-json\/wp\/v2\/posts\/5310","targetHints":{"allow":["GET"]}}],"collection":[{"href":"https:\/\/revistahubclub.com.br\/portal\/wp-json\/wp\/v2\/posts"}],"about":[{"href":"https:\/\/revistahubclub.com.br\/portal\/wp-json\/wp\/v2\/types\/post"}],"author":[{"embeddable":true,"href":"https:\/\/revistahubclub.com.br\/portal\/wp-json\/wp\/v2\/users\/1"}],"replies":[{"embeddable":true,"href":"https:\/\/revistahubclub.com.br\/portal\/wp-json\/wp\/v2\/comments?post=5310"}],"version-history":[{"count":1,"href":"https:\/\/revistahubclub.com.br\/portal\/wp-json\/wp\/v2\/posts\/5310\/revisions"}],"predecessor-version":[{"id":5319,"href":"https:\/\/revistahubclub.com.br\/portal\/wp-json\/wp\/v2\/posts\/5310\/revisions\/5319"}],"wp:featuredmedia":[{"embeddable":true,"href":"https:\/\/revistahubclub.com.br\/portal\/wp-json\/wp\/v2\/media\/5311"}],"wp:attachment":[{"href":"https:\/\/revistahubclub.com.br\/portal\/wp-json\/wp\/v2\/media?parent=5310"}],"wp:term":[{"taxonomy":"category","embeddable":true,"href":"https:\/\/revistahubclub.com.br\/portal\/wp-json\/wp\/v2\/categories?post=5310"},{"taxonomy":"post_tag","embeddable":true,"href":"https:\/\/revistahubclub.com.br\/portal\/wp-json\/wp\/v2\/tags?post=5310"}],"curies":[{"name":"wp","href":"https:\/\/api.w.org\/{rel}","templated":true}]}}