{"id":5399,"date":"2022-12-20T13:52:00","date_gmt":"2022-12-20T16:52:00","guid":{"rendered":"https:\/\/revistahubclub.com.br\/portal\/?p=5399"},"modified":"2024-12-18T13:52:48","modified_gmt":"2024-12-18T16:52:48","slug":"instituicoes-vencedoras-do-trofeu-escola-de-atitude-recebem-premiacao","status":"publish","type":"post","link":"https:\/\/revistahubclub.com.br\/portal\/2022\/12\/20\/instituicoes-vencedoras-do-trofeu-escola-de-atitude-recebem-premiacao\/","title":{"rendered":"Institui\u00e7\u00f5es vencedoras do Trof\u00e9u Escola de Atitude recebem premia\u00e7\u00e3o"},"content":{"rendered":"\n<p id=\"viewer-fojko\">Iniciativa do Pr\u00eamio Regi\u00e3o do Cerrado Mineiro visa reconhecer a\u00e7\u00f5es de envolvimento com a comunidade<\/p>\n\n\n\n<p id=\"viewer-1ab3i\">A Regi\u00e3o do Cerrado Mineiro realizou na \u00faltima quinta-feira, 15, um evento para a entrega dos cheques \u00e0s escolas vencedoras do Trof\u00e9u Escola de Atitude, que se inscreveram no 10\u00ba Pr\u00eamio Regi\u00e3o do Cerrado Mineiro. Trata-se de um reconhecimento aos melhores projetos voltados para iniciativas de educa\u00e7\u00e3o como caminhos de transforma\u00e7\u00e3o da sociedade, inovadores e que demonstram a atitude da Regi\u00e3o do Cerrado Mineiro para com o ensino.<\/p>\n\n\n\n<p id=\"viewer-6jouf\">A cerim\u00f4nia foi realizada na Associa\u00e7\u00e3o dos Cafeicultores da Regi\u00e3o de Carmo do Parana\u00edba (Assocaf\u00e9), e contou com a participa\u00e7\u00e3o de representantes da Federa\u00e7\u00e3o dos Cafeicultores do Cerrado, da Cooperativa dos Cafeicultores do Cerrado da Regi\u00e3o de Carmo do Parana\u00edba (Carmocer), da Cooperativa Agropecu\u00e1ria de Carmo do Parana\u00edba (Carpec), escolas premiadas, cafeicultores e autoridades.<\/p>\n\n\n\n<p id=\"viewer-fpa78\"><strong>Premia\u00e7\u00e3o<\/strong><\/p>\n\n\n\n<p id=\"viewer-gmre\">O Trof\u00e9u Escola de Atitude foi conquistado pela APAE de Carmo do Parana\u00edba, com o projeto M\u00e3os Talentosas, inscrito pela cooperativa Carmocer, uma iniciativa que utiliza a arte como uma terapia objetivo em prol do desenvolvimento motor, cognitivo e emocional dos alunos. A Escola Estadual Ant\u00f4nio Atan\u00e1sio, Escola Municipal Dr. J\u00falio do Couto Gontijo e Escola Municipal Grasiella Ferreira de Melo, de Carmo do Parana\u00edba, e a Escola Estadual Irm\u00e3 Gislene, de Patroc\u00ednio, tamb\u00e9m foram premiadas pelos projetos que destacam o envolvimento da comunidade com a\u00e7\u00f5es inovadoras e que promovem melhoria social.<\/p>\n\n\n\n<p id=\"viewer-bniak\">As escolas participantes do Trof\u00e9u Escola de Atitude ir\u00e3o dividir o pr\u00eamio de R$ 44.067,38, equivalente a 7% das vendas arrecadadas com os caf\u00e9s do leil\u00e3o realizado durante a cerim\u00f4nia do 10\u00ba Pr\u00eamio Regi\u00e3o do Cerrado Mineiro, realizado no dia 30 de novembro, em Uberl\u00e2ndia.<\/p>\n\n\n\n<p id=\"viewer-7mm0p\">Cada uma das escolas recebeu o trof\u00e9u, o certificado e o cheque simb\u00f3lico, conforme abaixo:<\/p>\n\n\n\n<p id=\"viewer-89q5a\">1\u00ba lugar &#8211; APAE de Carmo do Parana\u00edba &#8211; projeto M\u00e3os Talentosas \u2013 Pr\u00eamio de R$ 22.033,69<\/p>\n\n\n\n<p id=\"viewer-9s64s\">2\u00ba Lugar \u2013 Escola Municipal Doutor J\u00falio do Couto Gontijo \u2013 Projeto: Grandes Leitores, Pequenos Escritores! \u2013 Pr\u00eamio de R$ 8.813,48<\/p>\n\n\n\n<p id=\"viewer-25hfq\">3\u00ba Lugar &#8211; Escola Estadual Ant\u00f4nio Atan\u00e1sio<strong> &#8211; <\/strong>Projeto Educa\u00e7\u00e3o para Cidadania:<strong> <\/strong>uma forma\u00e7\u00e3o a ser iniciada na escola \u2013 Pr\u00eamio de R$ 6.610,11<\/p>\n\n\n\n<p id=\"viewer-702h3\">4\u00ba lugar \u2013 Escola Estadual Irm\u00e3 Gislene \u2013 projeto Mostra de an\u00f4nimos da escola Irm\u00e3 Gislene em prol do Hospital do C\u00e2ncer de Patroc\u00ednio \u2013 Pr\u00eamio de R$ 4.406,74<\/p>\n\n\n\n<p id=\"viewer-73kea\">5\u00ba Lugar &#8211; Escola Municipal Grasiella Ferreira de Melo &#8211; Projeto: Doar \u00e9 um ato de amor \u2013 Pr\u00eamio de R$ 2.203,37<\/p>\n\n\n\n<p id=\"viewer-8togp\">J\u00e1 o montante de R$ 18.888,02, cerca de 3% do valor arrecadado com o leil\u00e3o foram destinados \u00e0s obras do primeiro Hospital de Amor de Minas Gerais, iniciadas pelo Hospital do C\u00e2ncer de Patroc\u00ednio \u201cDr. Jos\u00e9 Figueiredo\u201d.<\/p>\n\n\n\n<p id=\"viewer-16hop\">\u201cPara n\u00f3s, da Carmocer, ter a oportunidade de indicar duas escolas para participar do trof\u00e9u Escola de Atitude, que acontece no Pr\u00eamio Regi\u00e3o do Cerrado Mineiro, \u00e9 de extrema relev\u00e2ncia para a cooperativa e para as escolas do nosso munic\u00edpio, onde as mesmas podem realizar e colocar em pr\u00e1tica com seus alunos projetos sociais e de aprendizagem de suma import\u00e2ncia para o futuro desses alunos\u201d, avalia o presidente da Carmocer, Cl\u00e9ber Amaral Ribeiro.<\/p>\n\n\n\n<p id=\"viewer-bvldf\">O superintendente da Federa\u00e7\u00e3o dos Cafeicultores do Cerrado, Juliano Tarabal, destacou a import\u00e2ncia dos projetos. \u201cO trof\u00e9u Escola de Atitude \u00e9 um compromisso que a Regi\u00e3o do Cerrado Mineiro, alinhada ao seu prop\u00f3sito de desenvolvimento da Regi\u00e3o, assumiu h\u00e1 quatro anos, como forma de colabora\u00e7\u00e3o de est\u00edmulo \u00e0 educa\u00e7\u00e3o nas escolas em nosso territ\u00f3rio. Ficamos muito contentes em contribuir e com a ades\u00e3o das escolas ao longo destes anos, e assim inserimos a cafeicultura e sua import\u00e2ncia tamb\u00e9m nas escolas, formando uma cultura\u201d, pontua Tarabal.<\/p>\n","protected":false},"excerpt":{"rendered":"<p>Iniciativa do Pr\u00eamio Regi\u00e3o do Cerrado Mineiro visa reconhecer a\u00e7\u00f5es de envolvimento com a comunidade A Regi\u00e3o do Cerrado Mineiro realizou na \u00faltima quinta-feira, 15, um evento para a entrega<\/p>\n","protected":false},"author":1,"featured_media":5400,"comment_status":"open","ping_status":"open","sticky":false,"template":"","format":"standard","meta":{"footnotes":""},"categories":[1],"tags":[],"class_list":["post-5399","post","type-post","status-publish","format-standard","has-post-thumbnail","hentry","category-noticias"],"_links":{"self":[{"href":"https:\/\/revistahubclub.com.br\/portal\/wp-json\/wp\/v2\/posts\/5399","targetHints":{"allow":["GET"]}}],"collection":[{"href":"https:\/\/revistahubclub.com.br\/portal\/wp-json\/wp\/v2\/posts"}],"about":[{"href":"https:\/\/revistahubclub.com.br\/portal\/wp-json\/wp\/v2\/types\/post"}],"author":[{"embeddable":true,"href":"https:\/\/revistahubclub.com.br\/portal\/wp-json\/wp\/v2\/users\/1"}],"replies":[{"embeddable":true,"href":"https:\/\/revistahubclub.com.br\/portal\/wp-json\/wp\/v2\/comments?post=5399"}],"version-history":[{"count":1,"href":"https:\/\/revistahubclub.com.br\/portal\/wp-json\/wp\/v2\/posts\/5399\/revisions"}],"predecessor-version":[{"id":5401,"href":"https:\/\/revistahubclub.com.br\/portal\/wp-json\/wp\/v2\/posts\/5399\/revisions\/5401"}],"wp:featuredmedia":[{"embeddable":true,"href":"https:\/\/revistahubclub.com.br\/portal\/wp-json\/wp\/v2\/media\/5400"}],"wp:attachment":[{"href":"https:\/\/revistahubclub.com.br\/portal\/wp-json\/wp\/v2\/media?parent=5399"}],"wp:term":[{"taxonomy":"category","embeddable":true,"href":"https:\/\/revistahubclub.com.br\/portal\/wp-json\/wp\/v2\/categories?post=5399"},{"taxonomy":"post_tag","embeddable":true,"href":"https:\/\/revistahubclub.com.br\/portal\/wp-json\/wp\/v2\/tags?post=5399"}],"curies":[{"name":"wp","href":"https:\/\/api.w.org\/{rel}","templated":true}]}}