{"id":5405,"date":"2022-12-19T13:53:00","date_gmt":"2022-12-19T16:53:00","guid":{"rendered":"https:\/\/revistahubclub.com.br\/portal\/?p=5405"},"modified":"2024-12-18T13:53:49","modified_gmt":"2024-12-18T16:53:49","slug":"uberlandia-e-a-1a-do-brasil-no-ranking-cidades-com-servicos-inteligentes-pelo-segundo-ano-consecut","status":"publish","type":"post","link":"https:\/\/revistahubclub.com.br\/portal\/2022\/12\/19\/uberlandia-e-a-1a-do-brasil-no-ranking-cidades-com-servicos-inteligentes-pelo-segundo-ano-consecut\/","title":{"rendered":"Uberl\u00e2ndia \u00e9 a 1\u00aa do Brasil no ranking \u2018Cidades com Servi\u00e7os Inteligentes\u2019 pelo segundo ano consecut"},"content":{"rendered":"\n<p id=\"viewer-foo\"><em>Neste ano, a cidade se destacou em 22 dos 26 crit\u00e9rios da an\u00e1lise feira pela Conexis Brasil Digital, em parceria com a consultoria Teleco. Foram tr\u00eas a mais do que em 2021.<\/em><\/p>\n\n\n\n<p id=\"viewer-1akqa\"><em>*Divulga\u00e7\u00e3o Prefeitura de Uberl\u00e2ndia<\/em><\/p>\n\n\n\n<p id=\"viewer-do582\"><em>( Imagem de divulga\u00e7\u00e3o site Prefeitura de Uberl\u00e2ndia )<\/em><\/p>\n\n\n\n<p id=\"viewer-ck0hm\">As pol\u00edticas p\u00fablicas da Prefeitura de Uberl\u00e2ndia em prol do desenvolvimento e da tecnologia no munic\u00edpio receberam mais um importante reconhecimento na tarde da \u00faltima sexta-feira (16). Pelo segundo ano consecutivo, Uberl\u00e2ndia \u00e9 considerada a 1\u00aa do Brasil no ranking \u201cCidades com Servi\u00e7os Inteligentes\u201d. A cerim\u00f4nia de premia\u00e7\u00e3o, com a participa\u00e7\u00e3o do prefeito Odelmo Le\u00e3o, foi online e ocorreu no final da tarde. A secret\u00e1ria municipal de Agroneg\u00f3cio, Economia e Inova\u00e7\u00e3o, Thalita Jorge, e o diretor presidente da Empresa P\u00fablica de Processamento de Dados de Uberl\u00e2ndia (Prodaub), Reginaldo Mendes tamb\u00e9m participaram.<\/p>\n\n\n\n<p id=\"viewer-9uqrb\">Neste ano, a cidade se destacou em 22 dos 26 crit\u00e9rios da an\u00e1lise feira pela Conexis Brasil Digital, em parceria com a consultoria Teleco. Foram tr\u00eas a mais do que em 2021. Entre as pol\u00edticas p\u00fablicas envolvendo o uso de recursos tecnol\u00f3gicos e virtuais que chamaram a aten\u00e7\u00e3o no pr\u00eamio est\u00e3o a implementa\u00e7\u00e3o do sistema e-Gov, servi\u00e7os nas \u00e1reas da Sa\u00fade e Educa\u00e7\u00e3o e o in\u00edcio da implementa\u00e7\u00e3o dos sem\u00e1foros inteligentes e da telegest\u00e3o para monitorar l\u00e2mpadas de LED constantes na ilumina\u00e7\u00e3o p\u00fablica da cidade.<\/p>\n\n\n\n<p id=\"viewer-48nhs\">\u201cO administrador precisa buscar estar \u00e0 frente do seu tempo. E o nosso trabalho \u00e9 nesse sentido. Hoje, a tecnologia \u00e9 uma necessidade. Se queremos oferecer o melhor para a nossa popula\u00e7\u00e3o, para as nossas empresas e trabalhadores, precisamos estar mais conectados. A conquista novamente do 1\u00ba lugar no \u2018Cidades com Servi\u00e7os Inteligentes\u2019 \u00e9 um incentivo para persistirmos no investimento em inova\u00e7\u00e3o e no aprimoramento de mecanismos legais para ampliar o acesso de cada morador a essa realidade\u201d, disse o prefeito Odelmo Le\u00e3o.<\/p>\n\n\n\n<p id=\"viewer-susj\"><strong>Servi\u00e7os Inteligentes e Cidade Amiga do 5G<\/strong><\/p>\n\n\n\n<figure class=\"wp-block-image\"><img decoding=\"async\" src=\"https:\/\/static.wixstatic.com\/media\/cf07ad_3896f9fad32d41eeabc2c70e88e46ad8~mv2.png\/v1\/fill\/w_740,h_393,al_c,q_85,usm_0.66_1.00_0.01,enc_auto\/cf07ad_3896f9fad32d41eeabc2c70e88e46ad8~mv2.png\" alt=\"\"\/><\/figure>\n\n\n\n<p id=\"viewer-1m2s7\"><em>( Reprodu\u00e7\u00e3o )<\/em><\/p>\n\n\n\n<p id=\"viewer-842tk\">O ranking nacional considera a oferta de servi\u00e7os por meio de recursos digitais e no est\u00edmulo \u00e0s telecomunica\u00e7\u00f5es entre os 150 maiores munic\u00edpios brasileiros. Os crit\u00e9rios consideram a atua\u00e7\u00e3o das gest\u00f5es municipais nas \u00e1reas de mobilidade urbana, educa\u00e7\u00e3o e sa\u00fade, meio ambiente, plataformas de atendimento \u00e0 popula\u00e7\u00e3o e legisla\u00e7\u00e3o local. Nesse \u00faltimo item, o resultado final do ranking considera outro levantamento nacional: o \u201cCidades Amigas do 5G\u201d, cuja edi\u00e7\u00e3o 2022 Uberl\u00e2ndia ficou na 5\u00aa posi\u00e7\u00e3o.<\/p>\n\n\n\n<p id=\"viewer-csch6\">Com quase 100% dos servi\u00e7os digitalizados, a Prefeitura de Uberl\u00e2ndia possui plataformas de atendimento virtual, seja por meio de site ou aplicativo e diversas inova\u00e7\u00f5es que facilitam o dia a dia do cidad\u00e3o. Al\u00e9m disso, a cidade foi a primeira do pa\u00eds a operar com a tecnologia 5G\u2013 realidade que completou um ano nesta quinta-feira (15).<\/p>\n\n\n\n<p id=\"viewer-d83qo\">Em mobilidade urbana, por exemplo, a frota do transporte p\u00fablico \u00e9 monitorada via GPS e os usu\u00e1rios podem acompanhar o trajeto dos ve\u00edculos em tempo real. H\u00e1 pain\u00e9is eletr\u00f4nicos com os hor\u00e1rios das linhas em pontos estrat\u00e9gicos da cidade. Na \u00e1rea de seguran\u00e7a, a Prefeitura possui parceria com a Pol\u00edcia Militar para videomonitoramento do tr\u00e2nsito na zona urbana (por meio dos sem\u00e1foros inteligentes) e das estradas rurais (facilitando a atua\u00e7\u00e3o das for\u00e7as de seguran\u00e7a nas comunidades e distritos).<\/p>\n\n\n\n<p id=\"viewer-5oj53\">Na Sa\u00fade, a popula\u00e7\u00e3o tem acesso a prontu\u00e1rios eletr\u00f4nicos e podem conseguir consultas remotas por meio do \u201cM\u00e9dico Virtual\u201d, dispon\u00edvel via \u201cZap da Prefeitura\u201d (34 3239-2800). Al\u00e9m disso, o aplicativo Sa\u00fade + Uberl\u00e2ndia facilita o acesso dos moradores a informa\u00e7\u00f5es sobre vacina, funcionamento das unidades de sa\u00fade e not\u00edcias relevantes.<\/p>\n\n\n\n<p id=\"viewer-f5nmr\">Na Educa\u00e7\u00e3o, h\u00e1, entre outras a\u00e7\u00f5es, kits de laborat\u00f3rio m\u00f3vel de inform\u00e1tica e foram adquiridos mais de 2,5 mil notebooks educacionais (chromebooks) para um atendimento ainda mais personalizado dos estudantes. E se o morador precisa resolver quest\u00f5es tribut\u00e1rias e administrativas, basta buscar o Portal de Negocia\u00e7\u00e3o ou identificar uma das centenas de servi\u00e7os de seu interesse, como o \u201cAlvar\u00e1 ligeiro\u201d (voltado para a constru\u00e7\u00e3o) ou o \u201cAlvar\u00e1 Sanit\u00e1rio Num Clique\u201d (para empreendimentos).<\/p>\n\n\n\n<p id=\"viewer-6kef3\">Confira aqui o Ranking de Servi\u00e7os de Cidades Inteligentes 2022<\/p>\n","protected":false},"excerpt":{"rendered":"<p>Neste ano, a cidade se destacou em 22 dos 26 crit\u00e9rios da an\u00e1lise feira pela Conexis Brasil Digital, em parceria com a consultoria Teleco. Foram tr\u00eas a mais do que<\/p>\n","protected":false},"author":1,"featured_media":5406,"comment_status":"open","ping_status":"open","sticky":false,"template":"","format":"standard","meta":{"footnotes":""},"categories":[1],"tags":[],"class_list":["post-5405","post","type-post","status-publish","format-standard","has-post-thumbnail","hentry","category-noticias"],"_links":{"self":[{"href":"https:\/\/revistahubclub.com.br\/portal\/wp-json\/wp\/v2\/posts\/5405","targetHints":{"allow":["GET"]}}],"collection":[{"href":"https:\/\/revistahubclub.com.br\/portal\/wp-json\/wp\/v2\/posts"}],"about":[{"href":"https:\/\/revistahubclub.com.br\/portal\/wp-json\/wp\/v2\/types\/post"}],"author":[{"embeddable":true,"href":"https:\/\/revistahubclub.com.br\/portal\/wp-json\/wp\/v2\/users\/1"}],"replies":[{"embeddable":true,"href":"https:\/\/revistahubclub.com.br\/portal\/wp-json\/wp\/v2\/comments?post=5405"}],"version-history":[{"count":1,"href":"https:\/\/revistahubclub.com.br\/portal\/wp-json\/wp\/v2\/posts\/5405\/revisions"}],"predecessor-version":[{"id":5407,"href":"https:\/\/revistahubclub.com.br\/portal\/wp-json\/wp\/v2\/posts\/5405\/revisions\/5407"}],"wp:featuredmedia":[{"embeddable":true,"href":"https:\/\/revistahubclub.com.br\/portal\/wp-json\/wp\/v2\/media\/5406"}],"wp:attachment":[{"href":"https:\/\/revistahubclub.com.br\/portal\/wp-json\/wp\/v2\/media?parent=5405"}],"wp:term":[{"taxonomy":"category","embeddable":true,"href":"https:\/\/revistahubclub.com.br\/portal\/wp-json\/wp\/v2\/categories?post=5405"},{"taxonomy":"post_tag","embeddable":true,"href":"https:\/\/revistahubclub.com.br\/portal\/wp-json\/wp\/v2\/tags?post=5405"}],"curies":[{"name":"wp","href":"https:\/\/api.w.org\/{rel}","templated":true}]}}