{"id":5417,"date":"2022-12-16T13:55:00","date_gmt":"2022-12-16T16:55:00","guid":{"rendered":"https:\/\/revistahubclub.com.br\/portal\/?p=5417"},"modified":"2024-12-18T13:56:02","modified_gmt":"2024-12-18T16:56:02","slug":"natal-encantado-em-uberlandia-confira-a-programacao","status":"publish","type":"post","link":"https:\/\/revistahubclub.com.br\/portal\/2022\/12\/16\/natal-encantado-em-uberlandia-confira-a-programacao\/","title":{"rendered":"\u2018Natal Encantado\u2019 em Uberl\u00e2ndia: confira a programa\u00e7\u00e3o"},"content":{"rendered":"\n<p id=\"viewer-foo\"><em>Nesta sexta ocorre o tradicional espet\u00e1culo do &#8216;Janelas Encantadas&#8217; e a partir de domingo tem apresenta\u00e7\u00f5es art\u00edstico-culturais no Centro Municipal de Cultural.<\/em><\/p>\n\n\n\n<p id=\"viewer-b8m9j\"><em>*Com informa\u00e7\u00f5es da Prefeitura de Uberl\u00e2ndia<\/em><\/p>\n\n\n\n<p id=\"viewer-b18ju\"><em>( Foto de divulga\u00e7\u00e3o da Secretaria de Governo e Comunica\u00e7\u00e3o \/ PMU )<\/em><\/p>\n\n\n\n<p id=\"viewer-bjvrs\">A programa\u00e7\u00e3o natalina de Uberl\u00e2ndia est\u00e1 cada vez mais cheia de arte e cultura (confira abaixo). Nesta sexta-feira (16) e no s\u00e1bado (17) ocorre o tradicional espet\u00e1culo \u201cJanelas Encantadas\u201d, organizado pela Secretaria Municipal de Cultura e Turismo em parceria com as empresas parceiras. Nos dois dias, o evento come\u00e7a \u00e0s 19h na fachada da Escola Estadual de Uberl\u00e2ndia Museu.<\/p>\n\n\n\n<p id=\"viewer-349ec\">E na pr\u00f3xima semana, ser\u00e1 promovido um verdadeiro festival no Centro Municipal de Cultura (CMC). \u00c9 o \u201cNatal Encantado\u201d, que ter\u00e1 apresenta\u00e7\u00f5es especiais domingo (18) e segunda-feira (19), das 17h30 \u00e0s 22h. A entrada \u00e9 gratuita.<\/p>\n\n\n\n<p id=\"viewer-bdev5\">Os espet\u00e1culos do \u201cNatal Encantado\u201d foram selecionados por meio de edital. Quem for ao CMC nos dois dias vai poder curtir apresenta\u00e7\u00f5es de m\u00fasica, dan\u00e7a, arte circense, teatro e cultura popular.<\/p>\n\n\n\n<p id=\"viewer-ibld\">O \u201cNatal Encantado\u201d integra o Programa Cultura na Comunidade e faz parte das a\u00e7\u00f5es da Prefeitura de Uberl\u00e2ndia em celebra\u00e7\u00e3o ao per\u00edodo natalino. Al\u00e9m das atividades art\u00edstico-culturais selecionadas, e que ser\u00e3o apresentadas entre os dias 18 e 23 de dezembro, j\u00e1 est\u00e1 aberta \u00e0 popula\u00e7\u00e3o desde a \u00faltima semana a exposi\u00e7\u00e3o \u201cCaminhos do Pres\u00e9pio\u201d com os tradicionais pres\u00e9pios na Casa da Cultura, no Museu Municipal e no Centro Municipal de Cultura.<\/p>\n\n\n\n<blockquote class=\"wp-block-quote is-layout-flow wp-block-quote-is-layout-flow\">\n<p>\u201cTodos est\u00e3o convidados para mais esse evento do nosso circuito de celebra\u00e7\u00f5es natalinas. Com certeza, n\u00e3o v\u00e3o faltar arte e emo\u00e7\u00e3o\u201d, disse a secret\u00e1ria M\u00f4nica Debs.<\/p>\n<\/blockquote>\n\n\n\n<p id=\"viewer-cnkqu\"><strong>Programa\u00e7\u00e3o<\/strong><\/p>\n\n\n\n<ul class=\"wp-block-list\">\n<li>Domingo (18) 17h30 \u2013 Cortejo de Natal \u2013 Trupe Ventania 18h30 \u2013 Devolvendo o Encanto do Natal \u2013 Berg Companhia de Dan\u00e7a 18h40 \u2013 Banda Municipal 19h20 \u2013 Orquestra Sesc de Viola 20h30 \u2013 Cantata de Natal: \u201cProcurando o Natal\u201d \u2013 Coral Praiano e convidados<\/li>\n<\/ul>\n\n\n\n<ul class=\"wp-block-list\">\n<li>Segunda (19) 18h \u2013 Banda Municipal 18h30 \u2013 Desafio Berimbau Noel \u2013 Grupo Semente da \u00c1frica 19h10 \u2013 Transubstancial \u2013 Cia. de Dan\u00e7a Bittencourt 19h25 \u2013 Coral Sesc 20h \u2013 Espet\u00e1culo Auto dos Altos \u2013 Coletivo Cartas 21h \u2013 Ginga de Sentimentos \u2013 Mari Sim\u00f5es e Banda<\/li>\n<\/ul>\n\n\n\n<figure class=\"wp-block-image\"><img decoding=\"async\" src=\"https:\/\/static.wixstatic.com\/media\/cf07ad_ec283ad423ad457bb4bc65e95b345b18~mv2.jpeg\/v1\/fill\/w_740,h_740,al_c,q_85,usm_0.66_1.00_0.01,enc_auto\/cf07ad_ec283ad423ad457bb4bc65e95b345b18~mv2.jpeg\" alt=\"\"\/><\/figure>\n","protected":false},"excerpt":{"rendered":"<p>Nesta sexta ocorre o tradicional espet\u00e1culo do &#8216;Janelas Encantadas&#8217; e a partir de domingo tem apresenta\u00e7\u00f5es art\u00edstico-culturais no Centro Municipal de Cultural. *Com informa\u00e7\u00f5es da Prefeitura de Uberl\u00e2ndia ( Foto<\/p>\n","protected":false},"author":1,"featured_media":5418,"comment_status":"open","ping_status":"open","sticky":false,"template":"","format":"standard","meta":{"footnotes":""},"categories":[1],"tags":[],"class_list":["post-5417","post","type-post","status-publish","format-standard","has-post-thumbnail","hentry","category-noticias"],"_links":{"self":[{"href":"https:\/\/revistahubclub.com.br\/portal\/wp-json\/wp\/v2\/posts\/5417","targetHints":{"allow":["GET"]}}],"collection":[{"href":"https:\/\/revistahubclub.com.br\/portal\/wp-json\/wp\/v2\/posts"}],"about":[{"href":"https:\/\/revistahubclub.com.br\/portal\/wp-json\/wp\/v2\/types\/post"}],"author":[{"embeddable":true,"href":"https:\/\/revistahubclub.com.br\/portal\/wp-json\/wp\/v2\/users\/1"}],"replies":[{"embeddable":true,"href":"https:\/\/revistahubclub.com.br\/portal\/wp-json\/wp\/v2\/comments?post=5417"}],"version-history":[{"count":1,"href":"https:\/\/revistahubclub.com.br\/portal\/wp-json\/wp\/v2\/posts\/5417\/revisions"}],"predecessor-version":[{"id":5419,"href":"https:\/\/revistahubclub.com.br\/portal\/wp-json\/wp\/v2\/posts\/5417\/revisions\/5419"}],"wp:featuredmedia":[{"embeddable":true,"href":"https:\/\/revistahubclub.com.br\/portal\/wp-json\/wp\/v2\/media\/5418"}],"wp:attachment":[{"href":"https:\/\/revistahubclub.com.br\/portal\/wp-json\/wp\/v2\/media?parent=5417"}],"wp:term":[{"taxonomy":"category","embeddable":true,"href":"https:\/\/revistahubclub.com.br\/portal\/wp-json\/wp\/v2\/categories?post=5417"},{"taxonomy":"post_tag","embeddable":true,"href":"https:\/\/revistahubclub.com.br\/portal\/wp-json\/wp\/v2\/tags?post=5417"}],"curies":[{"name":"wp","href":"https:\/\/api.w.org\/{rel}","templated":true}]}}