{"id":543,"date":"2024-10-03T16:04:54","date_gmt":"2024-10-03T19:04:54","guid":{"rendered":"https:\/\/revistahubclub.com.br\/portal\/?p=543"},"modified":"2024-12-11T16:06:07","modified_gmt":"2024-12-11T19:06:07","slug":"selo-empresa-cidada-reconhece-boas-acoes","status":"publish","type":"post","link":"https:\/\/revistahubclub.com.br\/portal\/2024\/10\/03\/selo-empresa-cidada-reconhece-boas-acoes\/","title":{"rendered":"Selo Empresa Cidad\u00e3 reconhece boas a\u00e7\u00f5es"},"content":{"rendered":"\n<p id=\"viewer-k5w2h998\"><em><br>Conduzido pela CDL, Funda\u00e7\u00e3o CDL, C\u00e2mara Municipal e Munic\u00edpio de Uberl\u00e2ndia, o objetivo principal do projeto \u00e9 reconhecer empresas e organiza\u00e7\u00f5es da sociedade civil que adotam pr\u00e1ticas socioambientais em benef\u00edcio da cidade de Uberl\u00e2ndia.<\/em><\/p>\n\n\n\n<p id=\"viewer-8u56y1002\">O programa Selo Empresa Cidad\u00e3 est\u00e1 em nova edi\u00e7\u00e3o! Institu\u00eddo em 1999, por proposta da ent\u00e3o vereadora F\u00e1tima Paiva, o \u201cSelo Empresa-Cidad\u00e3\u201d passou a ser promovido pela CDL e Funda\u00e7\u00e3o CDL em 2001, tornando-se hoje um dos principais incentivadores de pr\u00e1ticas socioambientais em Uberl\u00e2ndia.<\/p>\n\n\n\n<p id=\"viewer-bavke1006\">Conduzido pela CDL, Funda\u00e7\u00e3o CDL, C\u00e2mara Municipal e Munic\u00edpio de Uberl\u00e2ndia, o objetivo principal do projeto \u00e9 reconhecer empresas e organiza\u00e7\u00f5es da sociedade civil que adotam pr\u00e1ticas socioambientais em benef\u00edcio da cidade de Uberl\u00e2ndia.<\/p>\n\n\n\n<p id=\"viewer-6dvfz1010\">Para garantir mais agilidade, conforto e seguran\u00e7a aos participantes, o novo formato do programa permite que as inscri\u00e7\u00f5es sejam feitas durante todo o ano de forma online, por meio de um formul\u00e1rio dispon\u00edvel no site <a href=\"http:\/\/empresacidada.cdludi.org.br\/\" target=\"_blank\" rel=\"noreferrer noopener\">empresacidada.cdludi.org.br<\/a>. Pela plataforma tamb\u00e9m \u00e9 poss\u00edvel acompanhar o status de aprova\u00e7\u00e3o dos projetos e solicitar a renova\u00e7\u00e3o da certifica\u00e7\u00e3o anual, caso as a\u00e7\u00f5es da empresa permane\u00e7am ativas.<\/p>\n\n\n\n<p id=\"viewer-u6ch01016\">Todos os projetos inscritos passam por uma etapa de valida\u00e7\u00e3o e, ap\u00f3s aprovados, ser\u00e3o aptos a receber o certificado, que \u00e9 emitido diretamente pelo site. Vale destacar que as boas pr\u00e1ticas aprovadas ser\u00e3o publicadas no site da CDL Uberl\u00e2ndia para inspirar novos movimentos sociais.<\/p>\n\n\n\n<p id=\"viewer-2l9l31020\">Em caso de d\u00favidas ou necessidade de orienta\u00e7\u00e3o, os proponentes podem contar com o suporte de uma comiss\u00e3o composta por profissionais volunt\u00e1rios com not\u00f3rio saber em desenvolvimento sustent\u00e1vel.<\/p>\n\n\n\n<p id=\"viewer-b4m8j1024\">Outra novidade desta edi\u00e7\u00e3o \u00e9 que as a\u00e7\u00f5es sociais dever\u00e3o estar em conson\u00e2ncia com os 17 Objetivos Desenvolvimento Sustent\u00e1vel da ONU (ODS). S\u00e3o eles: sa\u00fade e bem-estar; educa\u00e7\u00e3o de qualidade; igualdade de g\u00eanero; \u00e1gua pot\u00e1vel e saneamento; energia acess\u00edvel e limpa; trabalho decente e crescimento econ\u00f4mico; ind\u00fastria, inova\u00e7\u00e3o e infraestrutura; redu\u00e7\u00e3o das desigualdades; cidades e comunidades sustent\u00e1veis; consumo e produ\u00e7\u00e3o respons\u00e1veis; vida na \u00e1gua; vida terrestre; paz, justi\u00e7a e institui\u00e7\u00f5es eficazes; parcerias e meios de implementa\u00e7\u00e3o e a\u00e7\u00f5es contra a mudan\u00e7a global do clima. Conhe\u00e7a mais sobre esse apelo global da ONU <a href=\"https:\/\/brasil.un.org\/pt-br\/sdgs\" target=\"_blank\" rel=\"noreferrer noopener\"><strong>aqui<\/strong><\/a><strong>.<\/strong><\/p>\n\n\n\n<p id=\"viewer-neupz1030\">\u201cEssa nova edi\u00e7\u00e3o fomenta o aumento de a\u00e7\u00f5es e boas pr\u00e1ticas inscritas, dando maior visibilidade aos projetos e tornando-os acess\u00edveis a um p\u00fablico mais amplo. Isso incentiva novas parcerias, voluntariados e solu\u00e7\u00f5es para os desafios da cidade. As empresas e institui\u00e7\u00f5es tamb\u00e9m podem utilizar o selo para fortalecer sua imagem e reputa\u00e7\u00e3o no mercado\u201d, apontou a superintendente da CDL, L\u00e9cia de Queiroz.<\/p>\n\n\n\n<p id=\"viewer-lm2i71034\">Ao reconhecer e divulgar iniciativas sustent\u00e1veis, a CDL contribui para a constru\u00e7\u00e3o de uma cidade mais justa, sustent\u00e1vel e comprometida com o bem-estar da comunidade. Essa jornada, que come\u00e7ou em 2001, promete um futuro ainda mais promissor, com cada vez mais empresas e organiza\u00e7\u00f5es unidas em prol de um desenvolvimento mais humano e respons\u00e1vel.<\/p>\n\n\n\n<p id=\"viewer-obosj1038\"><a target=\"_blank\" href=\"https:\/\/empresacidada.cdludi.org.br\/b2c\/loja\/1984\/home\/\" rel=\"noreferrer noopener\"><strong>Inscreva-se<\/strong><\/a> e fa\u00e7a parte dessa rede que transforma a cidade!<\/p>\n","protected":false},"excerpt":{"rendered":"<p>Conduzido pela CDL, Funda\u00e7\u00e3o CDL, C\u00e2mara Municipal e Munic\u00edpio de Uberl\u00e2ndia, o objetivo principal do projeto \u00e9 reconhecer empresas e organiza\u00e7\u00f5es da sociedade civil que adotam pr\u00e1ticas socioambientais em benef\u00edcio<\/p>\n","protected":false},"author":1,"featured_media":544,"comment_status":"open","ping_status":"open","sticky":false,"template":"","format":"standard","meta":{"footnotes":""},"categories":[1],"tags":[],"class_list":["post-543","post","type-post","status-publish","format-standard","has-post-thumbnail","hentry","category-noticias"],"_links":{"self":[{"href":"https:\/\/revistahubclub.com.br\/portal\/wp-json\/wp\/v2\/posts\/543","targetHints":{"allow":["GET"]}}],"collection":[{"href":"https:\/\/revistahubclub.com.br\/portal\/wp-json\/wp\/v2\/posts"}],"about":[{"href":"https:\/\/revistahubclub.com.br\/portal\/wp-json\/wp\/v2\/types\/post"}],"author":[{"embeddable":true,"href":"https:\/\/revistahubclub.com.br\/portal\/wp-json\/wp\/v2\/users\/1"}],"replies":[{"embeddable":true,"href":"https:\/\/revistahubclub.com.br\/portal\/wp-json\/wp\/v2\/comments?post=543"}],"version-history":[{"count":1,"href":"https:\/\/revistahubclub.com.br\/portal\/wp-json\/wp\/v2\/posts\/543\/revisions"}],"predecessor-version":[{"id":545,"href":"https:\/\/revistahubclub.com.br\/portal\/wp-json\/wp\/v2\/posts\/543\/revisions\/545"}],"wp:featuredmedia":[{"embeddable":true,"href":"https:\/\/revistahubclub.com.br\/portal\/wp-json\/wp\/v2\/media\/544"}],"wp:attachment":[{"href":"https:\/\/revistahubclub.com.br\/portal\/wp-json\/wp\/v2\/media?parent=543"}],"wp:term":[{"taxonomy":"category","embeddable":true,"href":"https:\/\/revistahubclub.com.br\/portal\/wp-json\/wp\/v2\/categories?post=543"},{"taxonomy":"post_tag","embeddable":true,"href":"https:\/\/revistahubclub.com.br\/portal\/wp-json\/wp\/v2\/tags?post=543"}],"curies":[{"name":"wp","href":"https:\/\/api.w.org\/{rel}","templated":true}]}}