{"id":5434,"date":"2022-12-15T13:58:00","date_gmt":"2022-12-15T16:58:00","guid":{"rendered":"https:\/\/revistahubclub.com.br\/portal\/?p=5434"},"modified":"2024-12-18T13:58:36","modified_gmt":"2024-12-18T16:58:36","slug":"janelas-encantadas-traz-programacao-especial-de-natal-nesta-sexta-feira-16-e-sabado-17","status":"publish","type":"post","link":"https:\/\/revistahubclub.com.br\/portal\/2022\/12\/15\/janelas-encantadas-traz-programacao-especial-de-natal-nesta-sexta-feira-16-e-sabado-17\/","title":{"rendered":"Janelas Encantadas traz programa\u00e7\u00e3o especial de Natal nesta sexta-feira (16) e s\u00e1bado (17)"},"content":{"rendered":"\n<p id=\"viewer-foo\"><em>Tradicional evento ocorrer\u00e1 na fachada da Escola Estadual de Uberl\u00e2ndia (Museu). Al\u00e9m da apresenta\u00e7\u00e3o do coral, haver\u00e1 cascata de luzes e presen\u00e7a do Papai Noel com as noeletes.<\/em><\/p>\n\n\n\n<p id=\"viewer-a91ri\"><em>*Divulga\u00e7\u00e3o Prefeitura de Uberl\u00e2ndia<\/em><\/p>\n\n\n\n<p id=\"viewer-7pfhf\"><em>( Secretaria de Governo e Comunica\u00e7\u00e3o \/ PMU )<\/em><\/p>\n\n\n\n<p id=\"viewer-fksha\">O mais tradicional espet\u00e1culo de Natal de Uberl\u00e2ndia acontecer\u00e1 nesta sexta (16) e s\u00e1bado (17), presenteando a popula\u00e7\u00e3o com m\u00fasicas, decora\u00e7\u00e3o e muita emo\u00e7\u00e3o. O Janelas Encantadas \u00e9 uma iniciativa apoiada pela Prefeitura de Uberl\u00e2ndia, por meio da Secretaria Municipal de Cultura e Turismo, com realiza\u00e7\u00e3o das empresas parceiras Band Tri\u00e2ngulo, Uberl\u00e2ndia Refresco e Coca-Cola.<\/p>\n\n\n\n<p id=\"viewer-ddm2j\">Com uma bel\u00edssima decora\u00e7\u00e3o de Natal, o evento come\u00e7ar\u00e1 \u00e0s 19h, nos dois dias, na fachada da Escola Estadual de Uberl\u00e2ndia (Museu). Haver\u00e1 apresenta\u00e7\u00e3o do Coral Janelas Encantadas com m\u00fasicas natalinas, show de ilumina\u00e7\u00e3o com cascata de luzes e presen\u00e7a do Papai Noel com as Noeletes. No s\u00e1bado, a programa\u00e7\u00e3o ter\u00e1 ainda a emocionante chegada da Caravana da Coca-Cola.<\/p>\n\n\n\n<p id=\"viewer-6nmj\"><strong>Papai Noel na Pra\u00e7a Adolfo Fonseca<\/strong><\/p>\n\n\n\n<p id=\"viewer-5rrob\">A pra\u00e7a Adolfo Fonseca, que fica em frente \u00e0 escola, tamb\u00e9m est\u00e1 com ilumina\u00e7\u00e3o especial de Natal. Entre os dias 14 e 18, a popula\u00e7\u00e3o poder\u00e1 apreciar e visitar o estande do Papai Noel no local, para tirar fotos e alegrar toda a todos com a magia do Natal. A visita\u00e7\u00e3o estar\u00e1 dispon\u00edvel a partir das 19h.<\/p>\n\n\n\n<p id=\"viewer-6hhnt\"><strong>Prestigie!<\/strong><\/p>\n\n\n\n<p id=\"viewer-cs69k\">O qu\u00ea: Espet\u00e1culo Janelas Encantadas<\/p>\n\n\n\n<p id=\"viewer-2t3g7\">Quando: Sexta (16) e s\u00e1bado (17)<\/p>\n\n\n\n<p id=\"viewer-97hq2\">Hor\u00e1rio: das 19h \u00e0s 22h.<\/p>\n\n\n\n<p id=\"viewer-eqbfi\">Onde: Escola Estadual de Uberl\u00e2ndia (Museu), em frente \u00e0 pra\u00e7a Adolfo Fonseca<\/p>\n\n\n\n<p id=\"viewer-8gsur\">Evento gratuito.<\/p>\n","protected":false},"excerpt":{"rendered":"<p>Tradicional evento ocorrer\u00e1 na fachada da Escola Estadual de Uberl\u00e2ndia (Museu). Al\u00e9m da apresenta\u00e7\u00e3o do coral, haver\u00e1 cascata de luzes e presen\u00e7a do Papai Noel com as noeletes. *Divulga\u00e7\u00e3o Prefeitura<\/p>\n","protected":false},"author":1,"featured_media":5418,"comment_status":"open","ping_status":"open","sticky":false,"template":"","format":"standard","meta":{"footnotes":""},"categories":[1],"tags":[],"class_list":["post-5434","post","type-post","status-publish","format-standard","has-post-thumbnail","hentry","category-noticias"],"_links":{"self":[{"href":"https:\/\/revistahubclub.com.br\/portal\/wp-json\/wp\/v2\/posts\/5434","targetHints":{"allow":["GET"]}}],"collection":[{"href":"https:\/\/revistahubclub.com.br\/portal\/wp-json\/wp\/v2\/posts"}],"about":[{"href":"https:\/\/revistahubclub.com.br\/portal\/wp-json\/wp\/v2\/types\/post"}],"author":[{"embeddable":true,"href":"https:\/\/revistahubclub.com.br\/portal\/wp-json\/wp\/v2\/users\/1"}],"replies":[{"embeddable":true,"href":"https:\/\/revistahubclub.com.br\/portal\/wp-json\/wp\/v2\/comments?post=5434"}],"version-history":[{"count":1,"href":"https:\/\/revistahubclub.com.br\/portal\/wp-json\/wp\/v2\/posts\/5434\/revisions"}],"predecessor-version":[{"id":5435,"href":"https:\/\/revistahubclub.com.br\/portal\/wp-json\/wp\/v2\/posts\/5434\/revisions\/5435"}],"wp:featuredmedia":[{"embeddable":true,"href":"https:\/\/revistahubclub.com.br\/portal\/wp-json\/wp\/v2\/media\/5418"}],"wp:attachment":[{"href":"https:\/\/revistahubclub.com.br\/portal\/wp-json\/wp\/v2\/media?parent=5434"}],"wp:term":[{"taxonomy":"category","embeddable":true,"href":"https:\/\/revistahubclub.com.br\/portal\/wp-json\/wp\/v2\/categories?post=5434"},{"taxonomy":"post_tag","embeddable":true,"href":"https:\/\/revistahubclub.com.br\/portal\/wp-json\/wp\/v2\/tags?post=5434"}],"curies":[{"name":"wp","href":"https:\/\/api.w.org\/{rel}","templated":true}]}}