{"id":5448,"date":"2022-12-13T14:00:00","date_gmt":"2022-12-13T17:00:00","guid":{"rendered":"https:\/\/revistahubclub.com.br\/portal\/?p=5448"},"modified":"2024-12-18T14:01:12","modified_gmt":"2024-12-18T17:01:12","slug":"mostra-de-arte-de-tiradentes-abre-as-portas-ao-publico","status":"publish","type":"post","link":"https:\/\/revistahubclub.com.br\/portal\/2022\/12\/13\/mostra-de-arte-de-tiradentes-abre-as-portas-ao-publico\/","title":{"rendered":"Mostra de Arte de Tiradentes abre as portas ao p\u00fablico"},"content":{"rendered":"\n<p id=\"viewer-foo\"><em>Esta \u00e9 a primeira mostra de arte mineira contempor\u00e2nea da cidade.<\/em><\/p>\n\n\n\n<p id=\"viewer-1k6i2\"><em>*Divulga\u00e7\u00e3o assessoria<\/em><\/p>\n\n\n\n<p id=\"viewer-7mjf7\"><em>( Fot\u00f3grafo: Bennet )<\/em><\/p>\n\n\n\n<p id=\"viewer-4o06c\">Foi aberto ao p\u00fablico o mais novo espa\u00e7o cultural de Tiradentes-MG, MARTIR \u2013 Mostra de Arte de Tiradentes, um local totalmente dedicado \u00e0 arte contempor\u00e2nea mineira e que faz parte do Instituto Tragaluz. S\u00e3o mais de 100 obras de 1970 at\u00e9 os dias de hoje que possibilitar\u00e3o \u00e0 mostra aumentar a visibilidade da arte contempor\u00e2nea mineira, bem como transform\u00e1-la em um espa\u00e7o inclusivo. Uma cole\u00e7\u00e3o exclusiva doada por Tadeu Bandeira. O local vai funcionar \u00e0s quintas-feiras, das 10h \u00e0s 17h, sextas-feiras, das 10h \u00e0s 22h e, aos s\u00e1bados, das 10h \u00e0s 22h.<\/p>\n\n\n\n<p id=\"viewer-dkr8h\">O espa\u00e7o, um im\u00f3vel centen\u00e1rio, cuidadosamente restaurado, localizado no quarteir\u00e3o mais charmoso da tradicional Rua Direita, passa a abrigar um amplo acervo de obras de arte culturais, telas e exposi\u00e7\u00f5es que apresentam diversos artistas contempor\u00e2neos.<\/p>\n\n\n\n<p id=\"viewer-7ocjd\">As obras s\u00e3o de: Adriane Gallinari, \u00c2ngelo Marzano, Ana Horta, Arlindo Daibert, Cao Guimar\u00e3es, Carlos Bracher, Cristiano Renn\u00f3, Daniel Bilac, Eduardo Resende, Fani Bracher, Fernando Cardoso, Fernando Lucchesi, Isaura Pena, Jorge Fonseca, Jo\u00e3o Castilho, Jos\u00e9 Alberto Nemer, Jos\u00e9 Bento, L\u00e9o Brizola, Luiz Fl\u00e1vio Silva, Marco Paulo Rolla, Marcos Coelho, Benjamin, Maril\u00e1 Dardot, M\u00e1rio Azevedo, Marta Neves, M\u00f4nica Sartori, Nello Nuno, Paulo Nazareth, Pedro David, Pedro Motta, Pedro Neves, Ricardo Homem, Roberto Beth\u00f4nico, Rodrigo Mogiz.<\/p>\n\n\n\n<figure class=\"wp-block-image\"><img loading=\"lazy\" decoding=\"async\" width=\"740\" height=\"520\" src=\"https:\/\/revistahubclub.com.br\/portal\/wp-content\/uploads\/2024\/12\/cf07ad_31ace30e3d914e7da0a9baf7e3ee6e8cmv2.jpg\" alt=\"\" class=\"wp-image-5453\" srcset=\"https:\/\/revistahubclub.com.br\/portal\/wp-content\/uploads\/2024\/12\/cf07ad_31ace30e3d914e7da0a9baf7e3ee6e8cmv2.jpg 740w, https:\/\/revistahubclub.com.br\/portal\/wp-content\/uploads\/2024\/12\/cf07ad_31ace30e3d914e7da0a9baf7e3ee6e8cmv2-300x211.jpg 300w\" sizes=\"auto, (max-width: 740px) 100vw, 740px\" \/><\/figure>\n\n\n\n<p id=\"viewer-6t8in\"><em>( Fot\u00f3grafo: Bennet )<\/em><\/p>\n\n\n\n<p id=\"viewer-avntf\"><strong>Solenidade de abertura<\/strong><\/p>\n\n\n\n<p id=\"viewer-1ogmb\">MARTIR foi inaugurado oficialmente no dia 27 de novembro, em um evento para convidados. O prefeito de Tiradentes-MG, senhor Nilzio Barbosa, foi quem deu as boas-vindas aos presentes. \u201c\u00c9 uma grande honra entregar a nossa cidade mais esse espa\u00e7o cultural. Em nome da C\u00e2mara Municipal e de toda comunidade, quero agradecer ao Instituto Tragaluz por esse presente. Me sinto muito honrado com esse espa\u00e7o e com todo o trabalho que o Instituto est\u00e1 fazendo por nossa cidade\u201d, afirmou.<\/p>\n\n\n\n<p id=\"viewer-c8r9\">Mais de 100 convidados compareceram ao evento que ap\u00f3s o corte da fita, seguiram para um almo\u00e7o Tragaluz Restaurante Casa, um dos mais tradicionais da cidade e que tamb\u00e9m faz parte do Instituto.<\/p>\n\n\n\n<figure class=\"wp-block-image\"><img loading=\"lazy\" decoding=\"async\" width=\"740\" height=\"495\" src=\"https:\/\/revistahubclub.com.br\/portal\/wp-content\/uploads\/2024\/12\/cf07ad_2b805b20f6ca4db490dc1a4476d3c353mv2.jpg\" alt=\"\" class=\"wp-image-5454\" srcset=\"https:\/\/revistahubclub.com.br\/portal\/wp-content\/uploads\/2024\/12\/cf07ad_2b805b20f6ca4db490dc1a4476d3c353mv2.jpg 740w, https:\/\/revistahubclub.com.br\/portal\/wp-content\/uploads\/2024\/12\/cf07ad_2b805b20f6ca4db490dc1a4476d3c353mv2-300x201.jpg 300w\" sizes=\"auto, (max-width: 740px) 100vw, 740px\" \/><\/figure>\n\n\n\n<p id=\"viewer-ahrj9\"><em>( Fot\u00f3grafo: Bennet )<\/em><\/p>\n\n\n\n<p id=\"viewer-dbp9d\"><em>\u201c\u00c9 uma alegria muito grande estar nesta cidade t\u00e3o bonita. Quero saudar Tadeu Bandeira que teve a honra de compartilhar conosco um acervo que acumulou durante anos. A cultura \u00e9 feita de encontros e Tiradentes \u00e9 uma cidade repleta de encontros. A proposta do Instituto Tragaluz \u00e9 conectada com essa voca\u00e7\u00e3o de Tiradentes para entrela\u00e7ar a mem\u00f3ria e conectar pessoas, e ainda, pensar a cultura no sentido mais amplo. Essa mostra de artes quer aproximar as coisas e fazer as pessoas pensarem e sentirem de um modo renovado\u201d, discorreu Joel Padula, presidente do Conselho de Administra\u00e7\u00e3o do Instituto e diretor cultural e de programa\u00e7\u00f5es do SESC de S\u00e3o Paulo que complementou: \u201cNuma cidade, cujo patrim\u00f4nio cultural est\u00e1 t\u00e3o ligado ao nosso barroco, a ideia \u00e9 jogar luz sobre uma produ\u00e7\u00e3o art\u00edstica mais recente, os artistas modernos e contempor\u00e2neos. Afinal a cultura \u00e9 repleta de tempos diferentes que se tornam mais ricos e mais instigantes quando dialogam entre si. O passado est\u00e1 sempre cutucando o presente e o presente ajuda a reinventar o passado\u201d.<\/em><\/p>\n\n\n\n<p id=\"viewer-a8hlt\">Tadeu Bandeira, diretor cultural do Instituto \u00e9 um colecionador de obras de artes e o respons\u00e1vel pela doa\u00e7\u00e3o deste acervo. \u201cVivo um momento de grande alegria em poder ajudar esse projeto. Nunca havia imaginado essa parceria t\u00e3o maravilhosa. Sempre pensei em dar um destino \u00e0s minhas obras, n\u00e3o acho justo manter tudo fechado em nossas casas. \u00c9 essencial dar oportunidade ao p\u00fablico de conhecer o que colecionamos ao longo dos anos. Quero ent\u00e3o, deixar um legado para essa cidade t\u00e3o linda, em uma das ruas mais charmosas do pa\u00eds\u201d, comenta.<\/p>\n\n\n\n<figure class=\"wp-block-image\"><img loading=\"lazy\" decoding=\"async\" width=\"740\" height=\"509\" src=\"https:\/\/revistahubclub.com.br\/portal\/wp-content\/uploads\/2024\/12\/cf07ad_636de7c2f6694c38a78a79b6af25e61amv2.jpg\" alt=\"\" class=\"wp-image-5450\" srcset=\"https:\/\/revistahubclub.com.br\/portal\/wp-content\/uploads\/2024\/12\/cf07ad_636de7c2f6694c38a78a79b6af25e61amv2.jpg 740w, https:\/\/revistahubclub.com.br\/portal\/wp-content\/uploads\/2024\/12\/cf07ad_636de7c2f6694c38a78a79b6af25e61amv2-300x206.jpg 300w\" sizes=\"auto, (max-width: 740px) 100vw, 740px\" \/><\/figure>\n\n\n\n<p id=\"viewer-75tp3\"><em>( Fot\u00f3grafo: Bennet )<\/em><\/p>\n\n\n\n<p id=\"viewer-g3an\">Alexandre Lanna Resende, diretor de Rela\u00e7\u00f5es Institucionais do Instituto tamb\u00e9m discorreu algumas palavras: \u201cUm grande orgulho em poder materializar esse sonho que iniciou h\u00e1 muito tempo. \u00c9 muito importante entender que um sonho n\u00e3o perseguido \u00e9 um sonho que n\u00e3o se materializa. Esse sempre foi perseguido e hoje, concretizou. \u00c9 a nossa vontade e interesse compartilhar essas maravilhas colhidas e escolhidas com todos que passarem por aqui\u201d.<\/p>\n\n\n\n<p id=\"viewer-4o12l\">Pedro Navarro, diretor executivo do Instituto Tragaluz finalizou a solenidade enfatizando: \u201cVida longa ao MARTIR!\u201d.<\/p>\n\n\n\n<p id=\"viewer-2u3df\"><strong>Tadeu Bandeira<\/strong><\/p>\n\n\n\n<p id=\"viewer-5tiif\">Um colecionador que se apaixonou pela arte muito cedo. \u201cDesde os tempos da faculdade eu comecei a comprar meus quadros. Depois comprava em leil\u00f5es de arte. Visitando museus ao redor do mundo, percebi que os mais importantes t\u00eam seu acervo formado em grande parte por doa\u00e7\u00f5es. Acho fundamental ter o desprendimento de proporcionar ao p\u00fablico uma vis\u00e3o de tudo que guardei ao longo dos anos\u201d, discorre.<\/p>\n\n\n\n<figure class=\"wp-block-image\"><img loading=\"lazy\" decoding=\"async\" width=\"740\" height=\"473\" src=\"https:\/\/revistahubclub.com.br\/portal\/wp-content\/uploads\/2024\/12\/cf07ad_cc7cc2ba0eec4fcf932351b660163c6amv2.jpg\" alt=\"\" class=\"wp-image-5451\" srcset=\"https:\/\/revistahubclub.com.br\/portal\/wp-content\/uploads\/2024\/12\/cf07ad_cc7cc2ba0eec4fcf932351b660163c6amv2.jpg 740w, https:\/\/revistahubclub.com.br\/portal\/wp-content\/uploads\/2024\/12\/cf07ad_cc7cc2ba0eec4fcf932351b660163c6amv2-300x192.jpg 300w\" sizes=\"auto, (max-width: 740px) 100vw, 740px\" \/><\/figure>\n\n\n\n<p id=\"viewer-bdr85\"><em>( Fot\u00f3grafo: Bennet )<\/em><\/p>\n\n\n\n<p id=\"viewer-71bae\"><strong>Instituto Tragaluz<\/strong><\/p>\n\n\n\n<p id=\"viewer-v9us\">Os propriet\u00e1rios do Tragaluz Restaurante Casa, Pedro e Patr\u00edcia Navarro, fundaram o Instituto Tragaluz juntamente com Alexandre Lanna Resende, Renata Resende, Tadeu Bandeira, Joel e Jane Padula. O MARTIR \u00e9 um dos bra\u00e7os desse Instituto.<\/p>\n\n\n\n<p id=\"viewer-e6ubr\">O Instituto tem uma frente ligada ao combate \u00e0 fome e \u00e0 desnutri\u00e7\u00e3o na primeira inf\u00e2ncia. \u201cA primeira inf\u00e2ncia \u00e9 o fant\u00e1stico per\u00edodo compreendido da gesta\u00e7\u00e3o aos seis anos de vida. Nessa fase ocorre o desenvolvimento da arquitetura cerebral e a aprendizagem de habilidades fundamentais para o sucesso de uma crian\u00e7a e de um cidad\u00e3o respons\u00e1vel. Al\u00e9m disso, objetivamos retirar Tiradentes do Mapa da Fome do Brasil\u201d, explica Pedro.<\/p>\n\n\n\n<p id=\"viewer-7o59\">Inicialmente, o Instituto atua em Tiradentes, mas os planos s\u00e3o de expandir para outros munic\u00edpios do Campo das Vertentes.<\/p>\n\n\n\n<p id=\"viewer-7hcpj\">O Instituto \u00e9 formado por um conselho de administra\u00e7\u00e3o que engloba soci\u00f3logo, professor, advogados, m\u00e9dico e fonoaudi\u00f3logo, al\u00e9m de contar com um n\u00famero significativo de volunt\u00e1rios.<\/p>\n\n\n\n<p id=\"viewer-6kjju\">Pedro refor\u00e7a a import\u00e2ncia de atuar na localidade onde est\u00e1 inserido: \u201c\u00c9 um exerc\u00edcio de cidadania. Tiradentes nos abra\u00e7ou. Queremos continuar contribuindo com as pessoas e cidade que amamos\u201d.<\/p>\n\n\n\n<figure class=\"wp-block-image\"><img loading=\"lazy\" decoding=\"async\" width=\"740\" height=\"493\" src=\"https:\/\/revistahubclub.com.br\/portal\/wp-content\/uploads\/2024\/12\/cf07ad_963f8619f3f640609ac4dec248ac8901mv2.jpg\" alt=\"\" class=\"wp-image-5452\" srcset=\"https:\/\/revistahubclub.com.br\/portal\/wp-content\/uploads\/2024\/12\/cf07ad_963f8619f3f640609ac4dec248ac8901mv2.jpg 740w, https:\/\/revistahubclub.com.br\/portal\/wp-content\/uploads\/2024\/12\/cf07ad_963f8619f3f640609ac4dec248ac8901mv2-300x200.jpg 300w\" sizes=\"auto, (max-width: 740px) 100vw, 740px\" \/><\/figure>\n\n\n\n<p id=\"viewer-2p88g\"><em>( Fot\u00f3grafo: Bennet )<\/em><\/p>\n\n\n\n<p id=\"viewer-4lcug\"><strong>CasaNutri \/ Combate \u00e0 Fome: <\/strong>um centro de recupera\u00e7\u00e3o e educa\u00e7\u00e3o nutricional de base comunit\u00e1ria criado com o objetivo de proteger as crian\u00e7as da desnutri\u00e7\u00e3o na primeira inf\u00e2ncia. Esse dist\u00farbio nutricional pode ocasionar consequ\u00eancias irrevers\u00edveis, impossibilitando que crian\u00e7as desempenhem em sua totalidade as suas capacidades f\u00edsicas e intelectuais. Atuam em Tiradentes com objetivo de recuperar crian\u00e7as com desnutri\u00e7\u00e3o moderada\/grave, apoiando as suas fam\u00edlias. Atendimentos cl\u00ednicos multiprofissionais mensais, al\u00e9m de visitas domiciliares semanais \u00e0s crian\u00e7as e fam\u00edlias. Distribuem ovos caipiras como complemento nutricional \u00e0s crian\u00e7as desnutridas e seus familiares.<\/p>\n\n\n\n<p id=\"viewer-89isn\">Diretoria do Instituto Tragaluz<\/p>\n\n\n\n<p id=\"viewer-4mgur\">Tadeu Bandeira &#8211; Diretor Cultural<\/p>\n\n\n\n<p id=\"viewer-6nc07\">Pedro Daibert de Navarro &#8211; Diretor Executivo<\/p>\n\n\n\n<p id=\"viewer-f9oaj\">Alexandre Lanna Resende &#8211; Diretor de Rela\u00e7\u00f5es Institucionais<\/p>\n\n\n\n<p id=\"viewer-16bcv\">Joel Naimayer Padula \u2013 Presidente do Conselho de Administra\u00e7\u00e3o<\/p>\n\n\n\n<p id=\"viewer-eiul9\"><strong>SERVI\u00c7O:<\/strong><\/p>\n\n\n\n<p id=\"viewer-b1978\">Entrada simb\u00f3lica: R$10 &#8211; isen\u00e7\u00e3o para estudantes e tiradentinos.<\/p>\n\n\n\n<p id=\"viewer-cgo8r\">Hor\u00e1rio de funcionamento:<\/p>\n\n\n\n<p id=\"viewer-7ib0s\">De quinta a s\u00e1bado, das 10h \u00e0s 17h<\/p>\n","protected":false},"excerpt":{"rendered":"<p>Esta \u00e9 a primeira mostra de arte mineira contempor\u00e2nea da cidade. *Divulga\u00e7\u00e3o assessoria ( Fot\u00f3grafo: Bennet ) Foi aberto ao p\u00fablico o mais novo espa\u00e7o cultural de Tiradentes-MG, MARTIR \u2013<\/p>\n","protected":false},"author":1,"featured_media":5449,"comment_status":"open","ping_status":"open","sticky":false,"template":"","format":"standard","meta":{"footnotes":""},"categories":[1],"tags":[],"class_list":["post-5448","post","type-post","status-publish","format-standard","has-post-thumbnail","hentry","category-noticias"],"_links":{"self":[{"href":"https:\/\/revistahubclub.com.br\/portal\/wp-json\/wp\/v2\/posts\/5448","targetHints":{"allow":["GET"]}}],"collection":[{"href":"https:\/\/revistahubclub.com.br\/portal\/wp-json\/wp\/v2\/posts"}],"about":[{"href":"https:\/\/revistahubclub.com.br\/portal\/wp-json\/wp\/v2\/types\/post"}],"author":[{"embeddable":true,"href":"https:\/\/revistahubclub.com.br\/portal\/wp-json\/wp\/v2\/users\/1"}],"replies":[{"embeddable":true,"href":"https:\/\/revistahubclub.com.br\/portal\/wp-json\/wp\/v2\/comments?post=5448"}],"version-history":[{"count":1,"href":"https:\/\/revistahubclub.com.br\/portal\/wp-json\/wp\/v2\/posts\/5448\/revisions"}],"predecessor-version":[{"id":5455,"href":"https:\/\/revistahubclub.com.br\/portal\/wp-json\/wp\/v2\/posts\/5448\/revisions\/5455"}],"wp:featuredmedia":[{"embeddable":true,"href":"https:\/\/revistahubclub.com.br\/portal\/wp-json\/wp\/v2\/media\/5449"}],"wp:attachment":[{"href":"https:\/\/revistahubclub.com.br\/portal\/wp-json\/wp\/v2\/media?parent=5448"}],"wp:term":[{"taxonomy":"category","embeddable":true,"href":"https:\/\/revistahubclub.com.br\/portal\/wp-json\/wp\/v2\/categories?post=5448"},{"taxonomy":"post_tag","embeddable":true,"href":"https:\/\/revistahubclub.com.br\/portal\/wp-json\/wp\/v2\/tags?post=5448"}],"curies":[{"name":"wp","href":"https:\/\/api.w.org\/{rel}","templated":true}]}}