{"id":5456,"date":"2022-12-13T14:01:00","date_gmt":"2022-12-13T17:01:00","guid":{"rendered":"https:\/\/revistahubclub.com.br\/portal\/?p=5456"},"modified":"2024-12-18T14:01:42","modified_gmt":"2024-12-18T17:01:42","slug":"comece-2023-se-qualificando-profissionalmente","status":"publish","type":"post","link":"https:\/\/revistahubclub.com.br\/portal\/2022\/12\/13\/comece-2023-se-qualificando-profissionalmente\/","title":{"rendered":"Comece 2023 se qualificando profissionalmente"},"content":{"rendered":"\n<p id=\"viewer-3e9og\"><em>Funda\u00e7\u00e3o CDL abre inscri\u00e7\u00f5es para cursos de qualifica\u00e7\u00e3o profissional<\/em><\/p>\n\n\n\n<p id=\"viewer-b8irf\">Com um novo ano, surgem novas expectativas e desejos de mudan\u00e7as de h\u00e1bitos, desafios e objetivos a serem cumpridos. Com o mercado de trabalho cada vez mais competitivo, \u00e9 importante ter um diferencial. Uma das maneiras de se destacar e estar sempre atualizado \u00e9 investir em \u00e1reas de conhecimento. Mas por que a qualifica\u00e7\u00e3o \u00e9 t\u00e3o importante? A superintendente da CDL, L\u00e9cia Queiroz explica que \u00e9 uma forma de estar atualizado no mercado de trabalho. \u201cOs aperfei\u00e7oamentos das compet\u00eancias t\u00e9cnicas e comportamentais s\u00e3o fundamentais para aumentar a empregabilidade dos profissionais, ou seja, a sua capacidade de conseguir uma vaga de emprego e, sobretudo, de se manter no emprego. Participar de cursos em diversas \u00e1reas e temas \u00e9 um diferencial para quem deseja alcan\u00e7ar seus objetivos pessoais e se realizar profissionalmente\u201d, enfatiza L\u00e9cia.<\/p>\n\n\n\n<p id=\"viewer-crgd5\">Por isso, para quem deseja come\u00e7ar bem 2023, a Funda\u00e7\u00e3o CDL Uberl\u00e2ndia j\u00e1 est\u00e1 com a programa\u00e7\u00e3o de cursos e inscri\u00e7\u00f5es abertas. Em janeiro ser\u00e3o oferecidos os cursos de \u201cPlanejamento or\u00e7ament\u00e1rio\u201d, \u201cMantendo o estoque em dia\u201d e \u201cAutoconhecimento e prop\u00f3sito: as chaves para o sucesso\u201d. J\u00e1 em fevereiro \u00e9 a vez de aprender sobre \u201cFlow \u2013 Skills para liderar\u201d, \u201cGest\u00e3o do tempo\u201d e \u201cExcel \u2013 B\u00e1sico ao Avan\u00e7ado\u201d.<\/p>\n\n\n\n<p id=\"viewer-1gg2j\">Confira a programa\u00e7\u00e3o:<\/p>\n\n\n\n<p id=\"viewer-24r19\">Curso: Planejamento Or\u00e7ament\u00e1rio Per\u00edodo: 09 a 11\/01\/2023. Hor\u00e1rio: 19h \u00e0s 22h Investimento: R$ 270,00 Instrutor: Cairo J\u00fanior. Carga hor\u00e1ria: 9h.<\/p>\n\n\n\n<p id=\"viewer-sqsk\">Mantendo o Estoque Em Dia Per\u00edodo: 16 a 18\/01\/2023. Hor\u00e1rio: 19h \u00e0s 22h Investimento: R$ 270,00 Instrutor: Jos\u00e9 Eduardo. Carga hor\u00e1ria: 9h. Autoconhecimento e prop\u00f3sito: As Chaves para o sucesso. Per\u00edodo: 23 a 25\/01\/2023. Hor\u00e1rio: 19h as 22h Investimento: R$ 270,00 Instrutor: Carol Pellegrino Carga hor\u00e1ria: 9h.<\/p>\n\n\n\n<p id=\"viewer-jm0a\">Curso: Flow \u2013 Skills Para Liderar Per\u00edodo: 06 a 08\/02\/2023. Hor\u00e1rio: 19h \u00e0s 22h Investimento: R$ 270,00 Instrutor: Karla Zardini Carga hor\u00e1ria: 9h. Gest\u00e3o Do Tempo Per\u00edodo: 13 a 15\/02\/23 Hor\u00e1rio: 19:00 as 22:00 horas Investimento: R$ 270,00 Instrutor: Karla Zardini Carga hor\u00e1ria: 9h. Excel \u2013 B\u00e1sico ao Avan\u00e7ado Per\u00edodo: 13 a 16\/02\/23 Hor\u00e1rio: 19h \u00e0s 22h Investimento: R$ 360,00 Instrutor: Fabiano Lemos Carga hor\u00e1ria: 12h.<\/p>\n\n\n\n<p id=\"viewer-chdbu\">Todas as informa\u00e7\u00f5es sobre o conte\u00fado est\u00e3o dispon\u00edveis no site cdludi.org.br. As aulas s\u00e3o ministradas na CDL Uberl\u00e2ndia \u2013 Av Belo Horizonte, 1290, bairro Osvaldo Rezende. Mais dados (34) 3239-3400.<\/p>\n","protected":false},"excerpt":{"rendered":"<p>Funda\u00e7\u00e3o CDL abre inscri\u00e7\u00f5es para cursos de qualifica\u00e7\u00e3o profissional Com um novo ano, surgem novas expectativas e desejos de mudan\u00e7as de h\u00e1bitos, desafios e objetivos a serem cumpridos. Com o<\/p>\n","protected":false},"author":1,"featured_media":5457,"comment_status":"open","ping_status":"open","sticky":false,"template":"","format":"standard","meta":{"footnotes":""},"categories":[1],"tags":[],"class_list":["post-5456","post","type-post","status-publish","format-standard","has-post-thumbnail","hentry","category-noticias"],"_links":{"self":[{"href":"https:\/\/revistahubclub.com.br\/portal\/wp-json\/wp\/v2\/posts\/5456","targetHints":{"allow":["GET"]}}],"collection":[{"href":"https:\/\/revistahubclub.com.br\/portal\/wp-json\/wp\/v2\/posts"}],"about":[{"href":"https:\/\/revistahubclub.com.br\/portal\/wp-json\/wp\/v2\/types\/post"}],"author":[{"embeddable":true,"href":"https:\/\/revistahubclub.com.br\/portal\/wp-json\/wp\/v2\/users\/1"}],"replies":[{"embeddable":true,"href":"https:\/\/revistahubclub.com.br\/portal\/wp-json\/wp\/v2\/comments?post=5456"}],"version-history":[{"count":1,"href":"https:\/\/revistahubclub.com.br\/portal\/wp-json\/wp\/v2\/posts\/5456\/revisions"}],"predecessor-version":[{"id":5458,"href":"https:\/\/revistahubclub.com.br\/portal\/wp-json\/wp\/v2\/posts\/5456\/revisions\/5458"}],"wp:featuredmedia":[{"embeddable":true,"href":"https:\/\/revistahubclub.com.br\/portal\/wp-json\/wp\/v2\/media\/5457"}],"wp:attachment":[{"href":"https:\/\/revistahubclub.com.br\/portal\/wp-json\/wp\/v2\/media?parent=5456"}],"wp:term":[{"taxonomy":"category","embeddable":true,"href":"https:\/\/revistahubclub.com.br\/portal\/wp-json\/wp\/v2\/categories?post=5456"},{"taxonomy":"post_tag","embeddable":true,"href":"https:\/\/revistahubclub.com.br\/portal\/wp-json\/wp\/v2\/tags?post=5456"}],"curies":[{"name":"wp","href":"https:\/\/api.w.org\/{rel}","templated":true}]}}