{"id":5466,"date":"2022-12-09T14:08:00","date_gmt":"2022-12-09T17:08:00","guid":{"rendered":"https:\/\/revistahubclub.com.br\/portal\/?p=5466"},"modified":"2024-12-18T14:09:35","modified_gmt":"2024-12-18T17:09:35","slug":"cdl-uberlandia-divulga-a-pretensao-de-horario-das-empresas-nas-semanas-que-antecedem-o-natal-e-o-ano","status":"publish","type":"post","link":"https:\/\/revistahubclub.com.br\/portal\/2022\/12\/09\/cdl-uberlandia-divulga-a-pretensao-de-horario-das-empresas-nas-semanas-que-antecedem-o-natal-e-o-ano\/","title":{"rendered":"CDL Uberl\u00e2ndia divulga a pretens\u00e3o de hor\u00e1rio das empresas nas semanas que antecedem o Natal e o Ano"},"content":{"rendered":"\n<p id=\"viewer-6b1dc\"><\/p>\n\n\n\n<p id=\"viewer-fos6k\">A CDL Uberl\u00e2ndia, ap\u00f3s levantamento com seus Associados, divulga a pretens\u00e3o dos hor\u00e1rios de funcionamento das empresas nas semanas que antecedem o Natal e o Ano Novo. Informa ainda que de acordo com a Cl\u00e1usula 11\u00ba e 12\u00ba da Conven\u00e7\u00e3o Coletiva 2022\/2023 firmada entre os Sindicatos Secua e Sindicom\u00e9rcio as empresas do Com\u00e9rcio Varejista de Bens e Servi\u00e7os, o trabalho nos feriados de 25 de dezembro de 2022, Natal e, 1\u00ba de janeiro de 2023, Ano Novo, n\u00e3o \u00e9 permitido.<\/p>\n\n\n\n<p id=\"viewer-4ub8k\">De acordo com o levantamento da CDL UDI, para as semanas de 12 a 17 de dezembro, 19 a 23 de dezembro e dias 24 e 31 de dezembro, as empresas pretendem seguir os seguintes hor\u00e1rios de funcionamento:<\/p>\n\n\n\n<p id=\"viewer-b83aq\">Semana de 12 a 17\/12: at\u00e9 as 19h;<\/p>\n\n\n\n<p id=\"viewer-6scd4\">Semana de 19 a 23\/12: at\u00e9 as 20h;<\/p>\n\n\n\n<p id=\"viewer-4n61r\">Dias 24 e 31 de dezembro: at\u00e9 as 18h;<\/p>\n\n\n\n<p id=\"viewer-6rosk\">Dia 25\/12: com\u00e9rcio fechado;<\/p>\n\n\n\n<p id=\"viewer-407cq\">Dia 1\u00ba\/1\/2023: com\u00e9rcio fechado.<\/p>\n\n\n\n<p id=\"viewer-2pm8o\">Com base nas delibera\u00e7\u00f5es acima, fica a crit\u00e9rio de cada empresa exercer suas atividades nos hor\u00e1rios que mais se adequarem nos dias que antecedem aos feriados de Natal e Ano Novo, desde que respeitadas as ressalvas apontadas e os protocolos sanit\u00e1rios municipais, nos termos da delibera\u00e7\u00e3o N\u00ba4 do Comit\u00ea de Enfrentamento ao Covid-19, a fim de garantir a sa\u00fade e seguran\u00e7a de funcion\u00e1rios e clientes.<\/p>\n","protected":false},"excerpt":{"rendered":"<p>A CDL Uberl\u00e2ndia, ap\u00f3s levantamento com seus Associados, divulga a pretens\u00e3o dos hor\u00e1rios de funcionamento das empresas nas semanas que antecedem o Natal e o Ano Novo. Informa ainda que<\/p>\n","protected":false},"author":1,"featured_media":5467,"comment_status":"open","ping_status":"open","sticky":false,"template":"","format":"standard","meta":{"footnotes":""},"categories":[1],"tags":[],"class_list":["post-5466","post","type-post","status-publish","format-standard","has-post-thumbnail","hentry","category-noticias"],"_links":{"self":[{"href":"https:\/\/revistahubclub.com.br\/portal\/wp-json\/wp\/v2\/posts\/5466","targetHints":{"allow":["GET"]}}],"collection":[{"href":"https:\/\/revistahubclub.com.br\/portal\/wp-json\/wp\/v2\/posts"}],"about":[{"href":"https:\/\/revistahubclub.com.br\/portal\/wp-json\/wp\/v2\/types\/post"}],"author":[{"embeddable":true,"href":"https:\/\/revistahubclub.com.br\/portal\/wp-json\/wp\/v2\/users\/1"}],"replies":[{"embeddable":true,"href":"https:\/\/revistahubclub.com.br\/portal\/wp-json\/wp\/v2\/comments?post=5466"}],"version-history":[{"count":1,"href":"https:\/\/revistahubclub.com.br\/portal\/wp-json\/wp\/v2\/posts\/5466\/revisions"}],"predecessor-version":[{"id":5468,"href":"https:\/\/revistahubclub.com.br\/portal\/wp-json\/wp\/v2\/posts\/5466\/revisions\/5468"}],"wp:featuredmedia":[{"embeddable":true,"href":"https:\/\/revistahubclub.com.br\/portal\/wp-json\/wp\/v2\/media\/5467"}],"wp:attachment":[{"href":"https:\/\/revistahubclub.com.br\/portal\/wp-json\/wp\/v2\/media?parent=5466"}],"wp:term":[{"taxonomy":"category","embeddable":true,"href":"https:\/\/revistahubclub.com.br\/portal\/wp-json\/wp\/v2\/categories?post=5466"},{"taxonomy":"post_tag","embeddable":true,"href":"https:\/\/revistahubclub.com.br\/portal\/wp-json\/wp\/v2\/tags?post=5466"}],"curies":[{"name":"wp","href":"https:\/\/api.w.org\/{rel}","templated":true}]}}