{"id":5481,"date":"2022-12-07T14:11:00","date_gmt":"2022-12-07T17:11:00","guid":{"rendered":"https:\/\/revistahubclub.com.br\/portal\/?p=5481"},"modified":"2024-12-18T14:11:55","modified_gmt":"2024-12-18T17:11:55","slug":"com-letras-de-criancas-e-adolescentes-projeto-dedo-de-verso-lanca-disco-nunca-esqueco-de-sonhar","status":"publish","type":"post","link":"https:\/\/revistahubclub.com.br\/portal\/2022\/12\/07\/com-letras-de-criancas-e-adolescentes-projeto-dedo-de-verso-lanca-disco-nunca-esqueco-de-sonhar\/","title":{"rendered":"Com letras de crian\u00e7as e adolescentes, projeto Dedo de Verso lan\u00e7a disco \u201cNunca esque\u00e7o de sonhar\u201d"},"content":{"rendered":"\n<p id=\"viewer-foo\"><em>\u00c1lbum estar\u00e1 dispon\u00edvel nas plataformas digitais de m\u00fasica a partir do dia 09\/12.<\/em><\/p>\n\n\n\n<p id=\"viewer-drtu2\">*Por Ciclo Assesoria de Comunica\u00e7\u00e3o<\/p>\n\n\n\n<p id=\"viewer-8i4nt\">\u201cNunca esque\u00e7o de sonhar\u201d \u00e9 o segundo disco do projeto Dedo de Verso, idealizado pelo m\u00fasico e escritor Enzo Banzo, com apoio do Instituto Algar por meio da Lei Estadual de Incentivo \u00e0 Cultura de Minas Gerais em parceria com Programa Transforma.<\/p>\n\n\n\n<p id=\"viewer-ou0f\">Em suas 20 faixas, o \u00e1lbum apresenta can\u00e7\u00f5es e textos criados coletivamente por crian\u00e7as e adolescentes de Uberl\u00e2ndia que participaram de oficinas semanais ao longo de 2021, ainda no formato remoto em decorr\u00eancia da pandemia.<\/p>\n\n\n\n<p id=\"viewer-64ibd\">Os alunos s\u00e3o os autores de todas as letras do disco, com m\u00fasica de Enzo Banzo, produ\u00e7\u00e3o musical de Carlim Ribeiro e interpreta\u00e7\u00e3o dos artistas convidados: Grupo EMCANTAR, Luiz Salgado e Kain\u00e3 Bragiola, al\u00e9m do pr\u00f3prio Banzo.<\/p>\n\n\n\n<blockquote class=\"wp-block-quote is-layout-flow wp-block-quote-is-layout-flow\">\n<p>\u201cS\u00e3o can\u00e7\u00f5es que surpreendem por seus achados po\u00e9ticos, l\u00edricos, profundos, l\u00fadicos e divertidos\u201d, conta Enzo Banzo.<\/p>\n<\/blockquote>\n\n\n\n<figure class=\"wp-block-image\"><img loading=\"lazy\" decoding=\"async\" width=\"740\" height=\"792\" src=\"https:\/\/revistahubclub.com.br\/portal\/wp-content\/uploads\/2024\/12\/cf07ad_d0393366fe65478f905f9b626cf62574mv2.jpg\" alt=\"\" class=\"wp-image-5484\" srcset=\"https:\/\/revistahubclub.com.br\/portal\/wp-content\/uploads\/2024\/12\/cf07ad_d0393366fe65478f905f9b626cf62574mv2.jpg 740w, https:\/\/revistahubclub.com.br\/portal\/wp-content\/uploads\/2024\/12\/cf07ad_d0393366fe65478f905f9b626cf62574mv2-280x300.jpg 280w\" sizes=\"auto, (max-width: 740px) 100vw, 740px\" \/><\/figure>\n\n\n\n<p id=\"viewer-1fq6e\"><em>( O arte-educador do Projeto Dedo de Verso, Rafael Michalichem, e a aluna Sarah Souza &#8211; Imagem de Divulga\u00e7\u00e3o )<\/em><\/p>\n\n\n\n<p id=\"viewer-fddck\">Para Luiz Salgado, m\u00fasico convidado, a proposta do Projeto do Dedo de Verso \u00e9 sempre muito especial. \u201cTenho certeza de que o p\u00fablico vai adorar o CD. Eu participei do primeiro disco, e \u00e9 uma alegria participar deste segundo tamb\u00e9m. \u00c9 um processo de produ\u00e7\u00e3o coletiva muito bonito\u201d, comenta Salgado.<\/p>\n\n\n\n<p id=\"viewer-c5jfj\"><strong>A emo\u00e7\u00e3o contagiante dos alunos<\/strong><\/p>\n\n\n\n<p id=\"viewer-f6rlj\">Ao todo, 100 crian\u00e7as e adolescentes participaram desta terceira edi\u00e7\u00e3o do projeto que trouxe a proposta de produ\u00e7\u00e3o do disco. Uma delas \u00e9 Sarah Souza de Jesus, de nove anos, que mora no bairro Tubalina.<\/p>\n\n\n\n<p id=\"viewer-180nu\">Durante as oficinas conduzidas pelos arte-educadores, Rafael Michalichem e \u00c9rika Moraes, que resultaram no disco \u201cNunca Esque\u00e7o de Sonhar\u201d, Sarah teve a oportunidade de participar tamb\u00e9m de workshops com escritores e experimentar o uso da palavra de variadas formas, entendendo que a Literatura \u00e9 uma linguagem art\u00edstica universal que pode ser exercida por qualquer um.<\/p>\n\n\n\n<blockquote class=\"wp-block-quote is-layout-flow wp-block-quote-is-layout-flow\">\n<p>\u201cO que eu mais gostava era de contar e escrever hist\u00f3rias, e das brincadeiras que o tio Rafa e a tia \u00c9rika faziam. Eu estou muito ansiosa pra ouvir o disco\u201d, diz a garotinha que agora \u00e9 protagonista no lan\u00e7amento de um \u00e1lbum musical.<\/p>\n<\/blockquote>\n\n\n\n<p id=\"viewer-cdmb3\">A m\u00e3e de Sarah, Merylin Fernandes de Jesus, n\u00e3o poupa elogios para o Projeto. \u201cA Sarah adorava participar do Dedo de Verso, n\u00e3o perdia uma aula online e quando teve a oportunidade de conhecer pessoalmente o arte-educador do projeto, Rafael, foi uma emo\u00e7\u00e3o s\u00f3\u201d, recorda.<\/p>\n\n\n\n<figure class=\"wp-block-image\"><img loading=\"lazy\" decoding=\"async\" width=\"740\" height=\"555\" src=\"https:\/\/revistahubclub.com.br\/portal\/wp-content\/uploads\/2024\/12\/cf07ad_5a864ff19b744a11a22ac54aac2142afmv2.jpg\" alt=\"\" class=\"wp-image-5483\" srcset=\"https:\/\/revistahubclub.com.br\/portal\/wp-content\/uploads\/2024\/12\/cf07ad_5a864ff19b744a11a22ac54aac2142afmv2.jpg 740w, https:\/\/revistahubclub.com.br\/portal\/wp-content\/uploads\/2024\/12\/cf07ad_5a864ff19b744a11a22ac54aac2142afmv2-300x225.jpg 300w, https:\/\/revistahubclub.com.br\/portal\/wp-content\/uploads\/2024\/12\/cf07ad_5a864ff19b744a11a22ac54aac2142afmv2-200x150.jpg 200w\" sizes=\"auto, (max-width: 740px) 100vw, 740px\" \/><\/figure>\n\n\n\n<p id=\"viewer-8q2f9\"><em>( Grava\u00e7\u00e3o Disco Nunca Esque\u00e7o de Sonhar &#8211; Imagem de Divulga\u00e7\u00e3o )<\/em><\/p>\n\n\n\n<p id=\"viewer-ero3m\"><strong>SERVI\u00c7O:<\/strong><\/p>\n\n\n\n<p id=\"viewer-d06bq\">O QU\u00ca: LAN\u00c7AMENTO DO DISCO \u201cNUNCA ESQUE\u00c7O DE SONHAR\u201d DO PROJETO DEDO DE VERSO QUANDO: SEXTA-FEIRA (09\/12\/22) ONDE: PLATAFORMAS DIGITAIS DE M\u00daSICA (SPOTIFY, DEEZER, APPLE MUSIC, AMAZON MUSIC) DISPON\u00cdVEL GRATUITAMENTE!<\/p>\n\n\n\n<p id=\"viewer-3fi77\">ACOMPANHE TAMB\u00c9M PELO INSTAGRAM E YOUTUBE: @dedodeverso<\/p>\n","protected":false},"excerpt":{"rendered":"<p>\u00c1lbum estar\u00e1 dispon\u00edvel nas plataformas digitais de m\u00fasica a partir do dia 09\/12. *Por Ciclo Assesoria de Comunica\u00e7\u00e3o \u201cNunca esque\u00e7o de sonhar\u201d \u00e9 o segundo disco do projeto Dedo de<\/p>\n","protected":false},"author":1,"featured_media":5482,"comment_status":"open","ping_status":"open","sticky":false,"template":"","format":"standard","meta":{"footnotes":""},"categories":[1],"tags":[],"class_list":["post-5481","post","type-post","status-publish","format-standard","has-post-thumbnail","hentry","category-noticias"],"_links":{"self":[{"href":"https:\/\/revistahubclub.com.br\/portal\/wp-json\/wp\/v2\/posts\/5481","targetHints":{"allow":["GET"]}}],"collection":[{"href":"https:\/\/revistahubclub.com.br\/portal\/wp-json\/wp\/v2\/posts"}],"about":[{"href":"https:\/\/revistahubclub.com.br\/portal\/wp-json\/wp\/v2\/types\/post"}],"author":[{"embeddable":true,"href":"https:\/\/revistahubclub.com.br\/portal\/wp-json\/wp\/v2\/users\/1"}],"replies":[{"embeddable":true,"href":"https:\/\/revistahubclub.com.br\/portal\/wp-json\/wp\/v2\/comments?post=5481"}],"version-history":[{"count":1,"href":"https:\/\/revistahubclub.com.br\/portal\/wp-json\/wp\/v2\/posts\/5481\/revisions"}],"predecessor-version":[{"id":5485,"href":"https:\/\/revistahubclub.com.br\/portal\/wp-json\/wp\/v2\/posts\/5481\/revisions\/5485"}],"wp:featuredmedia":[{"embeddable":true,"href":"https:\/\/revistahubclub.com.br\/portal\/wp-json\/wp\/v2\/media\/5482"}],"wp:attachment":[{"href":"https:\/\/revistahubclub.com.br\/portal\/wp-json\/wp\/v2\/media?parent=5481"}],"wp:term":[{"taxonomy":"category","embeddable":true,"href":"https:\/\/revistahubclub.com.br\/portal\/wp-json\/wp\/v2\/categories?post=5481"},{"taxonomy":"post_tag","embeddable":true,"href":"https:\/\/revistahubclub.com.br\/portal\/wp-json\/wp\/v2\/tags?post=5481"}],"curies":[{"name":"wp","href":"https:\/\/api.w.org\/{rel}","templated":true}]}}