{"id":5493,"date":"2022-12-01T14:13:00","date_gmt":"2022-12-01T17:13:00","guid":{"rendered":"https:\/\/revistahubclub.com.br\/portal\/?p=5493"},"modified":"2024-12-18T14:13:29","modified_gmt":"2024-12-18T17:13:29","slug":"saca-de-cafe-e-leiloada-a-r-62-mil-no-10o-premio-regiao-do-cerrado-mineiro","status":"publish","type":"post","link":"https:\/\/revistahubclub.com.br\/portal\/2022\/12\/01\/saca-de-cafe-e-leiloada-a-r-62-mil-no-10o-premio-regiao-do-cerrado-mineiro\/","title":{"rendered":"Saca de caf\u00e9 \u00e9 leiloada a R$ 62 mil no 10\u00ba Pr\u00eamio Regi\u00e3o do Cerrado Mineiro"},"content":{"rendered":"\n<p>Atualizado:&nbsp;4 de dez. de 2022<\/p>\n\n\n\n<p id=\"viewer-5cb9s\"><strong>OSCAR DO CAF\u00c9<\/strong><\/p>\n\n\n\n<p id=\"viewer-8qdqg\"><em>Melhores caf\u00e9s da safra de 2022 s\u00e3o revelados na premia\u00e7\u00e3o<\/em><\/p>\n\n\n\n<p id=\"viewer-adfpm\">A noite da \u00faltima quarta-feira (30) foi de celebra\u00e7\u00e3o para a cafeicultura mineira. Os melhores caf\u00e9s da safra de 2022 foram revelados durante o 10\u00ba Pr\u00eamio Regi\u00e3o do Cerrado Mineiro. O evento, realizado no Pal\u00e1cio de Cristal, em Uberl\u00e2ndia (MG), reuniu cerca de 600 convidados, entre representantes da cadeia produtiva do gr\u00e3o mineiro, pol\u00edticos, autoridades e convidados.<\/p>\n\n\n\n<p id=\"viewer-1h5t8\">A iniciativa, que visa reconhecer o trabalho dos cafeicultores da Regi\u00e3o do Cerrado Mineiro e promover a Denomina\u00e7\u00e3o de Origem, a primeira conquistada para caf\u00e9 no Brasil, \u00e9 promovida pela Federa\u00e7\u00e3o dos Cafeicultores do Cerrado, com o apoio do Sebrae Minas, e tem a realiza\u00e7\u00e3o das cooperativas Carmocer, Carpec, Coagril, Coocacer Araguari, Coopadap, Expocaccer e MonteCCer, integrando ainda com as seis associa\u00e7\u00f5es: ACARPA, ACA, Assogotardo, Assocaf\u00e9, Amoca e Appcer como apoiadoras. O evento contou ainda com a parceria de empresas de destaque no segmento do caf\u00e9 como Voiter, Solinftec, Stoller, Syngenta, Pinhalense, Rabobank e Sicoob.<\/p>\n\n\n\n<p id=\"viewer-khbt\">A solenidade especial em comemora\u00e7\u00e3o aos 50 anos da Regi\u00e3o do Cerrado Mineiro e 30 anos da Federa\u00e7\u00e3o de Cafeicultores do Cerrado foi marcada por uma s\u00e9rie de homenagens como a entrega de medalhas para 20 personalidades que desbravaram a Regi\u00e3o e escreveram a hist\u00f3ria durante estas cinco d\u00e9cadas. Cafebras, Expocaccer e Educampo tamb\u00e9m fizeram parte dos homenageados da noite.<\/p>\n\n\n\n<p id=\"viewer-cjbad\">O presidente da Federa\u00e7\u00e3o dos Cafeicultores do Cerrado, Francisco S\u00e9rgio de Assis, destacou que 2022 \u00e9 um ano de alegria, orgulho e realiza\u00e7\u00e3o. \u201cAcreditamos na for\u00e7a do associativismo e do cooperativismo. A Regi\u00e3o do Cerrado Mineiro hoje \u00e9 a primeira Denomina\u00e7\u00e3o de Origem em caf\u00e9 do Brasil onde trabalhamos exclusivamente para o bem estar do nosso cafeicultor, que gera riqueza e que transformou essa regi\u00e3o. Toda cidade onde tem o caf\u00e9 do Cerrado, tem o IDH (\u00cdndice de Desenvolvimento Humano) maior. Isso prova que o caf\u00e9 \u00e9 gerador de riqueza e distribuidor de renda\u201d, pontua.<\/p>\n\n\n\n<p id=\"viewer-5jmcj\">Para o gerente da Regional Noroeste e Alto Parana\u00edba do Sebrae Minas, Marcos Alves, o Pr\u00eamio Regi\u00e3o do Cerrado Mineiro vai muito al\u00e9m de um trof\u00e9u, pois representa o esfor\u00e7o dos empreendedores rurais que buscam, constantemente, por qualidade, al\u00e9m de evidenciar a credibilidade adquirida pela cafeicultura do Cerrado Mineiro em 50 anos. &#8220;O Sebrae Minas participou de toda a estrat\u00e9gia de constru\u00e7\u00e3o do Pr\u00eamio, desde sua concep\u00e7\u00e3o. Valorizamos e apoiamos iniciativas que d\u00e3o suporte ao produtor rural e fomentam o mercado. Os lotes vencedores carregam, al\u00e9m de gr\u00e3os especiais e valor agregado, hist\u00f3rias consistentes que representam o que temos de melhor na regi\u00e3o: as pessoas!\u201d, ressalta.<\/p>\n\n\n\n<p id=\"viewer-dv84s\">S\u00e9rgio Mariuzzo, gerente de comunica\u00e7\u00e3o da Stoller, uma das patrocinadoras do Pr\u00eamio, diz que \u00e9 essencial difundir o trabalho dos cafeicultores da regi\u00e3o. \u201cNos 50 anos do Cerrado Mineiro, estamos diante de v\u00e1rios exemplos de sucesso, organiza\u00e7\u00e3o e associativismo, que s\u00e3o inspira\u00e7\u00e3o para muitos cafeicultores brasileiros. E participar disso \u00e9 muito gratificante e nos motiva. Refor\u00e7a tamb\u00e9m a nossa miss\u00e3o de estar sempre pr\u00f3ximo do cliente, participando ativamente dos seus desafios e das suas conquistas\u201d, avalia.<\/p>\n\n\n\n<p id=\"viewer-drslf\"><strong>Etapa Cooperativas<\/strong><\/p>\n\n\n\n<p id=\"viewer-1judt\">A disputa contou com a participa\u00e7\u00e3o de 56 finalistas nas categorias Caf\u00e9 Natural, Cereja Descascado e Fermenta\u00e7\u00e3o Induzida. No total, foram representados 4.500 produtores dos 55 munic\u00edpios da Regi\u00e3o, que produz, em m\u00e9dia, 6 milh\u00f5es de sacas por ano, com um recorde de inscri\u00e7\u00f5es com 370 amostras.<\/p>\n\n\n\n<p id=\"viewer-255sq\">O Sebrae Minas foi o respons\u00e1vel pela an\u00e1lise que segue requisitos preestabelecidos pela Associa\u00e7\u00e3o de Caf\u00e9s Especiais (SCA). O m\u00e9todo de classifica\u00e7\u00e3o padr\u00e3o avalia a qualidade f\u00edsica dos gr\u00e3os crus, em uma amostra de 350 gramas de cada lote de caf\u00e9.<\/p>\n\n\n\n<p id=\"viewer-e81tt\">Na Etapa Campe\u00f5es das Cooperativas foram eleitos os vencedores, divididos nas tr\u00eas categorias. Desta seletiva, nove finalistas foram levados para a grande premia\u00e7\u00e3o, a Etapa Regional.<\/p>\n\n\n\n<p id=\"viewer-dn0r\"><strong>Premia\u00e7\u00e3o<\/strong><\/p>\n\n\n\n<p id=\"viewer-9p2o5\">O an\u00fancio dos vencedores, feito tanto de forma presencial quanto online, movimentou as cooperativas na disputa dos melhores caf\u00e9s de 2022. As pontua\u00e7\u00f5es foram acirradas e a escolha dos campe\u00f5es foi feita por um grupo de dez \u00e1rbitros com alta experi\u00eancia e profissionalismo, ap\u00f3s rigorosa an\u00e1lise sensorial. Para ser considerado especial, o produto deve atingir pontua\u00e7\u00e3o m\u00ednima de 80 pontos. Os caf\u00e9s premiados foram batizados pela barista oficial da Regi\u00e3o do Cerrado Mineiro, Paula Dulgheroff, de acordo com as caracter\u00edsticas sensoriais.<\/p>\n\n\n\n<p id=\"viewer-eou4h\">A primeira categoria apresentada foi a Cereja Descascado, com 46 amostras inscritas, seguida pela Fermenta\u00e7\u00e3o Induzida, com 130, e Natural com 194 inscri\u00e7\u00f5es.<\/p>\n\n\n\n<p id=\"viewer-13s5q\">Confira os vencedores:<\/p>\n\n\n\n<p id=\"viewer-49gv9\">Categoria Cereja Descascado 1\u00ba lugar &#8211; Jos\u00e9 Aparecido Naimeg &#8211; 90,05 pontos \u2013 Expocaccer 2\u00ba lugar &#8211; Eduardo Henrique Soares Pereira &#8211; 89,13 pontos &#8211; Carmocer 3\u00ba lugar &#8211; Maria Aparecida Pires Ruiz &#8211; 88,28 pontos &#8211; Expocaccer<\/p>\n\n\n\n<p id=\"viewer-30rvd\">Categoria Fermenta\u00e7\u00e3o Induzida 1\u00ba lugar &#8211; Agilmar Ferreira Pinto &#8211; 88,75 pontos &#8211; Expocaccer 2\u00ba lugar &#8211; L\u00e1zaro Ribeiro de Oliveira &#8211; 87,79 pontos &#8211; Expocaccer 3\u00ba lugar &#8211; Ismael Jos\u00e9 de Andrade &#8211; 87,70 pontos &#8211; Carpec<\/p>\n\n\n\n<p id=\"viewer-5kifv\">Categoria Natural 1\u00ba lugar &#8211; Jorge Fernando Naimeg \u2013 90,94 pontos &#8211; Expocaccer 2\u00ba lugar &#8211; Guilherme Sebasti\u00e3o F. Rom\u00e3o \u2013 89,53 pontos \u2013 Expocaccer 3\u00ba lugar &#8211; Enivaldo Marinho Pereira \u2013 88,16 pontos \u2013 Carmocer<\/p>\n\n\n\n<p id=\"viewer-1pul6\"><strong>Escola de Atitude e Atitude Sustent\u00e1vel<\/strong><\/p>\n\n\n\n<p id=\"viewer-4gna7\">Todos os anos, o Pr\u00eamio Regi\u00e3o do Cerrado Mineiro reserva um momento de sua celebra\u00e7\u00e3o para destacar a\u00e7\u00f5es de envolvimento com o meio ambiente e com a comunidade, promovendo o desenvolvimento da Regi\u00e3o, por meio de dois reconhecimentos: o Trof\u00e9u Escola de Atitude e o Trof\u00e9u Atitude Sustent\u00e1vel .<\/p>\n\n\n\n<p id=\"viewer-cgiem\">Nesta edi\u00e7\u00e3o, o Trof\u00e9u Atitude Sustent\u00e1vel, que reconhece as boas pr\u00e1ticas agr\u00edcolas entre as propriedades finalistas foi conquistado pela fazenda Tr\u00eas Meninas, de Monte Carmelo, dos cafeicultores Paula e Marcelo Urtado.<\/p>\n\n\n\n<p id=\"viewer-erq4c\">J\u00e1 o trof\u00e9u Escola de Atitude foi conquistado pela APAE de Carmo do Parana\u00edba, com o projeto M\u00e3os Talentosas, inscrito pela cooperativa Carmocer, uma iniciativa que utiliza a arte como uma terapia objetivo em prol do desenvolvimento motor, cognitivo e emocional dos alunos.<\/p>\n\n\n\n<p id=\"viewer-5rc4k\"><strong>Trof\u00e9u Mulheres de Atitude<\/strong><\/p>\n\n\n\n<p id=\"viewer-24fmp\">A 10\u00aa edi\u00e7\u00e3o do Pr\u00eamio Regi\u00e3o do Cerrado Mineiro contou com uma novidade, o Trof\u00e9u Mulher de Atitude, um reconhecimento \u00e0s mulheres cafeicultoras, cada vez mais atuantes no segmento. Entre as amostras inscritas, as tr\u00eas melhores produtoras foram premiadas com o trof\u00e9u. As campe\u00e3s foram Maria Aparecida Fernandes Pires Ruiz (categoria Cereja Descascado), Ana Paula Curiacos Urtado (categoria Fermenta\u00e7\u00e3o Induzida) e Roberta Soares Pereira (categoria Natural).<\/p>\n\n\n\n<p id=\"viewer-8dk83\"><strong>Leil\u00e3o movimenta mais de R$ 600 mil<\/strong><\/p>\n\n\n\n<p id=\"viewer-f29db\">Um dos momentos mais aguardados da noite, o leil\u00e3o ao vivo contou com a participa\u00e7\u00e3o dos finalistas do 1\u00ba ao 10\u00ba lugar na categoria Natural, 1\u00ba ao 5\u00ba na categoria Cereja Descascado e 1\u00ba ao 3\u00ba na categoria Fermenta\u00e7\u00e3o Induzida.<\/p>\n\n\n\n<p id=\"viewer-8e6k\">Conduzido por um leiloeiro profissional, a atra\u00e7\u00e3o alcan\u00e7ou recordes hist\u00f3ricos, movimentando R$ 629.602 mil, com m\u00e9dia de pre\u00e7o de R$ 15.740 por saca.<\/p>\n\n\n\n<p id=\"viewer-4krf9\">O lote mais valorizado foi o primeiro colocado da categoria Natural, do produtor Jorge Fernando Naimeg, que atingiu 90,94 pontos e foi vendido por R$ 62.017 mil por saca.<\/p>\n\n\n\n<p id=\"viewer-8bv13\">Parte do valor arrecadado ser\u00e1 doado para as escolas participantes do Trof\u00e9u Escola de Atitude e tamb\u00e9m para as obras do primeiro Hospital de Amor de Minas Gerais, iniciadas pelo Hospital do C\u00e2ncer de Patroc\u00ednio \u201cDr. Jos\u00e9 Figueiredo\u201d.<\/p>\n\n\n\n<p id=\"viewer-2jlpn\">O diretor superintendente da Expocaccer, Sim\u00e3o Pedro de Lima, destacou a import\u00e2ncia de valorizar os lotes campe\u00f5es. \u201c\u00c9 a valoriza\u00e7\u00e3o n\u00e3o somente da qualidade, \u00e9, tamb\u00e9m, o reconhecimento de todo o trabalho desenvolvido durante o ano. O cuidado com os tratos culturais, a colheita seletiva, o preparo p\u00f3s-colheita, a secagem, dentre outros elementos. A hist\u00f3ria do produtor est\u00e1 contida em cada gr\u00e3o. Em vez de pre\u00e7o, agregou-se valor\u201d.<\/p>\n\n\n\n<p id=\"viewer-cmlsm\">\u201cCom certeza, mais um evento que ficar\u00e1 marcado na hist\u00f3ria da cafeicultura da Regi\u00e3o do Cerrado Mineiro. Al\u00e9m de celebrarmos os 50 anos da regi\u00e3o e podermos homenagear diversos pioneiros, tivemos o momento marcante da quebra de recorde como caf\u00e9 mais valorizado da hist\u00f3ria do Cerrado Mineiro, fruto da intercoopera\u00e7\u00e3o entre os compradores do leil\u00e3o, a quem muito agradecemos por valorizarem e prestigiarem o trabalho dos cafeicultores do cerrado\u201d, destaca Juliano Tarabal, superintendente da Federa\u00e7\u00e3o dos Cafeicultores do Cerrado.<\/p>\n","protected":false},"excerpt":{"rendered":"<p>Atualizado:&nbsp;4 de dez. de 2022 OSCAR DO CAF\u00c9 Melhores caf\u00e9s da safra de 2022 s\u00e3o revelados na premia\u00e7\u00e3o A noite da \u00faltima quarta-feira (30) foi de celebra\u00e7\u00e3o para a cafeicultura<\/p>\n","protected":false},"author":1,"featured_media":5494,"comment_status":"open","ping_status":"open","sticky":false,"template":"","format":"standard","meta":{"footnotes":""},"categories":[1],"tags":[],"class_list":["post-5493","post","type-post","status-publish","format-standard","has-post-thumbnail","hentry","category-noticias"],"_links":{"self":[{"href":"https:\/\/revistahubclub.com.br\/portal\/wp-json\/wp\/v2\/posts\/5493","targetHints":{"allow":["GET"]}}],"collection":[{"href":"https:\/\/revistahubclub.com.br\/portal\/wp-json\/wp\/v2\/posts"}],"about":[{"href":"https:\/\/revistahubclub.com.br\/portal\/wp-json\/wp\/v2\/types\/post"}],"author":[{"embeddable":true,"href":"https:\/\/revistahubclub.com.br\/portal\/wp-json\/wp\/v2\/users\/1"}],"replies":[{"embeddable":true,"href":"https:\/\/revistahubclub.com.br\/portal\/wp-json\/wp\/v2\/comments?post=5493"}],"version-history":[{"count":1,"href":"https:\/\/revistahubclub.com.br\/portal\/wp-json\/wp\/v2\/posts\/5493\/revisions"}],"predecessor-version":[{"id":5495,"href":"https:\/\/revistahubclub.com.br\/portal\/wp-json\/wp\/v2\/posts\/5493\/revisions\/5495"}],"wp:featuredmedia":[{"embeddable":true,"href":"https:\/\/revistahubclub.com.br\/portal\/wp-json\/wp\/v2\/media\/5494"}],"wp:attachment":[{"href":"https:\/\/revistahubclub.com.br\/portal\/wp-json\/wp\/v2\/media?parent=5493"}],"wp:term":[{"taxonomy":"category","embeddable":true,"href":"https:\/\/revistahubclub.com.br\/portal\/wp-json\/wp\/v2\/categories?post=5493"},{"taxonomy":"post_tag","embeddable":true,"href":"https:\/\/revistahubclub.com.br\/portal\/wp-json\/wp\/v2\/tags?post=5493"}],"curies":[{"name":"wp","href":"https:\/\/api.w.org\/{rel}","templated":true}]}}