{"id":5504,"date":"2022-11-28T14:14:00","date_gmt":"2022-11-28T17:14:00","guid":{"rendered":"https:\/\/revistahubclub.com.br\/portal\/?p=5504"},"modified":"2024-12-18T14:15:08","modified_gmt":"2024-12-18T17:15:08","slug":"jovens-de-uberlandia-apresentam-solucoes-criativas-para-problemas-da-atualidade","status":"publish","type":"post","link":"https:\/\/revistahubclub.com.br\/portal\/2022\/11\/28\/jovens-de-uberlandia-apresentam-solucoes-criativas-para-problemas-da-atualidade\/","title":{"rendered":"Jovens de Uberl\u00e2ndia apresentam solu\u00e7\u00f5es criativas para problemas da atualidade"},"content":{"rendered":"\n<p id=\"viewer-foo\"><em>Feira de Empreendedorismo ArteMove acontece dia 30\/11 no Centro Municipal de Cultura com entrada franca!<\/em><\/p>\n\n\n\n<p id=\"viewer-d5tqb\">*Por Ciclo Assessoria<\/p>\n\n\n\n<p id=\"viewer-9gn3s\"><em>( Foto de Divulga\u00e7\u00e3o: ArteMove &#8211; Feira de Empreendedorismo )<\/em><\/p>\n\n\n\n<p id=\"viewer-bqjk7\">Cento e vinte jovens de Uberl\u00e2ndia tiveram a oportunidade de participar do projeto ArteMove \u2013 Cultura e Empreendedorismo, que teve como foco prepar\u00e1-los para o trabalho e a vida.<\/p>\n\n\n\n<p id=\"viewer-90tog\">Durante as oficinas que aconteceram semanalmente na E.E. Lourdes de Carvalho, no bairro Alvorada, e na Funda\u00e7\u00e3o CDL Uberl\u00e2ndia, eles vivenciaram duas metodologias que unem o empreendedorismo e a cultura para formar jovens capazes de criar projetos que impactem suas vidas e o mundo ao redor.<\/p>\n\n\n\n<p id=\"viewer-b21cg\">O resultado deste trabalho ser\u00e1 apresentado ao p\u00fablico na Feira de Empreendedorismo ArteMove, que acontecer\u00e1 na quarta-feira, 30 de novembro, \u00e0s 19h, na \u00e1rea externa do Centro Municipal de Cultura de Uberl\u00e2ndia, com entrada franca.<\/p>\n\n\n\n<p id=\"viewer-7sqlp\">Segundo a arte-educadora, Luciene Andrade, ao todo ser\u00e3o apresentados 15 projetos. Os participantes desenvolveram desde projetos de plataformas e aplicativos de incentivo ao estudo, que potencializam o aprendizado para os jovens, em \u00e1reas espec\u00edficas, como literatura, matem\u00e1tica, at\u00e9 projetos na linha de alimentos, de dietas espec\u00edficas, por exemplo.<\/p>\n\n\n\n<blockquote class=\"wp-block-quote is-layout-flow wp-block-quote-is-layout-flow\">\n<p>\u201cQuero ressaltar o empenho desses jovens que abra\u00e7aram esta oportunidade, a exemplo do Halam, que superou dist\u00e2ncias, dificuldades e trabalhou muito na produ\u00e7\u00e3o detalhada de um projeto de tecnologia para \u00e1rea m\u00e9dica de inclus\u00e3o e acesso \u00e0 sa\u00fade, com calend\u00e1rio de vacinas e muito mais\u201d, conta.<\/p>\n<\/blockquote>\n\n\n\n<p id=\"viewer-ejv3j\">Al\u00e9m disso, Luciene ressalta o qu\u00e3o importante foi para estes jovens participarem deste projeto que tem na arte uma ferramenta de trabalho, atrav\u00e9s da qual eles podem se ressocializar ap\u00f3s o per\u00edodo de isolamento social. \u201cA gente p\u00f4de perceber isso nas pr\u00e1ticas do dia-a-dia, em uma simples intera\u00e7\u00e3o em uma cena com o colega ou em um momento de reflex\u00e3o e exposi\u00e7\u00e3o em que eles podiam se perceber menos t\u00edmidos, como \u00e9 o caso da aluna Luciana Neves que se destacou por mostrar um vi\u00e9s mais art\u00edstico, com produ\u00e7\u00e3o de poemas\u201d, acrescenta a arte-educadora.<\/p>\n\n\n\n<p id=\"viewer-eptft\">Para a aluna, participar do projeto foi uma grande oportunidade. \u201cEu achei o ArteMove muito bacana, porque atrav\u00e9s dele eu pude me expressar mais. No come\u00e7o, muitos de n\u00f3s est\u00e1vamos com vergonha, fechados, e a\u00ed fomos nos abrindo e agora a feira tamb\u00e9m ser\u00e1 uma oportunidade muito boa pra gente nesse sentido\u201d, relata a adolescente de 18 anos que, no evento, ir\u00e1 apresentar o aplicativo para estudar matem\u00e1tica que desenvolveu em conjunto com seu grupo.<\/p>\n\n\n\n<p id=\"viewer-1vtoc\">O coordenador pedag\u00f3gico do projeto, Rafael Michalichem, ressalta que a Feira \u00e9 a coroa\u00e7\u00e3o do trabalho. \u201c\u00c9 uma feira de empreendedorismo que tem um olhar mais art\u00edstico, um pensamento mais criativo para a ideia de projeto. A gente n\u00e3o pensa o empreendedorismo somente no sentido empresarial, mas no sentido de empreender um projeto, que pode ser de qualquer tipo, e que envolva planejamento, organiza\u00e7\u00e3o, execu\u00e7\u00e3o. \u00c9 uma forma\u00e7\u00e3o para jovens terem uma vis\u00e3o de vida e atitudes empreendedoras, uma forma\u00e7\u00e3o impulsionada por meio de viv\u00eancias art\u00edstico-culturais que tem o objetivo de ajudar estes jovens a transformarem sonhos em realidade, contribuindo para o desenvolvimento do protagonismo juvenil, preparando-os para a transi\u00e7\u00e3o entre o mundo da educa\u00e7\u00e3o e do trabalho, e para a vida de modo geral\u201d, resume Michalichem.<\/p>\n\n\n\n<p id=\"viewer-54utk\"><strong>eZAPe! Virtudes Empreendedoras + Pedagogia do Encantamento<\/strong><\/p>\n\n\n\n<figure class=\"wp-block-image\"><img loading=\"lazy\" decoding=\"async\" width=\"740\" height=\"352\" src=\"https:\/\/revistahubclub.com.br\/portal\/wp-content\/uploads\/2024\/12\/cf07ad_f316464a91df41e4b0fcb4cf6819389emv2.jpg\" alt=\"\" class=\"wp-image-5506\" srcset=\"https:\/\/revistahubclub.com.br\/portal\/wp-content\/uploads\/2024\/12\/cf07ad_f316464a91df41e4b0fcb4cf6819389emv2.jpg 740w, https:\/\/revistahubclub.com.br\/portal\/wp-content\/uploads\/2024\/12\/cf07ad_f316464a91df41e4b0fcb4cf6819389emv2-300x143.jpg 300w\" sizes=\"auto, (max-width: 740px) 100vw, 740px\" \/><\/figure>\n\n\n\n<p id=\"viewer-a67ra\"><em>( Foto de Divulga\u00e7\u00e3o: ArteMove &#8211; Feira de Empreendedorismo )<\/em><\/p>\n\n\n\n<p id=\"viewer-cqvtk\">O projeto ArteMove \u2013 Cultura e Empreendedorismo \u00e9 fruto dos mais de 14 anos de parceria entre o EMCANTAR Social e o IAMAR \u2013 Instituto Alair Martins. Para este projeto, as duas organiza\u00e7\u00f5es uniram o programa educacional do IAMAR &#8211; eZAPe! Virtudes Empreendedoras (que j\u00e1 formou mais de 65 mil jovens, dotando-os de uma filosofia de vida funcional para sua emancipa\u00e7\u00e3o pessoal, social e produtiva) com a Pedagogia do Encantamento, sistematizada nos 25 anos de trajet\u00f3ria do EMCANTAR.<\/p>\n\n\n\n<p id=\"viewer-79sn6\">Assim, o trabalho foi dividido em tr\u00eas etapas ou \u201catos\u201d. No 1\u00ba ato, chamado de HABITAR O MUNDO, os alunos s\u00e3o convidados a pensar a sua rela\u00e7\u00e3o com o mundo, mapeando seus valores e percebendo sua identidade. No 2\u00ba ato, CRIAR NO MUNDO, os alunos s\u00e3o convidados a criar um projeto que tenha efeito no mundo. No 3\u00ba ato, COMPARTILHAR COM O MUNDO, eles organizam a apresenta\u00e7\u00e3o dos projetos no formato da Feira de Empreendedorismo.<\/p>\n\n\n\n<p id=\"viewer-en6p1\">\u201cAl\u00e9m dos tr\u00eas atos, o projeto ArteMove possui outros dois importantes momentos, que tamb\u00e9m fazem analogia \u00e0 produ\u00e7\u00e3o art\u00edstica \u2013 o Pr\u00f3logo, chamado de ENCONTRO DE SONHOS; e o Ep\u00edlogo, chamado E VOC\u00ca. Estas duas etapas s\u00e3o fundamentais para os participantes estreitarem la\u00e7os, conhecerem os sonhos e desejos individuais e refletirem sobre perspectivas, vis\u00f5es e planos de vida. O coletivo e sua pot\u00eancia para o desenvolvimento humano \u00e9 trabalhado nos tr\u00eas atos, enquanto nestes dois momentos que abrem e fecham a trilha de conte\u00fados, refor\u00e7amos a individualidade e o potencial de cada pessoa para transformar sua vida. Reitero a cren\u00e7a de todos na organiza\u00e7\u00e3o do projeto de que a Cultura e o Empreendedorismo s\u00e3o capazes de mover juventudes rumo \u00e0 novas atitudes e uma vis\u00e3o de mundo ampliada\u201d, diz Ludmila Fran\u00e7a, gerente executiva do IAMAR.<\/p>\n\n\n\n<p id=\"viewer-csmln\"><strong>MAIS SOBRE O IAMAR &#8211;<\/strong> Institui\u00e7\u00e3o de natureza educacional, socioambiental e cultural, sem fins lucrativos, qualificada como OSCIP e mantida pelas empresas Martins e Tribanco. Atua desde 2005 com a miss\u00e3o de desenvolver o potencial de adolescentes e jovens para construir vis\u00f5es do futuro e transform\u00e1-las em realidade por meio da Educa\u00e7\u00e3o para o Empreendedorismo, contribuindo para o seu crescimento nos campos pessoal, social e produtivo e na promo\u00e7\u00e3o de uma cultura de preserva\u00e7\u00e3o ambiental. Em seus quase 18 anos de atua\u00e7\u00e3o, j\u00e1 foram beneficiados mais de 100 mil jovens em projetos pr\u00f3prios e com parceiros. Sobre o Programa eZAPe! Virtudes Empreendedoras: http:\/\/virtudesqueencaminham.org.br\/zape-programa\/<\/p>\n\n\n\n<p id=\"viewer-7ggcn\"><strong>MAIS SOBRE A CIA. CULTURAL EMCANTAR &#8211;<\/strong> Fazer arte e encantar pessoas! \u00c9 assim que h\u00e1 25 anos, a Cia. Cultural EMCANTAR combina Cultura e Educa\u00e7\u00e3o, porque acredita que a arte tem o poder de encantar e inspirar as pessoas a vivenciar seus potenciais. Com duas frentes de atua\u00e7\u00e3o \u2013 o Grupo EMCANTAR e o EMCANTAR SOCIAL \u2013 a companhia realiza produ\u00e7\u00f5es art\u00edstico-culturais e projetos sociais de forma\u00e7\u00e3o para inf\u00e2ncia e juventude. Em mais de duas d\u00e9cadas, j\u00e1 reuniu mais de 400 mil pessoas em espet\u00e1culos, 20 mil crian\u00e7as e adolescentes e pessoas da comunidade beneficiados em projetos sociais, mais de 100 projetos desenvolvidos, al\u00e9m de 10 t\u00edtulos e premia\u00e7\u00f5es. Pedagogia do Encantamento: https:\/\/www.emcantar.org\/pedagogiadoencantamento<\/p>\n\n\n\n<p id=\"viewer-a2lgt\"><strong>SERVI\u00c7O:<\/strong><\/p>\n\n\n\n<p id=\"viewer-b10ma\">Feira de Empreendedorismo ArteMove<\/p>\n\n\n\n<p id=\"viewer-3naj2\">Dia 30 de novembro (quarta-feira) \u2013 19h<\/p>\n\n\n\n<p id=\"viewer-ce5iq\">\u00c1rea externa do Centro Municipal de Cultura de Uberl\u00e2ndia (P\u00e7. Prof. Jacy de Assis \u2013 Centro)<\/p>\n\n\n\n<p id=\"viewer-2je9f\">Entrada franca!<\/p>\n","protected":false},"excerpt":{"rendered":"<p>Feira de Empreendedorismo ArteMove acontece dia 30\/11 no Centro Municipal de Cultura com entrada franca! *Por Ciclo Assessoria ( Foto de Divulga\u00e7\u00e3o: ArteMove &#8211; Feira de Empreendedorismo ) Cento e<\/p>\n","protected":false},"author":1,"featured_media":5505,"comment_status":"open","ping_status":"open","sticky":false,"template":"","format":"standard","meta":{"footnotes":""},"categories":[1],"tags":[],"class_list":["post-5504","post","type-post","status-publish","format-standard","has-post-thumbnail","hentry","category-noticias"],"_links":{"self":[{"href":"https:\/\/revistahubclub.com.br\/portal\/wp-json\/wp\/v2\/posts\/5504","targetHints":{"allow":["GET"]}}],"collection":[{"href":"https:\/\/revistahubclub.com.br\/portal\/wp-json\/wp\/v2\/posts"}],"about":[{"href":"https:\/\/revistahubclub.com.br\/portal\/wp-json\/wp\/v2\/types\/post"}],"author":[{"embeddable":true,"href":"https:\/\/revistahubclub.com.br\/portal\/wp-json\/wp\/v2\/users\/1"}],"replies":[{"embeddable":true,"href":"https:\/\/revistahubclub.com.br\/portal\/wp-json\/wp\/v2\/comments?post=5504"}],"version-history":[{"count":1,"href":"https:\/\/revistahubclub.com.br\/portal\/wp-json\/wp\/v2\/posts\/5504\/revisions"}],"predecessor-version":[{"id":5507,"href":"https:\/\/revistahubclub.com.br\/portal\/wp-json\/wp\/v2\/posts\/5504\/revisions\/5507"}],"wp:featuredmedia":[{"embeddable":true,"href":"https:\/\/revistahubclub.com.br\/portal\/wp-json\/wp\/v2\/media\/5505"}],"wp:attachment":[{"href":"https:\/\/revistahubclub.com.br\/portal\/wp-json\/wp\/v2\/media?parent=5504"}],"wp:term":[{"taxonomy":"category","embeddable":true,"href":"https:\/\/revistahubclub.com.br\/portal\/wp-json\/wp\/v2\/categories?post=5504"},{"taxonomy":"post_tag","embeddable":true,"href":"https:\/\/revistahubclub.com.br\/portal\/wp-json\/wp\/v2\/tags?post=5504"}],"curies":[{"name":"wp","href":"https:\/\/api.w.org\/{rel}","templated":true}]}}