{"id":5508,"date":"2022-11-25T14:15:00","date_gmt":"2022-11-25T17:15:00","guid":{"rendered":"https:\/\/revistahubclub.com.br\/portal\/?p=5508"},"modified":"2024-12-18T14:15:47","modified_gmt":"2024-12-18T17:15:47","slug":"gestao-do-tempo","status":"publish","type":"post","link":"https:\/\/revistahubclub.com.br\/portal\/2022\/11\/25\/gestao-do-tempo\/","title":{"rendered":"Gest\u00e3o do tempo"},"content":{"rendered":"\n<p id=\"viewer-foo\"><em>&#8220;Se o destino e o caminho n\u00e3o forem os corretos, chegaremos ao lugar errado mais r\u00e1pido&#8221;<\/em><\/p>\n\n\n\n<p id=\"viewer-a8e0v\">Por Toni Amaral<\/p>\n\n\n\n<p id=\"viewer-aggr4\">Fotos Divulga\u00e7\u00e3o<\/p>\n\n\n\n<p id=\"viewer-airma\">Vivemos em tempos cada vez mais acelerados, fruto da p\u00f3s-modernidade. Passamos em 100 anos de uma sociedade rural para uma sociedade industrial e agora temos uma sociedade tecnol\u00f3gica e isso certamente contribuiu para nossa mudan\u00e7a na rela\u00e7\u00e3o com o tempo. J\u00e1 percebeu que quando vamos para uma praia, uma fazenda, o tempo passa devagar? Pois \u00e9. E \u00e9 isso mesmo que acontece. Devido a nossa rotina e modelo de vida urbano cada vez mais acelerado e agitado, tamb\u00e9m aceleramos e agitamos nossa rela\u00e7\u00e3o com o tempo, por\u00e9m ele continua sendo exatamente o mesmo, aqui para n\u00f3s na cidade agitada ou para quem est\u00e1 na praia ou no campo.<\/p>\n\n\n\n<p id=\"viewer-nop8\">Mas, como fazer para gerenciar melhor o nosso tempo? H\u00e1 mais de 15 anos tenho me dedicado a esta miss\u00e3o e felizmente consegui \u00f3timos resultados e vou compartilhar com voc\u00ea. O resultado desta minha jornada foi uma \u201cSe o destino e o caminho n\u00e3o forem os corretos, chegaremos ao lugar errado mais r\u00e1pido\u201dGest\u00e3o do tempo metodologia simples, baseada em sete disciplinas que produzem uma melhora significativa na produtividade, mas com qualidade de vida e sa\u00fade emocional.<\/p>\n\n\n\n<p id=\"viewer-fbu5e\">No meu curso \u201cGest\u00e3o do Tempo &#8211; As Sete Disciplinas da Produtividade\u201d abordo estas disciplinas com maior profundidade e trabalho com ferramentas pr\u00e1ticas para sua aplica\u00e7\u00e3o no dia a dia, mas mesmo neste breve texto j\u00e1 d\u00e1 para voc\u00ea fazer uso das disciplinas e obter resultados imediatos.<\/p>\n\n\n\n<figure class=\"wp-block-image\"><img loading=\"lazy\" decoding=\"async\" width=\"740\" height=\"445\" src=\"https:\/\/revistahubclub.com.br\/portal\/wp-content\/uploads\/2024\/12\/cf07ad_8093b79f9a07406e970965356f52810fmv2.jpg\" alt=\"\" class=\"wp-image-5510\" srcset=\"https:\/\/revistahubclub.com.br\/portal\/wp-content\/uploads\/2024\/12\/cf07ad_8093b79f9a07406e970965356f52810fmv2.jpg 740w, https:\/\/revistahubclub.com.br\/portal\/wp-content\/uploads\/2024\/12\/cf07ad_8093b79f9a07406e970965356f52810fmv2-300x180.jpg 300w\" sizes=\"auto, (max-width: 740px) 100vw, 740px\" \/><\/figure>\n\n\n\n<p id=\"viewer-28v91\">A primeira disciplina \u00e9 a ORIENTA\u00c7\u00c3O. Normalmente nos preocupamos em fazer as coisas r\u00e1pido, mas se o destino e o caminho n\u00e3o forem os corretos, apenas chegaremos ao lugar errado mais r\u00e1pido e a\u00ed o preju\u00edzo est\u00e1 feito. Ent\u00e3o, mais importante que o rel\u00f3gio, \u00e9 a b\u00fassola. \u00c9 fundamental que tenhamos um senso de dire\u00e7\u00e3o e destino bem definido para que nossas tarefas sejam melhor realizadas e cumpram seu objetivo, que \u00e9 o resultado. Afinal, o que realmente importa \u00e9 o resultado, mas o problema \u00e9 o custo que gerar esse resultado acarreta, caso n\u00e3o tenhamos um bom senso de dire\u00e7\u00e3o.<\/p>\n\n\n\n<p id=\"viewer-6hu90\">A segunda disciplina \u00e9 o ESFOR\u00c7O E RESULTADO. Nela observamos as prioridades, pois como afirma o princ\u00edpio de Pareto, 20% do esfor\u00e7o garante 80% do resultado. Aqui o que importa \u00e9 concentrarmos nossos esfor\u00e7os nas tarefas mais importantes que contribuir\u00e3o para<\/p>\n\n\n\n<p id=\"viewer-ds8j9\">os resultados tamb\u00e9m mais importantes. O que \u00e9 interessante nesta disciplina \u00e9 que ela ajuda muito na sustenta\u00e7\u00e3o do foco. E hoje em dia, diante de tantas distra\u00e7\u00f5es constantemente, sustentar a aten\u00e7\u00e3o e o foco \u00e9 uma miss\u00e3o quase imposs\u00edvel.<\/p>\n\n\n\n<p id=\"viewer-9mjr8\">Agora vamos conhecer a terceira disciplina: MUDAN\u00c7A DE ATITUDE. Nela podemos perceber que n\u00e3o adianta querermos resultados diferentes fazendo as coisas da mesma maneira, como dizia Einstein. Aqui nossa atitude tem que ser de aten\u00e7\u00e3o, proatividade, determina\u00e7\u00e3o e protagonismo. \u00c9 necess\u00e1ria uma revis\u00e3o dos nossos sistemas de cren\u00e7as e referenciais, pois somente mudando nossa atitude com orienta\u00e7\u00e3o correta, dire\u00e7\u00e3o correta e atitude correta \u00e9 que garantimos os meios para virarmos o jogo na nossa rela\u00e7\u00e3o com o tempo. Ali\u00e1s, temos que refor\u00e7ar que o dia s\u00f3 tem 24 horas para todos n\u00f3s, 7 bilh\u00f5es e meio de pessoas, e por incr\u00edvel que pare\u00e7a ainda vai continuar assim por um bom tempo. Ent\u00e3o, n\u00e3o adianta chorar nem reclamar, temos que saber gerenciar essas 24 horas e \u00e9 isso que importa.<\/p>\n\n\n\n<p id=\"viewer-5upvm\">J\u00e1 a quarta disciplina \u00e9 ASSUMIR O COMANDO. Aqui temos que nos posicionar diante de tarefas, situa\u00e7\u00f5es e at\u00e9 mesmo rela\u00e7\u00f5es que comprometem nossa realiza\u00e7\u00e3o pessoal e profissional. Assumir o comando neste sentido diz respeito a realmente decidir de maneira<\/p>\n\n\n\n<p id=\"viewer-1cbao\">consciente e sustentada suas decis\u00f5es e a\u00e7\u00f5es, sem imputar a terceiros culpa ou responsabilidade. Sim, a responsabilidade sobre o gerenciamento do SEU tempo \u00e9 somente SUA. E cabe a voc\u00ea realizar as melhores escolhas para que seu tempo seja mais bem aproveitado.<\/p>\n\n\n\n<p id=\"viewer-c9iri\">Na quinta disciplina aprendemos sobre ADAPTA\u00c7\u00c3O E COMPATIBILIDADE. Lembrando Charles Darwin que na natureza n\u00e3o \u00e9 o mais forte nem o mais inteligente que evolui e sim aquele que melhor se adapta ao ambiente. A ideia dessa disciplina \u00e9 trabalharmos nossa evolu\u00e7\u00e3o constante ao ambiente, sabendo que essa for\u00e7a \u00e9 imperativa. Adaptamos ou morremos. Ent\u00e3o, a regra \u00e9 buscar os melhores recursos que esta nossa condi\u00e7\u00e3o social de p\u00f3s-modernidade nos oferta, por\u00e9m com intelig\u00eancia e habilidade para n\u00e3o nos perdermos diante de tanta distra\u00e7\u00e3o, oferta, consumo e informa\u00e7\u00e3o.<\/p>\n\n\n\n<p id=\"viewer-br2ri\">A sexta disciplina fala sobre PRINC\u00cdPIOS E VALORES. Todas as disciplinas s\u00e3o importantes e se relacionam harmonicamente, por\u00e9m esta \u00e9 a minha preferida. Ao longo da minha jornada, criei um c\u00f3digo de \u00e9tica e conduta pessoal para me sustentar na vida de maneira que me orgulhe de tudo aquilo que fiz e de quem eu sou. Para eu comprar o que o dinheiro compra \u00e9 f\u00e1cil, por\u00e9m conquistar o que o dinheiro n\u00e3o compra \u00e9 o mais importante e garantir o equil\u00edbrio dos dois \u00e9 o que este princ\u00edpio realiza. Como diz o mestre Augusto Cury, n\u00e3o ser o mais rico do cemit\u00e9rio ou o mais importante na enfermaria do hospital.<\/p>\n\n\n\n<p id=\"viewer-75d4d\">Chegamos \u00e0 s\u00e9tima disciplina: USUFRUIR. Aqui \u00e9 preciso estabelecer uma conex\u00e3o com a vida e o mundo no sentido de usufruirmos de estarmos aqui e agora vivendo o momento presente, que ali\u00e1s \u00e9 tudo e somente o que temos, o AGORA. Ent\u00e3o, o que fica para n\u00f3s, no sentido de gerenciarmos melhor nosso tempo \u00e9 construir uma rela\u00e7\u00e3o profunda e amig\u00e1vel<\/p>\n\n\n\n<p id=\"viewer-de0eh\">com o AGORA, pois \u00e9 este o \u00fanico tempo que existe, pois passado \u00e9 uma lembran\u00e7a e futuro \u00e9 uma imagina\u00e7\u00e3o.<\/p>\n\n\n\n<p id=\"viewer-1qj9l\">Espero que estas disciplinas contribuam para sua produtividade com qualidade de vida e sa\u00fade emocional e assim possamos juntos construir uma sociedade cada vez melhor. No meu site www.toniamaral.com tem mais informa\u00e7\u00f5es e conte\u00fado sobre Gest\u00e3o do Tempo.<\/p>\n\n\n\n<ul class=\"wp-block-list\">\n<li><em>Toni Amaral \u00e9 professor e especialista em produtividade com qualidade de vida e sa\u00fade emocional. www.toniamaral.com<\/em><\/li>\n<\/ul>\n","protected":false},"excerpt":{"rendered":"<p>&#8220;Se o destino e o caminho n\u00e3o forem os corretos, chegaremos ao lugar errado mais r\u00e1pido&#8221; Por Toni Amaral Fotos Divulga\u00e7\u00e3o Vivemos em tempos cada vez mais acelerados, fruto da<\/p>\n","protected":false},"author":1,"featured_media":5509,"comment_status":"open","ping_status":"open","sticky":false,"template":"","format":"standard","meta":{"footnotes":""},"categories":[1],"tags":[],"class_list":["post-5508","post","type-post","status-publish","format-standard","has-post-thumbnail","hentry","category-noticias"],"_links":{"self":[{"href":"https:\/\/revistahubclub.com.br\/portal\/wp-json\/wp\/v2\/posts\/5508","targetHints":{"allow":["GET"]}}],"collection":[{"href":"https:\/\/revistahubclub.com.br\/portal\/wp-json\/wp\/v2\/posts"}],"about":[{"href":"https:\/\/revistahubclub.com.br\/portal\/wp-json\/wp\/v2\/types\/post"}],"author":[{"embeddable":true,"href":"https:\/\/revistahubclub.com.br\/portal\/wp-json\/wp\/v2\/users\/1"}],"replies":[{"embeddable":true,"href":"https:\/\/revistahubclub.com.br\/portal\/wp-json\/wp\/v2\/comments?post=5508"}],"version-history":[{"count":1,"href":"https:\/\/revistahubclub.com.br\/portal\/wp-json\/wp\/v2\/posts\/5508\/revisions"}],"predecessor-version":[{"id":5511,"href":"https:\/\/revistahubclub.com.br\/portal\/wp-json\/wp\/v2\/posts\/5508\/revisions\/5511"}],"wp:featuredmedia":[{"embeddable":true,"href":"https:\/\/revistahubclub.com.br\/portal\/wp-json\/wp\/v2\/media\/5509"}],"wp:attachment":[{"href":"https:\/\/revistahubclub.com.br\/portal\/wp-json\/wp\/v2\/media?parent=5508"}],"wp:term":[{"taxonomy":"category","embeddable":true,"href":"https:\/\/revistahubclub.com.br\/portal\/wp-json\/wp\/v2\/categories?post=5508"},{"taxonomy":"post_tag","embeddable":true,"href":"https:\/\/revistahubclub.com.br\/portal\/wp-json\/wp\/v2\/tags?post=5508"}],"curies":[{"name":"wp","href":"https:\/\/api.w.org\/{rel}","templated":true}]}}