{"id":5516,"date":"2022-11-25T14:16:00","date_gmt":"2022-11-25T17:16:00","guid":{"rendered":"https:\/\/revistahubclub.com.br\/portal\/?p=5516"},"modified":"2024-12-18T14:16:46","modified_gmt":"2024-12-18T17:16:46","slug":"campeoes-do-10o-premio-regiao-do-cerrado-mineiro-serao-divulgados-no-dia-30-de-novembro","status":"publish","type":"post","link":"https:\/\/revistahubclub.com.br\/portal\/2022\/11\/25\/campeoes-do-10o-premio-regiao-do-cerrado-mineiro-serao-divulgados-no-dia-30-de-novembro\/","title":{"rendered":"Campe\u00f5es do 10\u00ba Pr\u00eamio Regi\u00e3o do Cerrado Mineiro ser\u00e3o divulgados no dia 30 de novembro"},"content":{"rendered":"\n<p id=\"viewer-er4p3\"><em>Melhores caf\u00e9s da safra 2022 ser\u00e3o revelados em cerim\u00f4nia que reunir\u00e1 representantes de toda cadeia produtiva<\/em><\/p>\n\n\n\n<p id=\"viewer-b0nin\"><\/p>\n\n\n\n<p id=\"viewer-dq8b4\">A Federa\u00e7\u00e3o dos Cafeicultores do Cerrado realizar\u00e1, no dia 30 de novembro, cerim\u00f4nia para apresentar os campe\u00f5es do 10\u00ba Pr\u00eamio Regi\u00e3o do Cerrado Mineiro. O evento deve reunir cerca de 600 pessoas na noite do dia 30 de novembro, no Pal\u00e1cio de Cristal, em Uberl\u00e2ndia.<\/p>\n\n\n\n<p id=\"viewer-9b433\">Promovido pela Federa\u00e7\u00e3o dos Cafeicultores do Cerrado, com apoio do Sebrae Minas, o Pr\u00eamio Regi\u00e3o do Cerrado Mineiro tem a realiza\u00e7\u00e3o das cooperativas Carmocer, Carpec, Coagril, Coocacer Araguari, Coopadap, Expocaccer e MonteCCer, integrando ainda as seis associa\u00e7\u00f5es: ACARPA, ACA, Assogotardo, Assocaf\u00e9, Amoca e Appcer como apoiadoras.<\/p>\n\n\n\n<p id=\"viewer-c9nk3\">A iniciativa visa reconhecer o trabalho dos cafeicultores da Regi\u00e3o do Cerrado Mineiro e promover a Denomina\u00e7\u00e3o de Origem, a primeira conquistada para caf\u00e9 no Brasil.<\/p>\n\n\n\n<p id=\"viewer-a8g4i\">Segundo o superintendente da Federa\u00e7\u00e3o dos Cafeicultores do Cerrado, Juliano Tarabal, esta \u00e9 uma edi\u00e7\u00e3o especial, j\u00e1 que tamb\u00e9m comemora os 50 anos da Regi\u00e3o do Cerrado Mineiro. \u201cS\u00e3o 50 anos de cafeicultura no Cerrado Mineiro, 30 anos da Federa\u00e7\u00e3o, entidade que representa, controla e promove a cafeicultura na regi\u00e3o, e 10 anos de Pr\u00eamio, que reconhece os melhores caf\u00e9s dos 55 munic\u00edpios que comp\u00f5em a Regi\u00e3o, valorizando o trabalho dos cafeicultores na produ\u00e7\u00e3o de caf\u00e9s de alta qualidade, com responsabilidade e rastreabilidade, e tamb\u00e9m momento de celebrar a safa. Com certeza, ser\u00e1 uma noite de muita comemora\u00e7\u00e3o, com o coroamento dos caf\u00e9s produzidos na Regi\u00e3o\u201d, destaca Tarabal.<\/p>\n\n\n\n<p id=\"viewer-a3bdo\"><\/p>\n\n\n\n<p id=\"viewer-dnqeh\">O gerente da Regional Noroeste e Alto Parana\u00edba do Sebrae Minas, Marcos Alves, ressalta que a premia\u00e7\u00e3o \u00e9 uma vitrine para caf\u00e9s de qualidade, que refor\u00e7a a refer\u00eancia mundial conquistada pela Regi\u00e3o. \u201cO Sebrae Minas tem orgulho de compartilhar dessa jornada que, ao longo de 50 anos, agregou inova\u00e7\u00e3o, gest\u00e3o e sustentabilidade na sua forma de ser. Celebramos a d\u00e9cima edi\u00e7\u00e3o do Pr\u00eamio, no mesmo ano em que tamb\u00e9m comemoramos o marco de 50 anos do Sebrae. \u00c9 uma parceria s\u00f3lida e de resultados extremamente satisfat\u00f3rios\u201d, destaca o gerente.<\/p>\n\n\n\n<p id=\"viewer-22ojg\"><strong>Premia\u00e7\u00e3o<\/strong><\/p>\n\n\n\n<p id=\"viewer-cjhnm\">O 10\u00ba Pr\u00eamio Regi\u00e3o do Cerrado Mineiro teve novo recorde de amostras de caf\u00e9 inscritas, totalizando 370 inscri\u00e7\u00f5es, entre as categorias Caf\u00e9 Natural, Fermenta\u00e7\u00e3o Induzida e Cereja Descascado.<\/p>\n\n\n\n<p id=\"viewer-etk1u\">A premia\u00e7\u00e3o \u00e9 dividida em duas etapas: a Etapa Campe\u00f5es das Cooperativas, que elege o caf\u00e9 dos produtores campe\u00f5es em cada cooperativa e a Etapa Regional, onde os melhores caf\u00e9s da safra atual s\u00e3o escolhidos por um time de jurados especializados no assunto. O an\u00fancio dos vencedores, ser\u00e1 feito tanto de forma presencial e on-line, com transmiss\u00e3o pelo canal do Youtube da Regi\u00e3o do Cerrado Mineiro.<\/p>\n\n\n\n<p id=\"viewer-4kijd\">Os vencedores ser\u00e3o premiados com R$ 5 mil pelo primeiro lugar, R$ 3 mil pelo segundo e R$ 2 mil pela terceira posi\u00e7\u00e3o. A sele\u00e7\u00e3o das amostras foi realizada por um corpo de jurados com alta experi\u00eancia e profissionalismo, garantindo transpar\u00eancia e credibilidade ao Pr\u00eamio, sendo coordenada pela Savassi Agroneg\u00f3cio e auditado pela Safe Trace.<\/p>\n\n\n\n<p id=\"viewer-72apq\"><\/p>\n\n\n\n<p id=\"viewer-fnk8v\"><strong>Novidades<\/strong><\/p>\n\n\n\n<p id=\"viewer-akk1s\">A 10\u00aa edi\u00e7\u00e3o do Pr\u00eamio vai reconhecer tamb\u00e9m as mulheres, cada vez mais atuantes no segmento do caf\u00e9. Entre as amostras inscritas, as tr\u00eas melhores produzidas por mulheres ou as tr\u00eas melhores produtoras ser\u00e3o reconhecidas com o Trof\u00e9u Mulher de Atitude, sendo este um reconhecimento \u00e0s mulheres cafeicultoras.<\/p>\n\n\n\n<p id=\"viewer-a9kkf\">Outra inova\u00e7\u00e3o desta edi\u00e7\u00e3o est\u00e1 relacionada ao aspecto social. Cerca de 10% do valor arrecadado com o leil\u00e3o, 70% ser\u00e3o destinados ao Trof\u00e9u Escola de Atitude e 30% para as obras do primeiro Hospital de Amor de Minas Gerais, iniciadas pelo Hospital do C\u00e2ncer de Patroc\u00ednio \u201cDr. Jos\u00e9 Figueiredo\u201d.<\/p>\n\n\n\n<p id=\"viewer-ccdff\"><strong>10\u00ba Pr\u00eamio RCM<\/strong><\/p>\n\n\n\n<p id=\"viewer-6ttjs\">Realizado desde 2013, o Pr\u00eamio da Regi\u00e3o do Cerrado Mineiro consolidou-se como o grande evento da celebra\u00e7\u00e3o da safra e valoriza\u00e7\u00e3o da dedica\u00e7\u00e3o dos cafeicultores em produzirem caf\u00e9s com atitude, \u00e9ticos, rastre\u00e1veis e de alta qualidade e, desde sua cria\u00e7\u00e3o conta com o apoio de grandes parceiros para sua realiza\u00e7\u00e3o. Em 2022, teve como apoiadores: Sebrae Minas, Syngenta, Stoller, Rabobank, Solinftec, Sicoob, Voiter e Pinhalense.<\/p>\n\n\n\n<p id=\"viewer-5uvth\"><\/p>\n\n\n\n<p id=\"viewer-f2q7j\"><strong>50 anos da Regi\u00e3o do Cerrado Mineiro<\/strong><\/p>\n\n\n\n<p id=\"viewer-l6qd\">Em 2022, a Regi\u00e3o do Cerrado Mineiro completa 50 anos. Uma hist\u00f3ria que come\u00e7ou na d\u00e9cada de 1970, por meio da experi\u00eancia no cultivo de caf\u00e9 de pessoas de outras regi\u00f5es que se uniram \u00e0s pessoas da terra, souberam driblar os obst\u00e1culos e fizeram surgir oportunidades para o cultivo de caf\u00e9 em uma regi\u00e3o \u00fanica. Ao longo dos anos, o que surgiu como Caf\u00e9 do Cerrado se transformou em Regi\u00e3o do Cerrado Mineiro, uma regi\u00e3o com atitude, hist\u00f3rias, ra\u00edzes e territ\u00f3rio. Passados 50 anos, a RCM conta com 4.500 cafeicultores distribu\u00eddos por 55 munic\u00edpios que se reinventam a cada nova safra, a cada nova gera\u00e7\u00e3o.<\/p>\n\n\n\n<p id=\"viewer-42u47\">A RCM possui uma \u00e1rea de produ\u00e7\u00e3o de 255 mil hectares e \u00e9 respons\u00e1vel por 12,7% da produ\u00e7\u00e3o brasileira de caf\u00e9 e 25,4% da produ\u00e7\u00e3o mineira. A perfeita defini\u00e7\u00e3o das esta\u00e7\u00f5es clim\u00e1ticas, com ver\u00e3o quente e \u00famido e inverno ameno e seco \u00e9 uma caracter\u00edstica da regi\u00e3o. Os cafeeiros s\u00e3o cultivados em \u00e1reas com altitude variando entre 800 e 1.300 metros e o resultado s\u00e3o caf\u00e9s com identidade \u00fanica e alta qualidade. Os caf\u00e9s da regi\u00e3o t\u00eam como caracter\u00edsticas aroma intenso, com notas variando de caramelo a nozes; acidez delicadamente c\u00edtrica; corpo moderado a encorpado; sabor adocicado com aspecto de chocolate e finaliza\u00e7\u00e3o de longa dura\u00e7\u00e3o.<\/p>\n\n\n\n<p id=\"viewer-836mq\">Mais informa\u00e7\u00f5es sobre a Regi\u00e3o do Cerrado Mineiro: <a target=\"_blank\" href=\"http:\/\/www.cerradomineiro.org\/\" rel=\"noreferrer noopener\">www.cerradomineiro.org<\/a><\/p>\n","protected":false},"excerpt":{"rendered":"<p>Melhores caf\u00e9s da safra 2022 ser\u00e3o revelados em cerim\u00f4nia que reunir\u00e1 representantes de toda cadeia produtiva A Federa\u00e7\u00e3o dos Cafeicultores do Cerrado realizar\u00e1, no dia 30 de novembro, cerim\u00f4nia para<\/p>\n","protected":false},"author":1,"featured_media":5517,"comment_status":"open","ping_status":"open","sticky":false,"template":"","format":"standard","meta":{"footnotes":""},"categories":[1],"tags":[],"class_list":["post-5516","post","type-post","status-publish","format-standard","has-post-thumbnail","hentry","category-noticias"],"_links":{"self":[{"href":"https:\/\/revistahubclub.com.br\/portal\/wp-json\/wp\/v2\/posts\/5516","targetHints":{"allow":["GET"]}}],"collection":[{"href":"https:\/\/revistahubclub.com.br\/portal\/wp-json\/wp\/v2\/posts"}],"about":[{"href":"https:\/\/revistahubclub.com.br\/portal\/wp-json\/wp\/v2\/types\/post"}],"author":[{"embeddable":true,"href":"https:\/\/revistahubclub.com.br\/portal\/wp-json\/wp\/v2\/users\/1"}],"replies":[{"embeddable":true,"href":"https:\/\/revistahubclub.com.br\/portal\/wp-json\/wp\/v2\/comments?post=5516"}],"version-history":[{"count":1,"href":"https:\/\/revistahubclub.com.br\/portal\/wp-json\/wp\/v2\/posts\/5516\/revisions"}],"predecessor-version":[{"id":5518,"href":"https:\/\/revistahubclub.com.br\/portal\/wp-json\/wp\/v2\/posts\/5516\/revisions\/5518"}],"wp:featuredmedia":[{"embeddable":true,"href":"https:\/\/revistahubclub.com.br\/portal\/wp-json\/wp\/v2\/media\/5517"}],"wp:attachment":[{"href":"https:\/\/revistahubclub.com.br\/portal\/wp-json\/wp\/v2\/media?parent=5516"}],"wp:term":[{"taxonomy":"category","embeddable":true,"href":"https:\/\/revistahubclub.com.br\/portal\/wp-json\/wp\/v2\/categories?post=5516"},{"taxonomy":"post_tag","embeddable":true,"href":"https:\/\/revistahubclub.com.br\/portal\/wp-json\/wp\/v2\/tags?post=5516"}],"curies":[{"name":"wp","href":"https:\/\/api.w.org\/{rel}","templated":true}]}}