{"id":552,"date":"2024-10-02T16:07:29","date_gmt":"2024-10-02T19:07:29","guid":{"rendered":"https:\/\/revistahubclub.com.br\/portal\/?p=552"},"modified":"2024-12-11T16:08:15","modified_gmt":"2024-12-11T19:08:15","slug":"iraci-prado-o-legado-de-uma-vida-dedicada-ao-trabalho-e-a-familia","status":"publish","type":"post","link":"https:\/\/revistahubclub.com.br\/portal\/2024\/10\/02\/iraci-prado-o-legado-de-uma-vida-dedicada-ao-trabalho-e-a-familia\/","title":{"rendered":"Iraci Prado &#8211; O legado de uma vida dedicada ao trabalho e \u00e0 fam\u00edlia"},"content":{"rendered":"\n<p id=\"viewer-foo\"><strong><em>Publi Editorial | Fotos Divulga\u00e7\u00e3o<\/em><\/strong><\/p>\n\n\n\n<p id=\"viewer-1ug2c1293\">Iniciei minha jornada na ind\u00fastria na d\u00e9cada de 70, quando as notas fiscais e o processo de escritura\u00e7\u00e3o eram feitos manualmente. Passei pela fase das m\u00e1quinas de escrever at\u00e9 chegar \u00e0 era da inform\u00e1tica. Na \u00e9poca em que estudei, meu \u00fanico curso formal foi o Normal, voltado para lecionar da primeira \u00e0 quarta s\u00e9rie. No entanto, meu caminho profissional seguiu uma dire\u00e7\u00e3o completamente diferente.<\/p>\n\n\n\n<p id=\"viewer-2rdfu1213\">Apesar de n\u00e3o ter forma\u00e7\u00e3o espec\u00edfica na \u00e1rea em que comecei a trabalhar, acredito que meu interesse e dedica\u00e7\u00e3o me permitiram aprender e desenvolver um trabalho de qualidade. Esse foi o maior desafio que enfrentei: atuar em um campo para o qual n\u00e3o tinha forma\u00e7\u00e3o acad\u00eamica.<\/p>\n\n\n\n<p id=\"viewer-ovlcr1251\">Por outro lado, tive o privil\u00e9gio de trabalhar ao lado da minha fam\u00edlia, o que, apesar dos desafios e dificuldades enfrentados ao longo dos anos, facilitou muito minha trajet\u00f3ria. O que sempre me motivou a enfrentar as dificuldades e desafios foram minhas filhas, a vontade de vencer, de realizar mais, e a necessidade constante de aprender, participar e acompanhar a evolu\u00e7\u00e3o.<\/p>\n\n\n\n<p id=\"viewer-oudfj1257\">Sou uma pessoa que gosta de ter obriga\u00e7\u00f5es, de assumir compromissos e de saber que algo depende de mim \u2013 isso me faz viver bem. Hoje, com 70 anos, me sinto realizada. Embora n\u00e3o pense em parar, tenho um excelente relacionamento com a equipe com quem trabalho, sou muito participativa nos diversos assuntos da empresa e procuro sempre aprender e me atualizar.<\/p>\n\n\n\n<p id=\"viewer-or9zm1264\">Depois de um dia de muito trabalho, n\u00e3o sinto cansa\u00e7o; sinto-me feliz e sempre agrade\u00e7o a Deus. Sou uma das s\u00f3cias propriet\u00e1rias da Qu\u00edmica Estrela, uma empresa familiar que j\u00e1 est\u00e1 na terceira gera\u00e7\u00e3o, focada na venda de soda c\u00e1ustica e na fabrica\u00e7\u00e3o de produtos de limpeza. Atendemos a quase todos os estados do Brasil e buscamos expandir ainda mais nosso espa\u00e7o no mercado.<\/p>\n\n\n\n<p id=\"viewer-3smg41272\">Al\u00e9m da Qu\u00edmica Estrela, sediada em Uberl\u00e2ndia, sou tamb\u00e9m s\u00f3cia propriet\u00e1ria de uma fi lial em S\u00e3o Paulo, dedicada \u00e0 distribui\u00e7\u00e3o de nossos produtos nesse estado, e da Prado Transportes Rodovi\u00e1rio que, al\u00e9m de entregar nossos produtos, presta servi\u00e7os a terceiros. Tenho muito orgulho de fazer parte da Qu\u00edmica Estrela, uma empresa s\u00f3lida e cumpridora de suas obriga\u00e7\u00f5es em todos os \u00e2mbitos, que vem se expandindo sempre com recursos pr\u00f3prios e muita honestidade.<\/p>\n\n\n\n<p id=\"viewer-s62ic1281\">Este \u00e9 o maior legado que queremos deixar para nossos filhos e futuras gera\u00e7\u00f5es. Sou m\u00e3e, av\u00f3, feliz, atuante, inovadora e extremamente determinada. Gosto muito de trabalhar e de me sentir \u00fatil at\u00e9 quando Deus me permitir.<\/p>\n","protected":false},"excerpt":{"rendered":"<p>Publi Editorial | Fotos Divulga\u00e7\u00e3o Iniciei minha jornada na ind\u00fastria na d\u00e9cada de 70, quando as notas fiscais e o processo de escritura\u00e7\u00e3o eram feitos manualmente. Passei pela fase das<\/p>\n","protected":false},"author":1,"featured_media":553,"comment_status":"open","ping_status":"open","sticky":false,"template":"","format":"standard","meta":{"footnotes":""},"categories":[1],"tags":[],"class_list":["post-552","post","type-post","status-publish","format-standard","has-post-thumbnail","hentry","category-noticias"],"_links":{"self":[{"href":"https:\/\/revistahubclub.com.br\/portal\/wp-json\/wp\/v2\/posts\/552","targetHints":{"allow":["GET"]}}],"collection":[{"href":"https:\/\/revistahubclub.com.br\/portal\/wp-json\/wp\/v2\/posts"}],"about":[{"href":"https:\/\/revistahubclub.com.br\/portal\/wp-json\/wp\/v2\/types\/post"}],"author":[{"embeddable":true,"href":"https:\/\/revistahubclub.com.br\/portal\/wp-json\/wp\/v2\/users\/1"}],"replies":[{"embeddable":true,"href":"https:\/\/revistahubclub.com.br\/portal\/wp-json\/wp\/v2\/comments?post=552"}],"version-history":[{"count":1,"href":"https:\/\/revistahubclub.com.br\/portal\/wp-json\/wp\/v2\/posts\/552\/revisions"}],"predecessor-version":[{"id":554,"href":"https:\/\/revistahubclub.com.br\/portal\/wp-json\/wp\/v2\/posts\/552\/revisions\/554"}],"wp:featuredmedia":[{"embeddable":true,"href":"https:\/\/revistahubclub.com.br\/portal\/wp-json\/wp\/v2\/media\/553"}],"wp:attachment":[{"href":"https:\/\/revistahubclub.com.br\/portal\/wp-json\/wp\/v2\/media?parent=552"}],"wp:term":[{"taxonomy":"category","embeddable":true,"href":"https:\/\/revistahubclub.com.br\/portal\/wp-json\/wp\/v2\/categories?post=552"},{"taxonomy":"post_tag","embeddable":true,"href":"https:\/\/revistahubclub.com.br\/portal\/wp-json\/wp\/v2\/tags?post=552"}],"curies":[{"name":"wp","href":"https:\/\/api.w.org\/{rel}","templated":true}]}}