{"id":5557,"date":"2022-11-22T14:21:00","date_gmt":"2022-11-22T17:21:00","guid":{"rendered":"https:\/\/revistahubclub.com.br\/portal\/?p=5557"},"modified":"2024-12-18T14:22:01","modified_gmt":"2024-12-18T17:22:01","slug":"emcantar-social-convida-para-apresentacoes-do-projeto-artes-cenicas","status":"publish","type":"post","link":"https:\/\/revistahubclub.com.br\/portal\/2022\/11\/22\/emcantar-social-convida-para-apresentacoes-do-projeto-artes-cenicas\/","title":{"rendered":"EMCANTAR Social convida para apresenta\u00e7\u00f5es do Projeto Artes C\u00eanicas"},"content":{"rendered":"\n<p id=\"viewer-foo\"><em>Teatro de Bolso do Mercado Municipal ser\u00e1 palco para as crian\u00e7as no dia 25\/11 \u00e0s 19h. Entrada franca!<\/em><\/p>\n\n\n\n<p id=\"viewer-dhflg\"><em>*Por Ciclo Assessoria<\/em><\/p>\n\n\n\n<blockquote class=\"wp-block-quote is-layout-flow wp-block-quote-is-layout-flow\">\n<p>&#8220;Quando a gente t\u00e1 contente tanto faz o quente, tanto faz o frio, tanto faz&#8221;. J\u00e1 viu o tempo passar assim: r\u00e1pido ou muito devagar, dependendo do que estamos fazendo?<\/p>\n<\/blockquote>\n\n\n\n<p id=\"viewer-f8tvh\">Foi justamente sobre isso, ou seja, sobre o Tempo que os alunos do Projeto Artes C\u00eanicas do EMCANTAR Social, que comp\u00f5e o Programa Transforma e \u00e9 viabilizado com apoio do Instituto Algar, resolveram refletir e produzir um espet\u00e1culo c\u00eanico para apresenta\u00e7\u00e3o p\u00fablica.<\/p>\n\n\n\n<p id=\"viewer-3vb7e\">\u201cMisturando m\u00fasica e cenas criadas a partir de jogos de improviso e das viv\u00eancias de cada participante que, no palco, vai ser tempo de brincar, se divertir e deixar a arte tomar conta do rel\u00f3gio\u201d, afirma o arte-educador do projeto, Andr\u00e9 Salom\u00e3o.<\/p>\n\n\n\n<p id=\"viewer-8ocko\">As apresenta\u00e7\u00f5es fazem parte da agenda de eventos do EMCANTAR Social que teve in\u00edcio em novembro e segue at\u00e9 dezembro, e t\u00eam o prop\u00f3sito de apresentar para a comunidade o resultado do trabalho desenvolvido com centenas de crian\u00e7as e adolescentes da periferia da cidade ao longo deste ano em institui\u00e7\u00f5es parceiras.<\/p>\n\n\n\n<p id=\"viewer-2pddr\">\u201cFoi um ano muito diferente porque retomamos o trabalho presencial ap\u00f3s a pandemia, expandindo nossa atua\u00e7\u00e3o, o que trouxe desafios mas tamb\u00e9m novidades que agora queremos compartilhar com todos\u201d, convida a diretora do EMCANTAR Social, Ana Lopez.<\/p>\n\n\n\n<p id=\"viewer-dl90u\">Al\u00e9m das apresenta\u00e7\u00f5es abertas ao p\u00fablico, o projeto ir\u00e1 realizar uma palestra para educadores na Faculdade Pit\u00e1goras sobre a Pedagogia do Encantamento, metodologia desenvolvida pelo EMCANTAR em seus mais de 25 anos de hist\u00f3ria ligada \u00e0 Cultura e \u00e0 Educa\u00e7\u00e3o e na qual suas atividades est\u00e3o fundamentadas atrav\u00e9s da \u2018Cultura do Brincar\u2019 e da \u2018Viv\u00eancia e Cria\u00e7\u00e3o Art\u00edsticas\u2019.<\/p>\n\n\n\n<p id=\"viewer-966k7\">As oficinas do Projeto Artes C\u00eanicas s\u00e3o viabilizadas pela Federal de Incentivo \u00e0 Cultura, com patroc\u00ednio do Instituto Algar e parceria do Programa Transforma e A\u00e7\u00e3o Moradia.<\/p>\n\n\n\n<figure class=\"wp-block-image\"><img loading=\"lazy\" decoding=\"async\" width=\"740\" height=\"493\" src=\"https:\/\/revistahubclub.com.br\/portal\/wp-content\/uploads\/2024\/12\/cf07ad_27c18aa7a5874e039a7b62a3c331959cmv2.jpg\" alt=\"\" class=\"wp-image-5560\" srcset=\"https:\/\/revistahubclub.com.br\/portal\/wp-content\/uploads\/2024\/12\/cf07ad_27c18aa7a5874e039a7b62a3c331959cmv2.jpg 740w, https:\/\/revistahubclub.com.br\/portal\/wp-content\/uploads\/2024\/12\/cf07ad_27c18aa7a5874e039a7b62a3c331959cmv2-300x200.jpg 300w\" sizes=\"auto, (max-width: 740px) 100vw, 740px\" \/><\/figure>\n\n\n\n<p id=\"viewer-dekej\"><strong>Confira a agenda e participe:<\/strong><\/p>\n\n\n\n<p id=\"viewer-a8lvj\">22\/11 \u2013 Escola Estadual Presidente Juscelino Kubitschek \u2013 09h 22\/11 \u2013 CEU Shopping Park \u2013 15h30 25\/11 \u2013 Teatro de Bolso do Mercado Municipal \u2013 19h 29\/11 \u2013 Audit\u00f3rio Pit\u00e1goras (CEMEPE) \u2013 19h<\/p>\n\n\n\n<p id=\"viewer-bor8m\"><strong>MAIS SOBRE O EMCANTAR &#8211; <\/strong>Fazer arte e encantar pessoas! \u00c9 assim que h\u00e1 25 anos, a Cia. Cultural EMCANTAR combina Cultura e Educa\u00e7\u00e3o, porque acredita que a arte tem o poder de encantar e inspirar as pessoas a vivenciar seus potenciais. Com duas frentes de atua\u00e7\u00e3o \u2013 o Grupo EMCANTAR e o EMCANTAR SOCIAL \u2013 a companhia realiza produ\u00e7\u00f5es art\u00edstico-culturais e projetos sociais de forma\u00e7\u00e3o para inf\u00e2ncia e juventude. Em mais de duas d\u00e9cadas, j\u00e1 reuniu mais de 400 mil pessoas em espet\u00e1culos, 20 mil crian\u00e7as e adolescentes e pessoas da comunidade beneficiados em projetos sociais, mais de 100 projetos desenvolvidos, al\u00e9m de 10 t\u00edtulos e premia\u00e7\u00f5es.<\/p>\n\n\n\n<p id=\"viewer-8ch6r\"><strong>SOBRE INSTITUTO ALGAR<\/strong><\/p>\n\n\n\n<p id=\"viewer-9vvsb\">H\u00e1 duas d\u00e9cadas, o Instituto Algar se dedica a contribuir com o desenvolvimento de pessoas. De forma colaborativa, unimos esfor\u00e7os e institui\u00e7\u00f5es para desenvolver a comunidade, por meio da educa\u00e7\u00e3o, do esporte, da cultura e do voluntariado. Enxergar o potencial de cada crian\u00e7a, adolescente e jovem dos nossos programas sociais \u00e9 o que nos inspira. Nessa trajet\u00f3ria, mais de meio milh\u00e3o de vidas j\u00e1 foram transformadas. Instituto Algar. H\u00e1 20 anos conectando pessoas \u00e0s oportunidades.<\/p>\n\n\n\n<figure class=\"wp-block-image\"><img loading=\"lazy\" decoding=\"async\" width=\"740\" height=\"493\" src=\"https:\/\/revistahubclub.com.br\/portal\/wp-content\/uploads\/2024\/12\/cf07ad_960b8ee309c74438a5fc20444f161a01mv2.jpg\" alt=\"\" class=\"wp-image-5559\" srcset=\"https:\/\/revistahubclub.com.br\/portal\/wp-content\/uploads\/2024\/12\/cf07ad_960b8ee309c74438a5fc20444f161a01mv2.jpg 740w, https:\/\/revistahubclub.com.br\/portal\/wp-content\/uploads\/2024\/12\/cf07ad_960b8ee309c74438a5fc20444f161a01mv2-300x200.jpg 300w\" sizes=\"auto, (max-width: 740px) 100vw, 740px\" \/><\/figure>\n","protected":false},"excerpt":{"rendered":"<p>Teatro de Bolso do Mercado Municipal ser\u00e1 palco para as crian\u00e7as no dia 25\/11 \u00e0s 19h. Entrada franca! *Por Ciclo Assessoria &#8220;Quando a gente t\u00e1 contente tanto faz o quente,<\/p>\n","protected":false},"author":1,"featured_media":5558,"comment_status":"open","ping_status":"open","sticky":false,"template":"","format":"standard","meta":{"footnotes":""},"categories":[1],"tags":[],"class_list":["post-5557","post","type-post","status-publish","format-standard","has-post-thumbnail","hentry","category-noticias"],"_links":{"self":[{"href":"https:\/\/revistahubclub.com.br\/portal\/wp-json\/wp\/v2\/posts\/5557","targetHints":{"allow":["GET"]}}],"collection":[{"href":"https:\/\/revistahubclub.com.br\/portal\/wp-json\/wp\/v2\/posts"}],"about":[{"href":"https:\/\/revistahubclub.com.br\/portal\/wp-json\/wp\/v2\/types\/post"}],"author":[{"embeddable":true,"href":"https:\/\/revistahubclub.com.br\/portal\/wp-json\/wp\/v2\/users\/1"}],"replies":[{"embeddable":true,"href":"https:\/\/revistahubclub.com.br\/portal\/wp-json\/wp\/v2\/comments?post=5557"}],"version-history":[{"count":1,"href":"https:\/\/revistahubclub.com.br\/portal\/wp-json\/wp\/v2\/posts\/5557\/revisions"}],"predecessor-version":[{"id":5561,"href":"https:\/\/revistahubclub.com.br\/portal\/wp-json\/wp\/v2\/posts\/5557\/revisions\/5561"}],"wp:featuredmedia":[{"embeddable":true,"href":"https:\/\/revistahubclub.com.br\/portal\/wp-json\/wp\/v2\/media\/5558"}],"wp:attachment":[{"href":"https:\/\/revistahubclub.com.br\/portal\/wp-json\/wp\/v2\/media?parent=5557"}],"wp:term":[{"taxonomy":"category","embeddable":true,"href":"https:\/\/revistahubclub.com.br\/portal\/wp-json\/wp\/v2\/categories?post=5557"},{"taxonomy":"post_tag","embeddable":true,"href":"https:\/\/revistahubclub.com.br\/portal\/wp-json\/wp\/v2\/tags?post=5557"}],"curies":[{"name":"wp","href":"https:\/\/api.w.org\/{rel}","templated":true}]}}