{"id":5595,"date":"2022-11-18T14:26:00","date_gmt":"2022-11-18T17:26:00","guid":{"rendered":"https:\/\/revistahubclub.com.br\/portal\/?p=5595"},"modified":"2024-12-18T14:27:14","modified_gmt":"2024-12-18T17:27:14","slug":"nova-obra-destaca-propostas-para-desenvolvimento-com-inclusao-social","status":"publish","type":"post","link":"https:\/\/revistahubclub.com.br\/portal\/2022\/11\/18\/nova-obra-destaca-propostas-para-desenvolvimento-com-inclusao-social\/","title":{"rendered":"Nova obra destaca propostas para desenvolvimento com inclus\u00e3o social"},"content":{"rendered":"\n<p id=\"viewer-foo\"><em>Colet\u00e2nea re\u00fane an\u00e1lises de 27 autores em publica\u00e7\u00e3o da Funda\u00e7\u00e3o Astrojildo Pereira.<\/em><\/p>\n\n\n\n<p id=\"viewer-8035o\">Por Cleomar Almeida &#8211; FAP Fotos Divulga\u00e7\u00e3o<\/p>\n\n\n\n<p id=\"viewer-4i5n8\">Propostas econ\u00f4micas para o governo brasileiro est\u00e3o reunidas na obra Retomada do Desenvolvimento: reflex\u00f5es econ\u00f4micas para um modelo de crescimento com inclus\u00e3o social (356 p\u00e1ginas) editada pela Funda\u00e7\u00e3o Astrojildo Pereira (FAP) em Bras\u00edlia. Em formato de colet\u00e2nea de artigos de 27 economistas, pesquisadores e nomes do mercado, a publica\u00e7\u00e3o foi lan\u00e7ada, recentemente em evento virtual.<\/p>\n\n\n\n<p id=\"viewer-eli88\">A obra \u00e9 a mais nova edi\u00e7\u00e3o tem\u00e1tica da revista Pol\u00edtica Democr\u00e1tica. O p\u00fablico pode conferir, em tempo real, a transmiss\u00e3o do debate no portal da FAP, no canal da funda\u00e7\u00e3o no YouTube e na p\u00e1gina da entidade no Facebook, onde o v\u00eddeo do lan\u00e7amento da obra tamb\u00e9m est\u00e1 dispon\u00edvel para os interessados.<\/p>\n\n\n\n<p id=\"viewer-6qt7j\">O debate teve a participa\u00e7\u00e3o dos organizadores da 60\u00aa edi\u00e7\u00e3o da revista, os economistas Benito Salom\u00e3o e Jos\u00e9 Luis Oreiro, que discutiram propostas com as economistas Camila Hermida e Julia de Medeiros Braga e com o tamb\u00e9m economista Ant\u00f4nio Corr\u00eaa de Lacerda.<\/p>\n\n\n\n<p id=\"viewer-6i3dl\">Os demais autores do livro abordaram suas an\u00e1lises durante o evento online. De acordo com a obra, o Brasil passa neste ano por um momento<\/p>\n\n\n\n<p id=\"viewer-fb9aa\">crucial de sua recente vida democr\u00e1tica. As elei\u00e7\u00f5es de outubro ser\u00e3o permeadas por um componente adicional de incertezas advindas da economia. Ap\u00f3s praticamente uma d\u00e9cada perdida, em que a economia brasileira apresentou em 2020 um PIB per capita inferior ao que tinha em 2010, o pa\u00eds ainda segue com dois desafios neste momento de elei\u00e7\u00f5es.<\/p>\n\n\n\n<p id=\"viewer-biji2\"><strong>Desafios<\/strong><\/p>\n\n\n\n<p id=\"viewer-dt0a2\">O primeiro desafio \u00e9, de acordo com os organizadores, a capacidade de o Brasil reafirmar sua democracia, restabelecendo uma conviv\u00eancia sadia entre as institui\u00e7\u00f5es que o governa. Al\u00e9m disso, o pa\u00eds dever\u00e1 encontrar um caminho para restabelecer as bases m\u00ednimas para o crescimento sustentado nesta d\u00e9cada em curso e na pr\u00f3xima.<\/p>\n\n\n\n<figure class=\"wp-block-image\"><img loading=\"lazy\" decoding=\"async\" width=\"740\" height=\"452\" src=\"https:\/\/revistahubclub.com.br\/portal\/wp-content\/uploads\/2024\/12\/cf07ad_ce44f532820042f18af8002e8c40e9d2mv2.jpg\" alt=\"\" class=\"wp-image-5597\" srcset=\"https:\/\/revistahubclub.com.br\/portal\/wp-content\/uploads\/2024\/12\/cf07ad_ce44f532820042f18af8002e8c40e9d2mv2.jpg 740w, https:\/\/revistahubclub.com.br\/portal\/wp-content\/uploads\/2024\/12\/cf07ad_ce44f532820042f18af8002e8c40e9d2mv2-300x183.jpg 300w\" sizes=\"auto, (max-width: 740px) 100vw, 740px\" \/><\/figure>\n\n\n\n<p id=\"viewer-76m5u\"><em>( A publica\u00e7\u00e3o ficou mais rica e diferente dos demais esfor\u00e7os acad\u00eamicos no sentido de propor uma agenda para o pa\u00eds )<\/em><\/p>\n\n\n\n<p id=\"viewer-ffre1\">\u201cA poucos meses de uma elei\u00e7\u00e3o crucial para a sociedade brasileira, o debate p\u00fablico est\u00e1 concentrado em leitura de pesquisas de inten\u00e7\u00e3o de votos, em pol\u00eamicas in\u00fateis e em quest\u00f5es puramente identit\u00e1rias. Aos poucos, a opini\u00e3o p\u00fablica brasileira vai se distanciando de uma concep\u00e7\u00e3o ut\u00f3pica de desenvolvimento\u201d, diz um trecho da obra. A mais nova edi\u00e7\u00e3o da revista Pol\u00edtica Democr\u00e1tica visa mostrar para a opini\u00e3o p\u00fablica que, embora o crescimento com distribui\u00e7\u00e3o de renda tenha se tornado distante na \u00faltima d\u00e9cada, este \u00e9 um caminho que pode ser retomado com ideias e empenho pol\u00edtico. Segundo a publica\u00e7\u00e3o, \u201co pa\u00eds precisa parar de desperdi\u00e7ar energias com embates in\u00fateis, crises institucionais sem sentido e acirramentos a troco de nada\u201d.<\/p>\n\n\n\n<p id=\"viewer-c02av\">Com an\u00e1lises cient\u00edficas, a obra defende uma mobiliza\u00e7\u00e3o para que o pa\u00eds tenha popula\u00e7\u00e3o devidamente educada, economia diversificada e integrada ao novo padr\u00e3o tecnol\u00f3gico, servi\u00e7os p\u00fablicos universais e de boa qualidade, al\u00e9m de infraestrutura capaz de integrar as muitas regi\u00f5es do pa\u00eds. A revista sinaliza, ainda, como conquistar crescimento perene do PIB per capita a longo prazo somado \u00e0 melhoria do padr\u00e3o distributivo desta riqueza.<\/p>\n\n\n\n<p id=\"viewer-bpuj1\"><strong>Pluralidade<\/strong><\/p>\n\n\n\n<p id=\"viewer-3jc84\">Baseadas em an\u00e1lises sustentadas em concep\u00e7\u00e3o plural, de acordo com os autores, a publica\u00e7\u00e3o ficou \u201cainda mais rica e diferente dos demais esfor\u00e7os acad\u00eamicos no sentido de propor uma agenda para o pa\u00eds\u201d. Isto porque, normalmente, os livros de ensaios organizados para propor alguma agenda econ\u00f4mica s\u00e3o de iniciativa de grupos de estudo, ou clubes<\/p>\n\n\n\n<p id=\"viewer-9ml1k\">acad\u00eamicos, muitos j\u00e1 conhecidos da opini\u00e3o p\u00fablica e que t\u00eam muito pouca abertura para incorporar ideias divergentes.<\/p>\n\n\n\n<blockquote class=\"wp-block-quote is-layout-flow wp-block-quote-is-layout-flow\">\n<p>\u201cAqui, at\u00e9 pela pluralidade do grupo de desenvolvimento que organizou esta publica\u00e7\u00e3o, onde convivem economistas, engenheiros, cientistas pol\u00edticos, juristas, n\u00e3o seria vi\u00e1vel que esta edi\u00e7\u00e3o tivesse a fei\u00e7\u00e3o espec\u00edfica de alguma bolha te\u00f3rica, ou acad\u00eamica\u201d, enfatizaram os organizadores durante a apresenta\u00e7\u00e3o.<\/p>\n<\/blockquote>\n\n\n\n<ul class=\"wp-block-list\">\n<li>Economista Benito Salom\u00e3o, um dos organizadores da 60\u00aa edi\u00e7\u00e3o da revista<\/li>\n<\/ul>\n","protected":false},"excerpt":{"rendered":"<p>Colet\u00e2nea re\u00fane an\u00e1lises de 27 autores em publica\u00e7\u00e3o da Funda\u00e7\u00e3o Astrojildo Pereira. Por Cleomar Almeida &#8211; FAP Fotos Divulga\u00e7\u00e3o Propostas econ\u00f4micas para o governo brasileiro est\u00e3o reunidas na obra Retomada<\/p>\n","protected":false},"author":1,"featured_media":5596,"comment_status":"open","ping_status":"open","sticky":false,"template":"","format":"standard","meta":{"footnotes":""},"categories":[1],"tags":[],"class_list":["post-5595","post","type-post","status-publish","format-standard","has-post-thumbnail","hentry","category-noticias"],"_links":{"self":[{"href":"https:\/\/revistahubclub.com.br\/portal\/wp-json\/wp\/v2\/posts\/5595","targetHints":{"allow":["GET"]}}],"collection":[{"href":"https:\/\/revistahubclub.com.br\/portal\/wp-json\/wp\/v2\/posts"}],"about":[{"href":"https:\/\/revistahubclub.com.br\/portal\/wp-json\/wp\/v2\/types\/post"}],"author":[{"embeddable":true,"href":"https:\/\/revistahubclub.com.br\/portal\/wp-json\/wp\/v2\/users\/1"}],"replies":[{"embeddable":true,"href":"https:\/\/revistahubclub.com.br\/portal\/wp-json\/wp\/v2\/comments?post=5595"}],"version-history":[{"count":1,"href":"https:\/\/revistahubclub.com.br\/portal\/wp-json\/wp\/v2\/posts\/5595\/revisions"}],"predecessor-version":[{"id":5598,"href":"https:\/\/revistahubclub.com.br\/portal\/wp-json\/wp\/v2\/posts\/5595\/revisions\/5598"}],"wp:featuredmedia":[{"embeddable":true,"href":"https:\/\/revistahubclub.com.br\/portal\/wp-json\/wp\/v2\/media\/5596"}],"wp:attachment":[{"href":"https:\/\/revistahubclub.com.br\/portal\/wp-json\/wp\/v2\/media?parent=5595"}],"wp:term":[{"taxonomy":"category","embeddable":true,"href":"https:\/\/revistahubclub.com.br\/portal\/wp-json\/wp\/v2\/categories?post=5595"},{"taxonomy":"post_tag","embeddable":true,"href":"https:\/\/revistahubclub.com.br\/portal\/wp-json\/wp\/v2\/tags?post=5595"}],"curies":[{"name":"wp","href":"https:\/\/api.w.org\/{rel}","templated":true}]}}