{"id":5628,"date":"2022-11-14T21:10:00","date_gmt":"2022-11-15T00:10:00","guid":{"rendered":"https:\/\/revistahubclub.com.br\/portal\/?p=5628"},"modified":"2024-12-18T21:10:44","modified_gmt":"2024-12-19T00:10:44","slug":"cdl-recebe-conecta-empreendedoras-que-reune-cases-de-sucesso-e-espaco-de-partilha-e-conexao","status":"publish","type":"post","link":"https:\/\/revistahubclub.com.br\/portal\/2022\/11\/14\/cdl-recebe-conecta-empreendedoras-que-reune-cases-de-sucesso-e-espaco-de-partilha-e-conexao\/","title":{"rendered":"CDL recebe &#8220;Conecta Empreendedoras&#8221;, que re\u00fane cases de sucesso e espa\u00e7o de partilha e conex\u00e3o"},"content":{"rendered":"\n<p id=\"viewer-foo\"><em>Evento em Uberl\u00e2ndia \u00e9 promovido pelo Instituto de Empreendedoras, cuja miss\u00e3o \u00e9 apoiar, promover e desenvolver mulheres e seus neg\u00f3cios.<\/em><\/p>\n\n\n\n<p id=\"viewer-4a524\">*Por Palmira Ribeiro<\/p>\n\n\n\n<p id=\"viewer-fb0ns\">Na pr\u00f3xima quarta-feira (16), o Instituto de Empreendedoras vai promover em Uberl\u00e2ndia o &#8220;Conecta Empreendedoras&#8221;, evento de neg\u00f3cios femininos da cidade que tem o intuito de gerar conex\u00e3o, parcerias, entretenimento, conhecimento e informa\u00e7\u00e3o de qualidade.<\/p>\n\n\n\n<p id=\"viewer-9tj9l\">Empreendedoras e empres\u00e1rias da cidade e regi\u00e3o se encontrar\u00e3o no audit\u00f3rio da C\u00e2mara de Dirigentes Lojistas (CDL) a partir das 13h, para troca de experi\u00eancias entre mulheres que vivem ou desejam viver a jornada empreendedora, al\u00e9m de compartilhar hist\u00f3rias e as principais estrat\u00e9gias que as tornaram grandes cases de sucesso.<\/p>\n\n\n\n<p id=\"viewer-fg4ru\"><strong>Programa\u00e7\u00e3o<\/strong><\/p>\n\n\n\n<ul class=\"wp-block-list\">\n<li><strong>Palestras<\/strong> <strong>&#8211;<\/strong> ter\u00e3o como foco inspirar as empreendedoras a continuarem trilhando rumo ao sucesso.<\/li>\n\n\n\n<li><strong>Bate papo &#8211;<\/strong> mulheres incr\u00edveis falar\u00e3o sobre temas espec\u00edficos; veja mais abaixo.<\/li>\n\n\n\n<li><strong>Caf\u00e9 com Networking &#8211;<\/strong> ser\u00e1 oferecido coffee break durante uma hora e um momento especial no sal\u00e3o da CDL para gerar trocas.<\/li>\n\n\n\n<li><strong>Expositores &#8211;<\/strong> marcas dos patrocinadores far\u00e3o exposi\u00e7\u00e3o no sal\u00e3o central da CDL.<\/li>\n\n\n\n<li><strong>Comemora\u00e7\u00e3o &#8211;<\/strong> ser\u00e1 um dia especial para celebrar o Dia do Empreendedorismo Feminino.<\/li>\n<\/ul>\n\n\n\n<p id=\"viewer-ao06k\"><strong>As palestrantes<\/strong><\/p>\n\n\n\n<p id=\"viewer-4katu\">Let\u00edcia Manzan, Diretora e fundadora da Manzan Brand<\/p>\n\n\n\n<p id=\"viewer-aql\">Alcina Xavier, S\u00f3cia da marca Provanza<\/p>\n\n\n\n<p id=\"viewer-1c6pg\">Evelyn Tanache, Empres\u00e1ria e Franqueada da rede Jin-Jin<\/p>\n\n\n\n<p id=\"viewer-7m610\">Let\u00edcia Tamtaum, Fundadora marca Tamtaum<\/p>\n\n\n\n<p id=\"viewer-bqjfd\">Ariana Cardoso, Franqueada Mmartan, Artex e Samsonite<\/p>\n\n\n\n<p id=\"viewer-3rre9\">Mirelly Maximo. Consultora de Ecommerce<\/p>\n\n\n\n<p id=\"viewer-6bitj\">Ranielle Ribeiro, Mentora Lash Express e Palestrante internacional<\/p>\n\n\n\n<p id=\"viewer-ab0st\">Rhina Aquino, Empreendedora Brasil Cacau e Lado Z \u2013 Ituiutaba<\/p>\n\n\n\n<p id=\"viewer-9r2je\">Ana Paula Veloso, Presidential Diamond Founder Doterra Brasil<\/p>\n\n\n\n<p id=\"viewer-2kkbi\"><strong>Servi\u00e7o<\/strong><\/p>\n\n\n\n<p id=\"viewer-euo1s\">\u2022 Data: 16\/11\/2022<\/p>\n\n\n\n<p id=\"viewer-2kgpj\">\u2022 Local: CDL Uberl\u00e2ndia<\/p>\n\n\n\n<p id=\"viewer-7pgvd\">\u2022 Hor\u00e1rio: das 13h \u00e0s 20h<\/p>\n\n\n\n<p id=\"viewer-8nlbb\">\u2022 Expectativa de p\u00fablico: 350 pessoas<\/p>\n\n\n\n<p id=\"viewer-bc4mm\">\u2022 Venda de ingressos: R$ 49 primeiro lote (j\u00e1 finalizado) e R$ 69 o segundo lote (<a target=\"_blank\" href=\"https:\/\/pay.hotmart.com\/C76076280L?off=4cxl45vt\" rel=\"noreferrer noopener\"><strong><u>COMPRE SEU INGRESSO AQUI<\/u><\/strong><\/a> )<\/p>\n\n\n\n<p id=\"viewer-aajjh\">\u2022 10 patrocinadores e expositores<\/p>\n\n\n\n<p id=\"viewer-makk\">\u2022 9 palestrantes<\/p>\n\n\n\n<figure class=\"wp-block-image\"><img loading=\"lazy\" decoding=\"async\" width=\"740\" height=\"740\" src=\"https:\/\/revistahubclub.com.br\/portal\/wp-content\/uploads\/2024\/12\/cf07ad_851dc3abdd164c97b3e30dd404607167mv2.jpg\" alt=\"\" class=\"wp-image-5630\" srcset=\"https:\/\/revistahubclub.com.br\/portal\/wp-content\/uploads\/2024\/12\/cf07ad_851dc3abdd164c97b3e30dd404607167mv2.jpg 740w, https:\/\/revistahubclub.com.br\/portal\/wp-content\/uploads\/2024\/12\/cf07ad_851dc3abdd164c97b3e30dd404607167mv2-300x300.jpg 300w, https:\/\/revistahubclub.com.br\/portal\/wp-content\/uploads\/2024\/12\/cf07ad_851dc3abdd164c97b3e30dd404607167mv2-150x150.jpg 150w\" sizes=\"auto, (max-width: 740px) 100vw, 740px\" \/><\/figure>\n\n\n\n<p id=\"viewer-bjmk4\"><strong>Instituto de Empreendedoras<\/strong><\/p>\n\n\n\n<figure class=\"wp-block-image\"><img loading=\"lazy\" decoding=\"async\" width=\"350\" height=\"455\" src=\"https:\/\/revistahubclub.com.br\/portal\/wp-content\/uploads\/2024\/12\/cf07ad_36c76901b348406fb558ab18e63d12acmv2.png\" alt=\"\" class=\"wp-image-5631\" srcset=\"https:\/\/revistahubclub.com.br\/portal\/wp-content\/uploads\/2024\/12\/cf07ad_36c76901b348406fb558ab18e63d12acmv2.png 350w, https:\/\/revistahubclub.com.br\/portal\/wp-content\/uploads\/2024\/12\/cf07ad_36c76901b348406fb558ab18e63d12acmv2-231x300.png 231w\" sizes=\"auto, (max-width: 350px) 100vw, 350px\" \/><\/figure>\n\n\n\n<p id=\"viewer-3d0jt\">O Instituto de Empreendedoras foi fundado h\u00e1 4 anos na cidade de Uberl\u00e2ndia pela empres\u00e1ria Bel Pinhal e, hoje, comanda juntamente com C\u00edntia Flora e Bethania Bastos. O projeto \u00e9 sem fins lucrativos e ajuda mulheres empreendedoras a encontrarem seu potencial m\u00e1ximo atrav\u00e9s do conhecimento.<\/p>\n\n\n\n<p id=\"viewer-8d5q7\">Entre os projetos do instituto est\u00e3o: oferecer minicursos, workshops, palestras e masterclass. <em>&#8220;Temos entregado conhecimento de forma eficaz e praticamente sem custo para nossas empreendedoras. Acreditamos que acessando mat\u00e9rias b\u00e1sicas como gest\u00e3o administrativa, gest\u00e3o financeira, gest\u00e3o de pessoas, gest\u00e3o comercial a empres\u00e1ria poder\u00e1 tomar melhores decis\u00f5es em seu neg\u00f3cio&#8221;, diz Bel Pinhal.<\/em><\/p>\n\n\n\n<p id=\"viewer-7pek9\">Desde 2018, o Instituto de Empreendedoras j\u00e1 atendeu mais de 2.300 mulheres nos eventos e presencialmente cerca de 250 mulheres, por m\u00eas. Ao todo, s\u00e3o 5.780 mulheres no Instagram conectadas.<\/p>\n\n\n\n<p id=\"viewer-81q6\"><strong><em>Instituto de Empreendedoras<\/em><\/strong><\/p>\n\n\n\n<p id=\"viewer-5tfqk\"><em>e-amail &#8211; institutoempreendedorasudi@gmail.com<\/em><\/p>\n\n\n\n<p id=\"viewer-al8u9\"><em>Instagram &#8211; @institutodeempreendedoras<\/em><\/p>\n","protected":false},"excerpt":{"rendered":"<p>Evento em Uberl\u00e2ndia \u00e9 promovido pelo Instituto de Empreendedoras, cuja miss\u00e3o \u00e9 apoiar, promover e desenvolver mulheres e seus neg\u00f3cios. *Por Palmira Ribeiro Na pr\u00f3xima quarta-feira (16), o Instituto de<\/p>\n","protected":false},"author":1,"featured_media":5629,"comment_status":"open","ping_status":"open","sticky":false,"template":"","format":"standard","meta":{"footnotes":""},"categories":[1],"tags":[],"class_list":["post-5628","post","type-post","status-publish","format-standard","has-post-thumbnail","hentry","category-noticias"],"_links":{"self":[{"href":"https:\/\/revistahubclub.com.br\/portal\/wp-json\/wp\/v2\/posts\/5628","targetHints":{"allow":["GET"]}}],"collection":[{"href":"https:\/\/revistahubclub.com.br\/portal\/wp-json\/wp\/v2\/posts"}],"about":[{"href":"https:\/\/revistahubclub.com.br\/portal\/wp-json\/wp\/v2\/types\/post"}],"author":[{"embeddable":true,"href":"https:\/\/revistahubclub.com.br\/portal\/wp-json\/wp\/v2\/users\/1"}],"replies":[{"embeddable":true,"href":"https:\/\/revistahubclub.com.br\/portal\/wp-json\/wp\/v2\/comments?post=5628"}],"version-history":[{"count":1,"href":"https:\/\/revistahubclub.com.br\/portal\/wp-json\/wp\/v2\/posts\/5628\/revisions"}],"predecessor-version":[{"id":5632,"href":"https:\/\/revistahubclub.com.br\/portal\/wp-json\/wp\/v2\/posts\/5628\/revisions\/5632"}],"wp:featuredmedia":[{"embeddable":true,"href":"https:\/\/revistahubclub.com.br\/portal\/wp-json\/wp\/v2\/media\/5629"}],"wp:attachment":[{"href":"https:\/\/revistahubclub.com.br\/portal\/wp-json\/wp\/v2\/media?parent=5628"}],"wp:term":[{"taxonomy":"category","embeddable":true,"href":"https:\/\/revistahubclub.com.br\/portal\/wp-json\/wp\/v2\/categories?post=5628"},{"taxonomy":"post_tag","embeddable":true,"href":"https:\/\/revistahubclub.com.br\/portal\/wp-json\/wp\/v2\/tags?post=5628"}],"curies":[{"name":"wp","href":"https:\/\/api.w.org\/{rel}","templated":true}]}}