{"id":5637,"date":"2022-11-14T21:11:00","date_gmt":"2022-11-15T00:11:00","guid":{"rendered":"https:\/\/revistahubclub.com.br\/portal\/?p=5637"},"modified":"2024-12-18T21:11:54","modified_gmt":"2024-12-19T00:11:54","slug":"criancas-e-jovens-de-uberlandia-tornam-se-compositores","status":"publish","type":"post","link":"https:\/\/revistahubclub.com.br\/portal\/2022\/11\/14\/criancas-e-jovens-de-uberlandia-tornam-se-compositores\/","title":{"rendered":"Crian\u00e7as e jovens de Uberl\u00e2ndia tornam-se compositores"},"content":{"rendered":"\n<p id=\"viewer-foo\"><em>Saraus Dedo de Verso acontecem dias 16 e 29\/11 com entrada franca!<\/em><\/p>\n\n\n\n<p id=\"viewer-fm4sj\">*Por Ciclo Assessoria<\/p>\n\n\n\n<p id=\"viewer-esr12\"><em>( Imagem de Divulga\u00e7\u00e3o: Participantes do Projeto Dedo de Verso com Enzo Banzo )<\/em><\/p>\n\n\n\n<p id=\"viewer-82jn0\">Mais 100 crian\u00e7as e adolescentes de Uberl\u00e2ndia est\u00e3o tendo neste ano a oportunidade de<\/p>\n\n\n\n<p id=\"viewer-bbakp\">participar do projeto social e cultural de cria\u00e7\u00e3o liter\u00e1ria \u201cDedo de Verso\u201d, que comp\u00f5e o Programa Transforma e \u00e9 viabilizado com apoio do Instituto Algar. Esta \u00e9 a quarta edi\u00e7\u00e3o do projeto que atende gratuitamente crian\u00e7as e adolescentes de bairros perif\u00e9ricos da cidade.<\/p>\n\n\n\n<p id=\"viewer-5rm1v\">Durante as oficinas semanais que acontecem em institui\u00e7\u00f5es parceiras, como: Lar Esp\u00edrita Maria Lobato de Freitas (bairro Laranjeiras), ABC do Gl\u00f3ria (bairro S\u00e3o Jorge) e Comunidade Casa Tubalina (bairro Tubalina), os alunos tiveram a oportunidade de vivenciar o uso da palavra de variadas formas.<\/p>\n\n\n\n<blockquote class=\"wp-block-quote is-layout-flow wp-block-quote-is-layout-flow\">\n<p>\u201cTra\u00e7amos um percurso que teve a brincadeira como o principal fio condutor do processo e, a partir dela, os meninos e meninas puderam explorar elementos musicais, c\u00eanicos, visuais e po\u00e9ticos, para desenvolverem coletivamente narrativas, poemas e can\u00e7\u00f5es que os permitem expressar suas vis\u00f5es de mundo, tornando-os, assim, criadores e compositores\u201d, explica a arte-educadora do projeto, Maaruade.<\/p>\n<\/blockquote>\n\n\n\n<p id=\"viewer-5n3qf\">Ao longo do processo de forma\u00e7\u00e3o, os alunos tamb\u00e9m aprofundaram temas e t\u00e9cnicas em<\/p>\n\n\n\n<p id=\"viewer-90cen\">workshops com escritores locais e com o pr\u00f3prio idealizador do projeto, o escritor e m\u00fasico, Enzo Banzo.<\/p>\n\n\n\n<blockquote class=\"wp-block-quote is-layout-flow wp-block-quote-is-layout-flow\">\n<p>\u201cQueremos mostrar para eles que a Literatura \u00e9 uma linguagem art\u00edstica universal que pode ser exercida por todos\u201d, enfatiza Banzo.<\/p>\n<\/blockquote>\n\n\n\n<p id=\"viewer-8sh4p\"><strong>Est\u00e3o todos convidados!<\/strong><\/p>\n\n\n\n<p id=\"viewer-9fu4f\">Chegou, ent\u00e3o, a hora desta centena de crian\u00e7as e adolescentes mostrarem para o mundo toda criatividade e talento lapidados durante o ano. Nos dias 16 e 29 de novembro, eles ter\u00e3o a oportunidade de subirem ao palco e expressarem suas verdades atrav\u00e9s de textos, cenas e can\u00e7\u00f5es elaboradas coletivamente.<\/p>\n\n\n\n<p id=\"viewer-38tc0\"><em>\u201cA palavra ser\u00e1 cantada e encenada, em temas, como: circo, bruxas e fantasmas, cotidiano, comida, animais, c\u00e9u, pipa e muita aventura, atrav\u00e9s de rimas, figuras de linguagem, conta\u00e7\u00e3o de hist\u00f3rias e sonhos. Eles desenvolveram a criatividade, disseram o que os interessa e experienciaram o potencial transformador destas oficinas. Agora, \u00e9 hora de apresentar o resultado para todos e, em especial, em um espa\u00e7o cultural central, como o Cineteatro Nininha Rocha, muitas vezes distante da realidade cotidiana da maioria dos participantes\u201d, comenta Maaruade.<\/em><\/p>\n\n\n\n<p id=\"viewer-46bj7\">Est\u00eanio Eduardo (16 anos) \u00e9 aluno do projeto e fala sobre sua emo\u00e7\u00e3o. \u201cMeu sonho era estar em um palco e agora vou realiz\u00e1-lo. Eu amo o teatro, a m\u00fasica e poder participar deste projeto est\u00e1 me dando a chance de lapidar meu talento e mostr\u00e1-lo para as pessoas\u201d, disse.<\/p>\n\n\n\n<p id=\"viewer-f8il3\"><strong>Agende-se:<\/strong><\/p>\n\n\n\n<p id=\"viewer-d0srd\">16\/11 \u00e0s 19h &#8211; Cineteatro Nininha Rocha. Gratuito com retirada de ingresso a partir de 18h.<\/p>\n\n\n\n<p id=\"viewer-d72e3\">Limite de toler\u00e2ncia para entrada permitida at\u00e9 19h15.<\/p>\n\n\n\n<p id=\"viewer-8hog1\">29\/11 \u2013 14h &#8211; CEU Shopping Park.<\/p>\n\n\n\n<p id=\"viewer-166iq\"><strong>Mais sobre o Dedo de Verso, acesse:<\/strong> @dedodeverso no Instagram e YouTube<\/p>\n\n\n\n<p id=\"viewer-7upnn\">Em sua 4\u00aa edi\u00e7\u00e3o, Dedo de Verso consolida-se como um importante projeto social e cultural em Uberl\u00e2ndia (MG), pelo escopo diferenciado e resultados positivos. Em sua 1\u00aa edi\u00e7\u00e3o (2017),<\/p>\n\n\n\n<p id=\"viewer-91ars\">ofereceu oficinas para alunos de escolas p\u00fablicas que resultaram em apresenta\u00e7\u00f5es em formato de sarau. Na 2\u00aa edi\u00e7\u00e3o (2020), produziu, de forma online durante a pandemia, os conte\u00fados de seu 1\u00ba \u00e1lbum, dispon\u00edvel gratuitamente nas plataformas digitais de streaming.<\/p>\n\n\n\n<p id=\"viewer-dfge5\">Na 3\u00aa edi\u00e7\u00e3o (2021), os participantes tamb\u00e9m produziram can\u00e7\u00f5es de forma online. As grava\u00e7\u00f5es est\u00e3o em fase de finaliza\u00e7\u00e3o, e contam com participa\u00e7\u00f5es do Grupo EMCANTAR, Luiz Salgado, Kain\u00e3 Bragiola, al\u00e9m do pr\u00f3prio Enzo Banzo.<\/p>\n\n\n\n<p id=\"viewer-2rvv0\">J\u00e1 nesta 4\u00aa edi\u00e7\u00e3o (2022), o projeto retomou o formato presencial de oficinas expandindo sua atua\u00e7\u00e3o para tr\u00eas institui\u00e7\u00f5es parceiras &#8211; Lar Esp\u00edrita Maria Lobato de Freitas (bairro Laranjeiras), ABC do Gl\u00f3ria (bairro S\u00e3o Jorge) e Comunidade Casa Tubalina (bairro Tubalina), totalizando crian\u00e7as e jovens atendidos pelo projeto ao longo dos anos. Os resultados desta edi\u00e7\u00e3o ser\u00e3o conferidos em breve nos saraus em divulga\u00e7\u00e3o, e posteriormente na publica\u00e7\u00e3o<\/p>\n\n\n\n<p id=\"viewer-aqa3o\">de can\u00e7\u00f5es em 2023.<\/p>\n\n\n\n<p id=\"viewer-dr8q3\">O projeto Dedo de Verso (4\u00aa edi\u00e7\u00e3o) \u00e9 realizado pelo m\u00fasico e compositor Enzo Banzo em parceria com Programa Transforma e patrocinado pelo Instituto Algar, por meio da Lei Estadual de Incentivo \u00e0 Cultura de Minas Gerais e Governo de Minas, CA 2018.13605.0138.<\/p>\n\n\n\n<p id=\"viewer-dfqo5\">Sobre o Instituto Algar H\u00e1 duas d\u00e9cadas, o Instituto Algar se dedica a contribuir com o desenvolvimento de pessoas.<\/p>\n\n\n\n<p id=\"viewer-8uhg2\">De forma colaborativa, unimos esfor\u00e7os e institui\u00e7\u00f5es para desenvolver a comunidade, por meio da educa\u00e7\u00e3o, do esporte, da cultura e do voluntariado.&nbsp; Enxergar o potencial de cada crian\u00e7a, adolescente e jovem dos nossos programas sociais \u00e9 o que nos inspira. Nessa trajet\u00f3ria, mais de meio milh\u00e3o de vidas j\u00e1 foram transformadas. Instituto Algar. H\u00e1 20 anos conectando pessoas \u00e0s oportunidades.<\/p>\n\n\n\n<figure class=\"wp-block-image\"><img loading=\"lazy\" decoding=\"async\" width=\"740\" height=\"925\" src=\"https:\/\/revistahubclub.com.br\/portal\/wp-content\/uploads\/2024\/12\/cf07ad_8aff8e681c0f4f11b2b16b9d4bbcd283mv2.jpg\" alt=\"\" class=\"wp-image-5639\" srcset=\"https:\/\/revistahubclub.com.br\/portal\/wp-content\/uploads\/2024\/12\/cf07ad_8aff8e681c0f4f11b2b16b9d4bbcd283mv2.jpg 740w, https:\/\/revistahubclub.com.br\/portal\/wp-content\/uploads\/2024\/12\/cf07ad_8aff8e681c0f4f11b2b16b9d4bbcd283mv2-240x300.jpg 240w\" sizes=\"auto, (max-width: 740px) 100vw, 740px\" \/><\/figure>\n","protected":false},"excerpt":{"rendered":"<p>Saraus Dedo de Verso acontecem dias 16 e 29\/11 com entrada franca! *Por Ciclo Assessoria ( Imagem de Divulga\u00e7\u00e3o: Participantes do Projeto Dedo de Verso com Enzo Banzo ) Mais<\/p>\n","protected":false},"author":1,"featured_media":5638,"comment_status":"open","ping_status":"open","sticky":false,"template":"","format":"standard","meta":{"footnotes":""},"categories":[1],"tags":[],"class_list":["post-5637","post","type-post","status-publish","format-standard","has-post-thumbnail","hentry","category-noticias"],"_links":{"self":[{"href":"https:\/\/revistahubclub.com.br\/portal\/wp-json\/wp\/v2\/posts\/5637","targetHints":{"allow":["GET"]}}],"collection":[{"href":"https:\/\/revistahubclub.com.br\/portal\/wp-json\/wp\/v2\/posts"}],"about":[{"href":"https:\/\/revistahubclub.com.br\/portal\/wp-json\/wp\/v2\/types\/post"}],"author":[{"embeddable":true,"href":"https:\/\/revistahubclub.com.br\/portal\/wp-json\/wp\/v2\/users\/1"}],"replies":[{"embeddable":true,"href":"https:\/\/revistahubclub.com.br\/portal\/wp-json\/wp\/v2\/comments?post=5637"}],"version-history":[{"count":1,"href":"https:\/\/revistahubclub.com.br\/portal\/wp-json\/wp\/v2\/posts\/5637\/revisions"}],"predecessor-version":[{"id":5640,"href":"https:\/\/revistahubclub.com.br\/portal\/wp-json\/wp\/v2\/posts\/5637\/revisions\/5640"}],"wp:featuredmedia":[{"embeddable":true,"href":"https:\/\/revistahubclub.com.br\/portal\/wp-json\/wp\/v2\/media\/5638"}],"wp:attachment":[{"href":"https:\/\/revistahubclub.com.br\/portal\/wp-json\/wp\/v2\/media?parent=5637"}],"wp:term":[{"taxonomy":"category","embeddable":true,"href":"https:\/\/revistahubclub.com.br\/portal\/wp-json\/wp\/v2\/categories?post=5637"},{"taxonomy":"post_tag","embeddable":true,"href":"https:\/\/revistahubclub.com.br\/portal\/wp-json\/wp\/v2\/tags?post=5637"}],"curies":[{"name":"wp","href":"https:\/\/api.w.org\/{rel}","templated":true}]}}